{"id":5640,"date":"2025-11-10T22:21:45","date_gmt":"2025-11-10T22:21:45","guid":{"rendered":"https:\/\/friburgonoticias.com.br\/temp\/2025\/11\/10\/audiencia-na-alerj-vai-discutir-taxa-de-turismo-em-angra-dos-reis-entrar-em-ilha-grande-pode-custar-r-95\/"},"modified":"2025-11-10T22:21:45","modified_gmt":"2025-11-10T22:21:45","slug":"audiencia-na-alerj-vai-discutir-taxa-de-turismo-em-angra-dos-reis-entrar-em-ilha-grande-pode-custar-r-95","status":"publish","type":"post","link":"https:\/\/friburgonoticias.com.br\/temp\/2025\/11\/10\/audiencia-na-alerj-vai-discutir-taxa-de-turismo-em-angra-dos-reis-entrar-em-ilha-grande-pode-custar-r-95\/","title":{"rendered":"Audi\u00eancia na Alerj vai discutir taxa de turismo em Angra dos Reis; entrar em Ilha Grande pode custar R$ 95"},"content":{"rendered":"<p><\/p>\n<div itemprop=\"articleBody\">\nA Assembleia do Rio (Alerj) discute, nesta ter\u00e7a-feira (11), a \u201ctaxa de turismo sustent\u00e1vel\u201d criada pela <a href=\"https:\/\/temporealrj.com\/chuvas-e-ventania-causam-transtornos-na-costa-verde-5-casas-foram-atingidas-por-quedas-de-arvores\/\">Prefeitura de Angra dos Reis<\/a>. O debate, convocado pelo deputado Marcelo Dino (Uni\u00e3o), presidente da Comiss\u00e3o de Defesa do Meio Ambiente, vai abordar os impactos da cobran\u00e7a de R$ 95 por visitante para entrada em Ilha Grande.<\/p>\n<p>A Associa\u00e7\u00e3o dos Meios de Hospedagem da Ilha Grande (AMHIG) participar\u00e1 do debate e afirma que o valor pode afastar turistas e encarecer viagens em fam\u00edlia. Um estudo t\u00e9cnico da pr\u00f3pria prefeitura havia sugerido uma taxa de R$ 2,70, voltada apenas a um fundo de preserva\u00e7\u00e3o ambiental, n\u00e3o ao caixa geral do munic\u00edpio.<\/p>\n<p>A lei aprovada tamb\u00e9m prev\u00ea o pagamento de R$ 47,50 para quem visita o continente, com acr\u00e9scimo di\u00e1rio de R$ 4,75. A cobran\u00e7a come\u00e7a a valer em janeiro de 2026, com desconto de 50% no primeiro ano.<\/p>\n<h2 class=\"wp-block-heading\">Deputados acionam a Justi\u00e7a contra taxa de turismo<\/h2>\n<p>O tema tamb\u00e9m chegou \u00e0 Justi\u00e7a: o deputado Professor Josemar (Psol) entrou com a\u00e7\u00e3o popular e representa\u00e7\u00e3o no Minist\u00e9rio P\u00fablico (MP) contra a taxa. Segundo o parlamentar, os valores s\u00e3o \u201cexorbitantes\u201d e podem restringir o acesso de turistas, al\u00e9m de afetar negativamente a economia do munic\u00edpio.<\/p>\n<p>\u201cN\u00e3o \u00e9 admiss\u00edvel que todos que visitam a cidade sejam obrigados a pagar essa taxa, que elitiza o acesso a Angra e inviabiliza diversas atividades comerciais, como o day use. O turismo precisa ser sustent\u00e1vel e acess\u00edvel, n\u00e3o um privil\u00e9gio restrito a quem pode pagar\u201d, afirmou Josemar.<\/p>\n<p>Marcelo Dino tamb\u00e9m havia acionado o MP para questionar a legalidade da taxa e seus impactos sobre o turismo local. Ele argumentou que a cobran\u00e7a carece de amplo debate com a sociedade civil e o setor produtivo, al\u00e9m de poder ser inconstitucional por criar uma barreira econ\u00f4mica ao acesso \u00e0 cidade.\n<\/p><\/div>\n<p><\/a><\/p>\n<p>Fonte: temporealrj.com<\/p>\n","protected":false},"excerpt":{"rendered":"<p>A Assembleia do Rio (Alerj) discute, nesta ter\u00e7a-feira (11), a \u201ctaxa de turismo sustent\u00e1vel\u201d criada pela Prefeitura de Angra dos Reis. O debate, convocado pelo deputado Marcelo Dino (Uni\u00e3o), presidente da Comiss\u00e3o de Defesa do Meio Ambiente, vai abordar os impactos da cobran\u00e7a de R$ 95 por visitante para entrada em Ilha Grande. A Associa\u00e7\u00e3o [&hellip;]<\/p>\n","protected":false},"author":3,"featured_media":5641,"comment_status":"open","ping_status":"open","sticky":false,"template":"","format":"standard","meta":{"advanced_seo_description":"","jetpack_seo_html_title":"","jetpack_seo_noindex":false,"fifu_image_url":"https:\/\/temporealrj.com\/wp-content\/uploads\/2025\/11\/visite-as-maravilhas-de-angra-dos-reis-e1762808969722.jpg","fifu_image_alt":"","_jetpack_memberships_contains_paid_content":false,"footnotes":"","jetpack_publicize_message":"","jetpack_publicize_feature_enabled":true,"jetpack_social_post_already_shared":true,"jetpack_social_options":{"image_generator_settings":{"template":"highway","default_image_id":0,"font":"","enabled":false},"version":2}},"categories":[107],"tags":[],"class_list":{"0":"post-5640","1":"post","2":"type-post","3":"status-publish","4":"format-standard","5":"has-post-thumbnail","7":"category-economia"},"jetpack_publicize_connections":[],"jetpack_featured_media_url":"https:\/\/i0.wp.com\/temporealrj.com\/wp-content\/uploads\/2025\/11\/visite-as-maravilhas-de-angra-dos-reis-e1762808969722.jpg?fit=%2C&ssl=1","jetpack_sharing_enabled":true,"jetpack-related-posts":[],"_links":{"self":[{"href":"https:\/\/friburgonoticias.com.br\/temp\/wp-json\/wp\/v2\/posts\/5640","targetHints":{"allow":["GET"]}}],"collection":[{"href":"https:\/\/friburgonoticias.com.br\/temp\/wp-json\/wp\/v2\/posts"}],"about":[{"href":"https:\/\/friburgonoticias.com.br\/temp\/wp-json\/wp\/v2\/types\/post"}],"author":[{"embeddable":true,"href":"https:\/\/friburgonoticias.com.br\/temp\/wp-json\/wp\/v2\/users\/3"}],"replies":[{"embeddable":true,"href":"https:\/\/friburgonoticias.com.br\/temp\/wp-json\/wp\/v2\/comments?post=5640"}],"version-history":[{"count":0,"href":"https:\/\/friburgonoticias.com.br\/temp\/wp-json\/wp\/v2\/posts\/5640\/revisions"}],"wp:featuredmedia":[{"embeddable":true,"href":"https:\/\/friburgonoticias.com.br\/temp\/wp-json\/wp\/v2\/media\/5641"}],"wp:attachment":[{"href":"https:\/\/friburgonoticias.com.br\/temp\/wp-json\/wp\/v2\/media?parent=5640"}],"wp:term":[{"taxonomy":"category","embeddable":true,"href":"https:\/\/friburgonoticias.com.br\/temp\/wp-json\/wp\/v2\/categories?post=5640"},{"taxonomy":"post_tag","embeddable":true,"href":"https:\/\/friburgonoticias.com.br\/temp\/wp-json\/wp\/v2\/tags?post=5640"}],"curies":[{"name":"wp","href":"https:\/\/api.w.org\/{rel}","templated":true}]}}