{"id":5688,"date":"2025-11-12T17:55:51","date_gmt":"2025-11-12T17:55:51","guid":{"rendered":"https:\/\/friburgonoticias.com.br\/temp\/2025\/11\/12\/comissao-aprova-salas-inclusivas-para-pessoas-com-deficiencia-em-locais-de-grande-circulacao-noticias\/"},"modified":"2025-11-12T17:55:51","modified_gmt":"2025-11-12T17:55:51","slug":"comissao-aprova-salas-inclusivas-para-pessoas-com-deficiencia-em-locais-de-grande-circulacao-noticias","status":"publish","type":"post","link":"https:\/\/friburgonoticias.com.br\/temp\/2025\/11\/12\/comissao-aprova-salas-inclusivas-para-pessoas-com-deficiencia-em-locais-de-grande-circulacao-noticias\/","title":{"rendered":"Comiss\u00e3o aprova salas inclusivas para pessoas com defici\u00eancia em locais de grande circula\u00e7\u00e3o &#8211; Not\u00edcias"},"content":{"rendered":"<p><\/p>\n<div>\n<p class=\"g-artigo__data-hora\">\n                      12\/11\/2025 &#8211; 14:41 \u00a0\n                    <\/p>\n<div id=\"image-container-1222590\" class=\"image-container\" style=\"float: none; margin: 45px 0px; width: 100%;\" data-midia=\"1222590\">\n        <em>Kayo Magalh\u00e3es \/ C\u00e2mara dos Deputados<\/em><\/p>\n<p>        Deputado Z\u00e9 Haroldo Cathedral, relator\n        <\/p><\/div>\n<p>        A Comiss\u00e3o de Defesa dos Direitos da Pessoa com Defici\u00eancia da C\u00e2mara dos Deputados aprovou projeto de lei que cria espa\u00e7os ou salas multissensoriais em ambientes com grande fluxo e perman\u00eancia de pessoas, como aeroportos, est\u00e1dios, centros comerciais e institui\u00e7\u00f5es de ensino.<br \/>\n        O objetivo \u00e9 oferecer acolhimento e suporte adequado \u00e0s pessoas com defici\u00eancia e a outros indiv\u00edduos com hipersensibilidade ou hipossensibilidade sensorial.<br \/>\n        Por recomenda\u00e7\u00e3o do relator na comiss\u00e3o, deputado Z\u00e9 Haroldo Cathedral (PSD-RR), foi aprovado o <span id=\"4098\" class=\"termoGlossario\" title=\"Nome que se d\u00e1 ao texto que altera substancialmente o conte\u00fado original da proposta. O substitutivo \u00e9 apresentado pelo relator e tem prefer\u00eancia na vota\u00e7\u00e3o sobre o projeto original.\" contenteditable=\"false\" data-toggle=\"tooltip\" data-placement=\"top\">substitutivo<\/span> da Comiss\u00e3o de Desenvolvimento Urbano para o Projeto de Lei 1471\/25, da deputada S\u00e2mia Bomfim (Psol-SP).<br \/>\n        O projeto original previa a instala\u00e7\u00e3o obrigat\u00f3ria de espa\u00e7os multissensoriais para o atendimento de pessoas com transtorno do espectro autista (TEA). O texto substitutivo ampliou a proposta para abranger todas as pessoas com defici\u00eancia e demais indiv\u00edduos com hipersensibilidade ou hipossensibilidade sensorial.<br \/>\n        Esta categoria inclui pessoas com dificuldades de autorregula\u00e7\u00e3o ou condi\u00e7\u00f5es neurol\u00f3gicas que impactam a forma como reagem a luzes, sons, texturas e cheiros, por exemplo.<br \/>\n        A amplia\u00e7\u00e3o foi considerada acertada por Z\u00e9 Haroldo Cathedral, por evitar qualquer poss\u00edvel segrega\u00e7\u00e3o. Ele lembrou que as salas s\u00e3o \u00fateis para todos que apresentam dificuldades de autorregula\u00e7\u00e3o, como pessoas com defici\u00eancia intelectual, visual e auditiva. \u201cA proposi\u00e7\u00e3o assegura maior autonomia, acessibilidade e inclus\u00e3o em ambientes que, anteriormente, muitas pessoas com defici\u00eancia n\u00e3o conseguiam frequentar.\u201d<br \/>\n        <strong>Inclus\u00e3o<\/strong><br \/>Os locais de grande circula\u00e7\u00e3o, definidos como ambientes p\u00fablicos e privados com elevado fluxo e perman\u00eancia de pessoas, dever\u00e3o seguir diretrizes a serem definidas pelo governo federal para a implanta\u00e7\u00e3o e funcionamento dos espa\u00e7os multissensoriais.<br \/>\n        Esses espa\u00e7os s\u00e3o definidos na proposta como ambientes acolhedores e controlados, equipados para auxiliar na redu\u00e7\u00e3o de est\u00edmulos externos e na promo\u00e7\u00e3o da regula\u00e7\u00e3o sensorial.<br \/>\n        Eles dever\u00e3o conter no m\u00ednimo:<\/p>\n<ul>\n<li>ilumina\u00e7\u00e3o e sonoriza\u00e7\u00e3o ajust\u00e1veis;<\/li>\n<li>mobili\u00e1rio adequado para conforto e seguran\u00e7a dos usu\u00e1rios;<\/li>\n<li>equipamentos de estimula\u00e7\u00e3o sensorial e recursos de regula\u00e7\u00e3o; e<\/li>\n<li>sinaliza\u00e7\u00e3o acess\u00edvel e inclusiva.<\/li>\n<\/ul>\n<p>        O descumprimento da lei acarretar\u00e1 san\u00e7\u00f5es administrativas, a serem definidas em regulamento, observando-se a grada\u00e7\u00e3o entre advert\u00eancia, multa proporcional ao porte do estabelecimento e interdi\u00e7\u00e3o tempor\u00e1ria em casos reincidentes.<br \/>\n        Os valores arrecadados por meio das multas aplicadas ser\u00e3o destinados \u00e0 manuten\u00e7\u00e3o dos pr\u00f3prios espa\u00e7os multissensoriais.<br \/>\n        <strong>Pr\u00f3ximos passos<\/strong><br \/>O projeto ainda ser\u00e1 analisado pela Comiss\u00e3o de Constitui\u00e7\u00e3o e Justi\u00e7a e de Cidadania, em <span id=\"4322\" class=\"termoGlossario\" title=\"Rito de tramita\u00e7\u00e3o pelo qual o projeto \u00e9 votado apenas pelas comiss\u00f5es designadas para analis\u00e1-lo, dispensada a delibera\u00e7\u00e3o do Plen\u00e1rio. O projeto perde o car\u00e1ter conclusivo se houver decis\u00e3o divergente entre as comiss\u00f5es ou se, independentemente de ser aprovado ou rejeitado, houver recurso assinado por 52 deputados para a aprecia\u00e7\u00e3o da mat\u00e9ria no Plen\u00e1rio.\" contenteditable=\"false\" data-toggle=\"tooltip\" data-placement=\"top\">car\u00e1ter conclusivo<\/span>. Para virar lei, precisa ser aprovado pela C\u00e2mara e pelo Senado.<\/p>\n<p style=\"font-size: 0.8rem; font-weight: 700;\">Reportagem \u2013 No\u00e9li Nobre<br \/>Edi\u00e7\u00e3o \u2013 Roberto Seabra<\/p>\n<\/p><\/div>\n<p><\/a><\/p>\n<p>Fonte: www.camara.leg.br<\/p>\n","protected":false},"excerpt":{"rendered":"<p>12\/11\/2025 &#8211; 14:41 \u00a0 Kayo Magalh\u00e3es \/ C\u00e2mara dos Deputados Deputado Z\u00e9 Haroldo Cathedral, relator A Comiss\u00e3o de Defesa dos Direitos da Pessoa com Defici\u00eancia da C\u00e2mara dos Deputados aprovou projeto de lei que cria espa\u00e7os ou salas multissensoriais em ambientes com grande fluxo e perman\u00eancia de pessoas, como aeroportos, est\u00e1dios, centros comerciais e institui\u00e7\u00f5es [&hellip;]<\/p>\n","protected":false},"author":3,"featured_media":5689,"comment_status":"open","ping_status":"open","sticky":false,"template":"","format":"standard","meta":{"advanced_seo_description":"","jetpack_seo_html_title":"","jetpack_seo_noindex":false,"fifu_image_url":"https:\/\/www.camara.leg.br\/midias\/image\/2025\/11\/img20250521161231628-2-768x473.jpg","fifu_image_alt":"","_jetpack_memberships_contains_paid_content":false,"footnotes":"","jetpack_publicize_message":"","jetpack_publicize_feature_enabled":true,"jetpack_social_post_already_shared":true,"jetpack_social_options":{"image_generator_settings":{"template":"highway","default_image_id":0,"font":"","enabled":false},"version":2}},"categories":[106,1],"tags":[],"class_list":{"0":"post-5688","1":"post","2":"type-post","3":"status-publish","4":"format-standard","5":"has-post-thumbnail","7":"category-politica","8":"category-uncategorized"},"jetpack_publicize_connections":[],"jetpack_featured_media_url":"https:\/\/i0.wp.com\/www.camara.leg.br\/midias\/image\/2025\/11\/img20250521161231628-2-768x473.jpg?fit=%2C&ssl=1","jetpack_sharing_enabled":true,"jetpack-related-posts":[],"_links":{"self":[{"href":"https:\/\/friburgonoticias.com.br\/temp\/wp-json\/wp\/v2\/posts\/5688","targetHints":{"allow":["GET"]}}],"collection":[{"href":"https:\/\/friburgonoticias.com.br\/temp\/wp-json\/wp\/v2\/posts"}],"about":[{"href":"https:\/\/friburgonoticias.com.br\/temp\/wp-json\/wp\/v2\/types\/post"}],"author":[{"embeddable":true,"href":"https:\/\/friburgonoticias.com.br\/temp\/wp-json\/wp\/v2\/users\/3"}],"replies":[{"embeddable":true,"href":"https:\/\/friburgonoticias.com.br\/temp\/wp-json\/wp\/v2\/comments?post=5688"}],"version-history":[{"count":0,"href":"https:\/\/friburgonoticias.com.br\/temp\/wp-json\/wp\/v2\/posts\/5688\/revisions"}],"wp:featuredmedia":[{"embeddable":true,"href":"https:\/\/friburgonoticias.com.br\/temp\/wp-json\/wp\/v2\/media\/5689"}],"wp:attachment":[{"href":"https:\/\/friburgonoticias.com.br\/temp\/wp-json\/wp\/v2\/media?parent=5688"}],"wp:term":[{"taxonomy":"category","embeddable":true,"href":"https:\/\/friburgonoticias.com.br\/temp\/wp-json\/wp\/v2\/categories?post=5688"},{"taxonomy":"post_tag","embeddable":true,"href":"https:\/\/friburgonoticias.com.br\/temp\/wp-json\/wp\/v2\/tags?post=5688"}],"curies":[{"name":"wp","href":"https:\/\/api.w.org\/{rel}","templated":true}]}}