{"id":5714,"date":"2025-11-13T17:27:02","date_gmt":"2025-11-13T17:27:02","guid":{"rendered":"https:\/\/friburgonoticias.com.br\/temp\/2025\/11\/13\/arco-iris-ao-redor-do-sol-halo-solar-chama-a-atencao-em-nova-friburgo\/"},"modified":"2025-11-13T17:27:02","modified_gmt":"2025-11-13T17:27:02","slug":"arco-iris-ao-redor-do-sol-halo-solar-chama-a-atencao-em-nova-friburgo","status":"publish","type":"post","link":"https:\/\/friburgonoticias.com.br\/temp\/2025\/11\/13\/arco-iris-ao-redor-do-sol-halo-solar-chama-a-atencao-em-nova-friburgo\/","title":{"rendered":"Arco-\u00edris ao redor do Sol? Halo solar chama a aten\u00e7\u00e3o em Nova Friburgo"},"content":{"rendered":"<p><\/p>\n<div id=\"post-57781\">\n<div class=\"post-header post-tp-13-header\">\n<div class=\"single-featured\">\n<img loading=\"lazy\" decoding=\"async\" data-lazyloaded=\"1\" src=\"https:\/\/www.serranewsrj.com.br\/wp-content\/uploads\/2025\/11\/halo-solar-1130x580.png\" width=\"1130\" height=\"580\" alt=\"Arco-\u00edris ao redor do Sol? Halo solar chama a aten\u00e7\u00e3o em Nova Friburgo\"\/>                                          <span class=\"image-credit\">Imagens enviadas por leitores.<\/span><\/div>\n<\/div>\n<div class=\"entry-content clearfix single-post-content\">\n<p style=\"text-align: justify;\" data-start=\"79\" data-end=\"403\">Um halo solar chamou a aten\u00e7\u00e3o dos moradores de <a href=\"https:\/\/www.serranewsrj.com.br\/noticias\/regiao-serrana\/nova-friburgo\">Nova Friburgo<\/a> na manh\u00e3 de quinta-feira (13\/11). O fen\u00f4meno \u00f3ptico, que forma um anel colorido em torno do Sol, p\u00f4de ser observado em diferentes pontos da cidade e rapidamente ganhou destaque nas redes sociais, com diversos registros do espet\u00e1culo natural.<\/p>\n<div class=\"mkulr mkulr-post-inline mkulr-float-center mkulr-align-center mkulr-column-1 mkulr-clearfix no-bg-box-model\">\n<div id=\"mkulr-56737-530752780\" class=\"mkulr-container mkulr-type-image\" itemscope=\"\" itemtype=\"https:\/\/schema.org\/WPAdBlock\" data-adid=\"56737\" data-type=\"image\"><a itemprop=\"url\" class=\"mkulr-link\" href=\"https:\/\/www.instagram.com\/euclidesemfoco?utm_source=ig_web_button_share_sheet&amp;igsh=ZDNlZDc0MzIxNw==\" target=\"_blank\" rel=\"nofollow\"><img loading=\"lazy\" decoding=\"async\" data-lazyloaded=\"1\" width=\"1200\" height=\"300\" class=\"mkulr-image\" src=\"https:\/\/www.serranewsrj.com.br\/wp-content\/uploads\/2025\/10\/BannerHomePage-ezgif.com-png-to-webp-converter-1.webp\" alt=\"Euclides em Foco \u2013 Outubro (1200\u00d7400 pxl) WebP\"\/><\/a><\/div>\n<\/div>\n<h2 style=\"text-align: justify;\" data-start=\"405\" data-end=\"711\"><strong>Arco-\u00edris ao redor do Sol?<\/strong><\/h2>\n<p style=\"text-align: justify;\" data-start=\"405\" data-end=\"711\">O halo solar ocorre quando a luz do Sol \u00e9 refratada por cristais de gelo presentes em nuvens do tipo cirrostratus, localizadas em altas altitudes. A refra\u00e7\u00e3o da luz gera o efeito de um arco-\u00edris solar, um c\u00edrculo luminoso que impressiona pela perfei\u00e7\u00e3o geom\u00e9trica e pelas cores vibrantes.<\/p>\n<p style=\"text-align: justify;\" data-start=\"713\" data-end=\"969\">De acordo com especialistas em meteorologia, o fen\u00f4meno pode estar associado \u00e0 aproxima\u00e7\u00e3o de frentes frias, j\u00e1 que as nuvens que o originam costumam anteceder mudan\u00e7as no tempo. No entanto, o aparecimento do halo n\u00e3o \u00e9 um indicativo direto de chuva.<\/p>\n<div class=\"mkulr mkulr-post-inline mkulr-float-center mkulr-align-center mkulr-column-1 mkulr-clearfix no-bg-box-model\">\n<div id=\"mkulr-49250-504905003\" class=\"mkulr-container mkulr-type-image\" itemscope=\"\" itemtype=\"https:\/\/schema.org\/WPAdBlock\" data-adid=\"49250\" data-type=\"image\"><a itemprop=\"url\" class=\"mkulr-link\" href=\"https:\/\/www.evosolar.com.br\/simuladorsolarrj\" target=\"_blank\" rel=\"nofollow\"><img loading=\"lazy\" decoding=\"async\" data-lazyloaded=\"1\" width=\"2560\" height=\"520\" class=\"mkulr-image\" src=\"https:\/\/www.serranewsrj.com.br\/wp-content\/uploads\/2025\/05\/BannerdositedaSerraNews1230x250px-ezgif.com-png-to-webp-converter-1-scaled.webp\" alt=\"Evosolar (Maio) WebP \u2013 1230 x 250 px\"\/><\/a><\/div>\n<\/div>\n<p style=\"text-align: justify;\" data-start=\"971\" data-end=\"1148\">O registro do fen\u00f4meno tamb\u00e9m foi relatado em outras cidades do estado, mas em <a href=\"https:\/\/www.serranewsrj.com.br\/noticias\/regiao-serrana\/nova-friburgo\">Nova Friburgo<\/a> o halo solar ganhou destaque pela intensidade das cores e pela nitidez do c\u00edrculo.<\/p>\n<p style=\"text-align: justify;\" data-start=\"1150\" data-end=\"1351\">Raro e de curta dura\u00e7\u00e3o, o halo solar \u00e9 considerado um dos fen\u00f4menos atmosf\u00e9ricos mais belos e intrigantes, despertando o interesse de estudiosos e o encantamento de quem tem a sorte de presenci\u00e1-lo.<\/p>\n<div class=\"mkulr mkulr-post-inline mkulr-float-center mkulr-align-center mkulr-column-1 mkulr-clearfix no-bg-box-model\">\n<div id=\"mkulr-52933-330230455\" class=\"mkulr-container mkulr-type-image\" itemscope=\"\" itemtype=\"https:\/\/schema.org\/WPAdBlock\" data-adid=\"52933\" data-type=\"image\"><a itemprop=\"url\" class=\"mkulr-link\" href=\"https:\/\/jmfsaude.com.br\/\" target=\"_blank\" rel=\"nofollow\"><img loading=\"lazy\" decoding=\"async\" data-lazyloaded=\"1\" width=\"1200\" height=\"400\" class=\"mkulr-image\" src=\"https:\/\/www.serranewsrj.com.br\/wp-content\/uploads\/2025\/03\/bannersiteJMF-ezgif.com-png-to-webp-converter.webp\" alt=\"JMF Solu\u00e7\u00f5es em Sa\u00fade \u2013 1200\u00d7400 pxl WebP\"\/><\/a><\/div>\n<\/div>\n<\/div>\n<\/div>\n<div id=\"\">\n<a href=\"https:\/\/www.serranewsrj.com.br\/author\/admin-2\" title=\"Artigos de autor\"><br \/>\n<span class=\"post-author-avatar\" itemprop=\"image\"><img loading=\"lazy\" decoding=\"async\" data-lazyloaded=\"1\" alt=\"\" src=\"https:\/\/www.serranewsrj.com.br\/wp-content\/uploads\/2025\/03\/REDONDA-4-180x180.png\" class=\"avatar avatar-80 photo avatar-default\" height=\"80\" width=\"80\"\/><\/span><br \/>\n<\/a><\/p>\n<div class=\"post-author-bio\" itemprop=\"description\">A sua fonte segura de informa\u00e7\u00e3o no interior do Rio de Janeiro.<\/p>\n<\/div>\n<\/div>\n<p><script async src=\"\/\/www.instagram.com\/embed.js\"><\/script><br \/>\n<br \/><\/a><\/p>\n<p>Fonte: www.serranewsrj.com.br<\/p>\n","protected":false},"excerpt":{"rendered":"<p>Imagens enviadas por leitores. Um halo solar chamou a aten\u00e7\u00e3o dos moradores de Nova Friburgo na manh\u00e3 de quinta-feira (13\/11). O fen\u00f4meno \u00f3ptico, que forma um anel colorido em torno do Sol, p\u00f4de ser observado em diferentes pontos da cidade e rapidamente ganhou destaque nas redes sociais, com diversos registros do espet\u00e1culo natural. Arco-\u00edris ao [&hellip;]<\/p>\n","protected":false},"author":3,"featured_media":5715,"comment_status":"open","ping_status":"open","sticky":false,"template":"","format":"standard","meta":{"advanced_seo_description":"","jetpack_seo_html_title":"","jetpack_seo_noindex":false,"fifu_image_url":"https:\/\/www.serranewsrj.com.br\/wp-content\/uploads\/2025\/11\/halo-solar.png","fifu_image_alt":"","_jetpack_memberships_contains_paid_content":false,"footnotes":"","jetpack_publicize_message":"","jetpack_publicize_feature_enabled":true,"jetpack_social_post_already_shared":true,"jetpack_social_options":{"image_generator_settings":{"template":"highway","default_image_id":0,"font":"","enabled":false},"version":2}},"categories":[104,1],"tags":[],"class_list":{"0":"post-5714","1":"post","2":"type-post","3":"status-publish","4":"format-standard","5":"has-post-thumbnail","7":"category-cidade","8":"category-uncategorized"},"jetpack_publicize_connections":[],"jetpack_featured_media_url":"https:\/\/i0.wp.com\/www.serranewsrj.com.br\/wp-content\/uploads\/2025\/11\/halo-solar.png?fit=%2C&ssl=1","jetpack_sharing_enabled":true,"jetpack-related-posts":[],"_links":{"self":[{"href":"https:\/\/friburgonoticias.com.br\/temp\/wp-json\/wp\/v2\/posts\/5714","targetHints":{"allow":["GET"]}}],"collection":[{"href":"https:\/\/friburgonoticias.com.br\/temp\/wp-json\/wp\/v2\/posts"}],"about":[{"href":"https:\/\/friburgonoticias.com.br\/temp\/wp-json\/wp\/v2\/types\/post"}],"author":[{"embeddable":true,"href":"https:\/\/friburgonoticias.com.br\/temp\/wp-json\/wp\/v2\/users\/3"}],"replies":[{"embeddable":true,"href":"https:\/\/friburgonoticias.com.br\/temp\/wp-json\/wp\/v2\/comments?post=5714"}],"version-history":[{"count":0,"href":"https:\/\/friburgonoticias.com.br\/temp\/wp-json\/wp\/v2\/posts\/5714\/revisions"}],"wp:featuredmedia":[{"embeddable":true,"href":"https:\/\/friburgonoticias.com.br\/temp\/wp-json\/wp\/v2\/media\/5715"}],"wp:attachment":[{"href":"https:\/\/friburgonoticias.com.br\/temp\/wp-json\/wp\/v2\/media?parent=5714"}],"wp:term":[{"taxonomy":"category","embeddable":true,"href":"https:\/\/friburgonoticias.com.br\/temp\/wp-json\/wp\/v2\/categories?post=5714"},{"taxonomy":"post_tag","embeddable":true,"href":"https:\/\/friburgonoticias.com.br\/temp\/wp-json\/wp\/v2\/tags?post=5714"}],"curies":[{"name":"wp","href":"https:\/\/api.w.org\/{rel}","templated":true}]}}