{"id":5722,"date":"2025-11-13T22:22:56","date_gmt":"2025-11-13T22:22:56","guid":{"rendered":"https:\/\/friburgonoticias.com.br\/temp\/2025\/11\/13\/agenda-cultural-sociedade-musical-uniao-xv-de-novembro-comemora-124-anos-de-tradicao\/"},"modified":"2025-11-13T22:22:56","modified_gmt":"2025-11-13T22:22:56","slug":"agenda-cultural-sociedade-musical-uniao-xv-de-novembro-comemora-124-anos-de-tradicao","status":"publish","type":"post","link":"https:\/\/friburgonoticias.com.br\/temp\/2025\/11\/13\/agenda-cultural-sociedade-musical-uniao-xv-de-novembro-comemora-124-anos-de-tradicao\/","title":{"rendered":"Agenda Cultural :Sociedade Musical Uni\u00e3o XV de Novembro comemora 124 anos de tradi\u00e7\u00e3o"},"content":{"rendered":"<p><\/p>\n<h2 class=\"elementor-heading-title elementor-size-default\">Agenda Cultural :Sociedade Musical Uni\u00e3o XV de Novembro comemora 124 anos de tradi\u00e7\u00e3o<\/h2>\n<\/p>\n<div data-id=\"e4a9c54\" data-element_type=\"widget\" data-widget_type=\"theme-post-content.default\">\n<p>Nesta semana, a Sociedade Musical Uni\u00e3o XV de Novembro celebra 124 anos de hist\u00f3ria e tradi\u00e7\u00e3o musical. Al\u00e9m do Festival Botecando e da Exposi\u00e7\u00e3o Drag\u00f5es, que continuam movimentando a cidade, a programa\u00e7\u00e3o inclui atividades esportivas e outras atra\u00e7\u00f5es. N\u00e3o perca a chance de aproveitar os eventos espalhados pela nossa cidade!<\/p>\n<p><strong>Festival Botecando<\/strong><\/p>\n<p>No festival, cada bar participante apresenta um tira-gosto que traduz sua identidade, um prato j\u00e1 conhecido pelos clientes ou uma cria\u00e7\u00e3o in\u00e9dita. O p\u00fablico poder\u00e1 visitar os estabelecimentos, experimentar as op\u00e7\u00f5es e votar nas melhores pelo aplicativo Conecta Mariana.<\/p>\n<p>Data: 06 de novembro a 07 de dezembro<\/p>\n<p>Para mais informa\u00e7\u00f5es, acesse @visitmariana\u00a0<\/p>\n<p><strong>Exposi\u00e7\u00e3o \u201cDrag\u00f5es\u201d<\/strong><\/p>\n<p>A exposi\u00e7\u00e3o gratuita, fica aberta at\u00e9 o dia 28 de novembro e traz dezenas de esculturas para encantar a todos em uma experi\u00eancia m\u00e1gica no Jardim de Mariana.<\/p>\n<p>Local: Pra\u00e7a Gomes Freire\u00a0<\/p>\n<p><strong>Feira do Livro<\/strong><\/p>\n<p>A feira re\u00fane diferentes t\u00edtulos e editoras, oferecendo ao p\u00fablico a chance de explorar novos autores e estilos de leitura, com livros a partir de dez reais. A entrada \u00e9 gratu\u00edta e aberta para todas as idades<\/p>\n<p>Data: 13, 14 e 15 de novembro<\/p>\n<p>Hor\u00e1rio: 8h \u00e0s 20h<\/p>\n<p>Local: Centro de Conven\u00e7\u00f5es<\/p>\n<p><strong>Feira Noturna<\/strong><\/p>\n<p>A tradicional Feira Noturna conta com shows de m\u00fasica, barracas gastron\u00f4micas, artesanato e venda de produtos variados feitos por produtores locais. Nesta quinta-feira, o cantor Nerival e seus Teclados ser\u00e1 o respons\u00e1vel por animar o p\u00fablico presente.<\/p>\n<p>Data: 13 de novembro<\/p>\n<p>Hor\u00e1rio: A partir das 17h<\/p>\n<p>Local: Pra\u00e7a dos Ferrovi\u00e1rios<\/p>\n<p><strong>Feira Livre Municipal<\/strong><\/p>\n<p>Semanalmente, a Feira Municipal oferece produtos variados, como doces tradicionais, artesanato, plantas, frutas e legumes frescos de produtores locais.\u00a0<\/p>\n<p>Data: 15 de novembro<\/p>\n<p>Hor\u00e1rio: 6h \u00e0s 12h<\/p>\n<p>Local: Estacionamento do Centro de Conven\u00e7\u00f5es<\/p>\n<p><strong>15\u00aa Copa Estrada Real de Handebol<\/strong><\/p>\n<p>Data: 15 de novembro<\/p>\n<p>Hor\u00e1rio: A partir das 8h\u00a0<\/p>\n<p>Local: Arena Mariana<\/p>\n<p>Hor\u00e1rio: A partir das 9h\u00a0<\/p>\n<p>Local: Cria<\/p>\n<p><strong>124 anos da Sociedade Musical Uni\u00e3o XV de Novembro<\/strong><\/p>\n<p>A centen\u00e1ria Sociedade Musical comemora os 124 anos de hist\u00f3ria, m\u00fasica e uni\u00e3o.\u00a0<\/p>\n<p>Data: 15 de novembro<\/p>\n<p>Hor\u00e1rio: 8h30 \u2013 Hasteamento das bandeiras\u00a0<\/p>\n<p>Local: Rua Direita, 151, Centro<\/p>\n<p>Hor\u00e1rio: 9h30 \u2013 Missa<\/p>\n<p>Local: Igreja Nossa Senhora do Carmo<\/p>\n<p>Hor\u00e1rio: 11h \u2013 Retreta em comemora\u00e7\u00e3o<\/p>\n<p>Local: Pra\u00e7a Gomes Freire<\/p>\n<p><strong>Ateli\u00ea Aberto<\/strong><\/p>\n<p>Data: 15 de novembro<\/p>\n<p>Hor\u00e1rio: 8h \u00e0s 14h\u00a0<\/p>\n<p>Local: Terminal Tur\u00edstico<\/p>\n<p><strong>Anivers\u00e1rio de Bela Ville\u00a0<\/strong><\/p>\n<p>O evento contar\u00e1 com shows de Milton Sanfoneiro, Banda Forr\u00f3 de 2 e Anderson Alves.<\/p>\n<p>Data: 15 de novembro<\/p>\n<p>Hor\u00e1rio: 17h<\/p>\n<p>Local: Loteamento Bela Ville, Cachoeira do Brumado<\/p>\n<p><strong>15\u00aa Copa Estrada Real de Handebol<\/strong><\/p>\n<p>Data: 16 de novembro<\/p>\n<p>Hor\u00e1rio: A partir das 8h\u00a0<\/p>\n<p>Local: Arena Mariana<\/p>\n<p><strong>1\u00ba Encontro Comitiva Ouro Achado<\/strong><\/p>\n<p>O encontro sair\u00e1 de Barro Branco em dire\u00e7\u00e3o ao Loteamento Bela Ville, em Cachoeira do Brumado e ter\u00e1 almo\u00e7o gratu\u00edto para os cavaleiros, al\u00e9m das atra\u00e7\u00f5es musicais Reginaldo Ara\u00fajo e Marciano Vieira.<\/p>\n<p>Data: 16 de novembro<\/p>\n<p>Hor\u00e1rio: 10h<\/p>\n<p>Local: Concentra\u00e7\u00e3o no Bar do Edcarlos (Barro Branco)<\/p>\n<p><strong>Banda na Pra\u00e7a<\/strong><\/p>\n<p>Em valoriza\u00e7\u00e3o aos nossos tradicionais grupos musicais, esse final de semana as Bandas S\u00e3o Sebasti\u00e3o (Passagem) e 16 de julho (Colina), ir\u00e3o se apresentar no Jardim de Mariana, em uma manh\u00e3 de celebra\u00e7\u00e3o cultural e lazer.<\/p>\n<p>Data: 16 de novembro<\/p>\n<p>Hor\u00e1rio: 11h\u00a0<\/p>\n<p>Local: Pra\u00e7a Gomes Freire<\/p>\n<p><em>Essa agenda pode sofrer altera\u00e7\u00f5es, acompanhe as atualiza\u00e7\u00f5es pelos nossos canais oficiais.<\/em>\n                <\/div>\n<p><\/a><\/p>\n<p>Fonte: territorionoticias.com.br<\/p>\n","protected":false},"excerpt":{"rendered":"<p>Agenda Cultural :Sociedade Musical Uni\u00e3o XV de Novembro comemora 124 anos de tradi\u00e7\u00e3o Nesta semana, a Sociedade Musical Uni\u00e3o XV de Novembro celebra 124 anos de hist\u00f3ria e tradi\u00e7\u00e3o musical. Al\u00e9m do Festival Botecando e da Exposi\u00e7\u00e3o Drag\u00f5es, que continuam movimentando a cidade, a programa\u00e7\u00e3o inclui atividades esportivas e outras atra\u00e7\u00f5es. N\u00e3o perca a chance [&hellip;]<\/p>\n","protected":false},"author":3,"featured_media":5723,"comment_status":"open","ping_status":"open","sticky":false,"template":"","format":"standard","meta":{"advanced_seo_description":"","jetpack_seo_html_title":"","jetpack_seo_noindex":false,"fifu_image_url":"https:\/\/territorionoticias.com.br\/wp-content\/uploads\/2025\/10\/agenda-cultural-visit-site.jpg","fifu_image_alt":"","_jetpack_memberships_contains_paid_content":false,"footnotes":"","jetpack_publicize_message":"","jetpack_publicize_feature_enabled":true,"jetpack_social_post_already_shared":true,"jetpack_social_options":{"image_generator_settings":{"template":"highway","default_image_id":0,"font":"","enabled":false},"version":2}},"categories":[105],"tags":[],"class_list":{"0":"post-5722","1":"post","2":"type-post","3":"status-publish","4":"format-standard","5":"has-post-thumbnail","7":"category-entretenimento"},"jetpack_publicize_connections":[],"jetpack_featured_media_url":"https:\/\/i0.wp.com\/territorionoticias.com.br\/wp-content\/uploads\/2025\/10\/agenda-cultural-visit-site.jpg?fit=%2C&ssl=1","jetpack_sharing_enabled":true,"jetpack-related-posts":[],"_links":{"self":[{"href":"https:\/\/friburgonoticias.com.br\/temp\/wp-json\/wp\/v2\/posts\/5722","targetHints":{"allow":["GET"]}}],"collection":[{"href":"https:\/\/friburgonoticias.com.br\/temp\/wp-json\/wp\/v2\/posts"}],"about":[{"href":"https:\/\/friburgonoticias.com.br\/temp\/wp-json\/wp\/v2\/types\/post"}],"author":[{"embeddable":true,"href":"https:\/\/friburgonoticias.com.br\/temp\/wp-json\/wp\/v2\/users\/3"}],"replies":[{"embeddable":true,"href":"https:\/\/friburgonoticias.com.br\/temp\/wp-json\/wp\/v2\/comments?post=5722"}],"version-history":[{"count":0,"href":"https:\/\/friburgonoticias.com.br\/temp\/wp-json\/wp\/v2\/posts\/5722\/revisions"}],"wp:featuredmedia":[{"embeddable":true,"href":"https:\/\/friburgonoticias.com.br\/temp\/wp-json\/wp\/v2\/media\/5723"}],"wp:attachment":[{"href":"https:\/\/friburgonoticias.com.br\/temp\/wp-json\/wp\/v2\/media?parent=5722"}],"wp:term":[{"taxonomy":"category","embeddable":true,"href":"https:\/\/friburgonoticias.com.br\/temp\/wp-json\/wp\/v2\/categories?post=5722"},{"taxonomy":"post_tag","embeddable":true,"href":"https:\/\/friburgonoticias.com.br\/temp\/wp-json\/wp\/v2\/tags?post=5722"}],"curies":[{"name":"wp","href":"https:\/\/api.w.org\/{rel}","templated":true}]}}