{"id":5726,"date":"2025-11-13T22:40:03","date_gmt":"2025-11-13T22:40:03","guid":{"rendered":"https:\/\/friburgonoticias.com.br\/temp\/2025\/11\/13\/prefeitura-de-marica-marca-licitacao-de-r-421-milhoes-que-estava-suspensa-apos-denuncias-deputado-agora-recorre-ao-mp\/"},"modified":"2025-11-13T22:40:03","modified_gmt":"2025-11-13T22:40:03","slug":"prefeitura-de-marica-marca-licitacao-de-r-421-milhoes-que-estava-suspensa-apos-denuncias-deputado-agora-recorre-ao-mp","status":"publish","type":"post","link":"https:\/\/friburgonoticias.com.br\/temp\/2025\/11\/13\/prefeitura-de-marica-marca-licitacao-de-r-421-milhoes-que-estava-suspensa-apos-denuncias-deputado-agora-recorre-ao-mp\/","title":{"rendered":"Prefeitura de Maric\u00e1 marca licita\u00e7\u00e3o de R$ 421 milh\u00f5es que estava suspensa ap\u00f3s den\u00fancias; deputado agora recorre ao MP"},"content":{"rendered":"<p><\/p>\n<div itemprop=\"articleBody\">\nA Prefeitura de Maric\u00e1 remarcou para 17 de novembro a licita\u00e7\u00e3o de R$ 421,1 milh\u00f5es, que vai definir a nova Organiza\u00e7\u00e3o Social (OS) respons\u00e1vel por parte da rede de sa\u00fade do munic\u00edpio. <a href=\"https:\/\/temporealrj.com\/prefeitura-de-marica-suspende-licitacao-de-r-421-milhoes-apos-deputado-denunciar-nas-redes-que-o-processo-estava-viciado\/\">O processo havia sido suspenso no fim de setembro<\/a>, um dia ap\u00f3s o deputado Filippe Poubel (PL) afirmar que o edital estaria \u201cviciado\u201d e favoreceria dirigentes de uma OS acusada de fraudes.<\/p>\n<p>O deputado protocolou sua acusa\u00e7\u00e3o no Minist\u00e9rio P\u00fablico, nesta quinta-feira (13), para tentar barrar novamente o procedimento. No texto, ele alega que as irregularidades ainda n\u00e3o foram esclarecidas, e que a empresa investigada poder\u00e1 ganhar a licita\u00e7\u00e3o por conta de conex\u00f5es com funcion\u00e1rios da Secretaria Municipal de Sa\u00fade.<\/p>\n<h2 class=\"wp-block-heading\">Envelopes seriam abertos em 30 de setembro, mas processo foi suspenso temporariamente para \u2018adequa\u00e7\u00f5es\u2019<\/h2>\n<p>De acordo com o edital, a entidade vencedora assumir\u00e1 a gest\u00e3o do Hospital Municipal Conde Modesto Leal e de toda a rede pr\u00e9-hospitalar de urg\u00eancia e emerg\u00eancia, fixa e m\u00f3vel, de Maric\u00e1.<\/p>\n<p>A entrega dos envelopes estava prevista para 30 de setembro mas foi suspensa de forma tempor\u00e1ria para fazer adequa\u00e7\u00f5es no edital, de acordo com a secretaria.\n<\/p><\/div>\n<p><\/a><\/p>\n<p>Fonte: temporealrj.com<\/p>\n","protected":false},"excerpt":{"rendered":"<p>A Prefeitura de Maric\u00e1 remarcou para 17 de novembro a licita\u00e7\u00e3o de R$ 421,1 milh\u00f5es, que vai definir a nova Organiza\u00e7\u00e3o Social (OS) respons\u00e1vel por parte da rede de sa\u00fade do munic\u00edpio. O processo havia sido suspenso no fim de setembro, um dia ap\u00f3s o deputado Filippe Poubel (PL) afirmar que o edital estaria \u201cviciado\u201d [&hellip;]<\/p>\n","protected":false},"author":3,"featured_media":5727,"comment_status":"open","ping_status":"open","sticky":false,"template":"","format":"standard","meta":{"advanced_seo_description":"","jetpack_seo_html_title":"","jetpack_seo_noindex":false,"fifu_image_url":"https:\/\/temporealrj.com\/wp-content\/uploads\/2025\/11\/52564968737_218f34606e_k-1024x692.jpg","fifu_image_alt":"","_jetpack_memberships_contains_paid_content":false,"footnotes":"","jetpack_publicize_message":"","jetpack_publicize_feature_enabled":true,"jetpack_social_post_already_shared":true,"jetpack_social_options":{"image_generator_settings":{"template":"highway","default_image_id":0,"font":"","enabled":false},"version":2}},"categories":[106,1],"tags":[],"class_list":{"0":"post-5726","1":"post","2":"type-post","3":"status-publish","4":"format-standard","5":"has-post-thumbnail","7":"category-politica","8":"category-uncategorized"},"jetpack_publicize_connections":[],"jetpack_featured_media_url":"https:\/\/i0.wp.com\/temporealrj.com\/wp-content\/uploads\/2025\/11\/52564968737_218f34606e_k-1024x692.jpg?fit=%2C&ssl=1","jetpack_sharing_enabled":true,"jetpack-related-posts":[],"_links":{"self":[{"href":"https:\/\/friburgonoticias.com.br\/temp\/wp-json\/wp\/v2\/posts\/5726","targetHints":{"allow":["GET"]}}],"collection":[{"href":"https:\/\/friburgonoticias.com.br\/temp\/wp-json\/wp\/v2\/posts"}],"about":[{"href":"https:\/\/friburgonoticias.com.br\/temp\/wp-json\/wp\/v2\/types\/post"}],"author":[{"embeddable":true,"href":"https:\/\/friburgonoticias.com.br\/temp\/wp-json\/wp\/v2\/users\/3"}],"replies":[{"embeddable":true,"href":"https:\/\/friburgonoticias.com.br\/temp\/wp-json\/wp\/v2\/comments?post=5726"}],"version-history":[{"count":0,"href":"https:\/\/friburgonoticias.com.br\/temp\/wp-json\/wp\/v2\/posts\/5726\/revisions"}],"wp:featuredmedia":[{"embeddable":true,"href":"https:\/\/friburgonoticias.com.br\/temp\/wp-json\/wp\/v2\/media\/5727"}],"wp:attachment":[{"href":"https:\/\/friburgonoticias.com.br\/temp\/wp-json\/wp\/v2\/media?parent=5726"}],"wp:term":[{"taxonomy":"category","embeddable":true,"href":"https:\/\/friburgonoticias.com.br\/temp\/wp-json\/wp\/v2\/categories?post=5726"},{"taxonomy":"post_tag","embeddable":true,"href":"https:\/\/friburgonoticias.com.br\/temp\/wp-json\/wp\/v2\/tags?post=5726"}],"curies":[{"name":"wp","href":"https:\/\/api.w.org\/{rel}","templated":true}]}}