{"id":5748,"date":"2025-11-15T10:30:54","date_gmt":"2025-11-15T10:30:54","guid":{"rendered":"https:\/\/friburgonoticias.com.br\/temp\/2025\/11\/15\/politica-do-rio-ve-com-preocupacao-o-poder-financeiro-das-faccoes-criminosas-no-horizonte-das-eleicoes-2026\/"},"modified":"2025-11-15T10:30:54","modified_gmt":"2025-11-15T10:30:54","slug":"politica-do-rio-ve-com-preocupacao-o-poder-financeiro-das-faccoes-criminosas-no-horizonte-das-eleicoes-2026","status":"publish","type":"post","link":"https:\/\/friburgonoticias.com.br\/temp\/2025\/11\/15\/politica-do-rio-ve-com-preocupacao-o-poder-financeiro-das-faccoes-criminosas-no-horizonte-das-eleicoes-2026\/","title":{"rendered":"Pol\u00edtica do Rio v\u00ea com preocupa\u00e7\u00e3o o poder financeiro das fac\u00e7\u00f5es criminosas no horizonte das Elei\u00e7\u00f5es 2026"},"content":{"rendered":"<p><\/p>\n<div itemprop=\"articleBody\">\nA opera\u00e7\u00e3o que levou \u00e0 pris\u00e3o de Marquinho Aquino (Republicanos), na manh\u00e3 desta sexta-feira (14), acendeu a luz amarela para pol\u00edticos cariocas e um intenso debate rodou os grupos de zap e as rodas de conversa no Rio. <a href=\"https:\/\/temporealrj.com\/marcos-aquino-vereador-mais-votado-de-sao-joao-de-meriti-e-preso-durante-operacao-contra-comando-vermelho\/\">Aquino foi preso em mais uma etapa da Opera\u00e7\u00e3o Conten\u00e7\u00e3o,<\/a> de combate ao Comando Vermelho. Ele foi o vereador mais votado de S\u00e3o Jo\u00e3o de Meriti em 2024 e \u00e9 (era?) dado como certo na disputa por uma cadeira na C\u00e2mara dos Deputados.<\/p>\n<p>O poder que grupos criminosos \u2014 principalmente na Regi\u00e3o Metropolitana \u2014 v\u00eam ganhando tem procupado at\u00e9 gra\u00fados da capital de olho nas Elei\u00e7\u00f5es 2026 para os parlamentos estadual e federal.<\/p>\n<p>A expans\u00e3o de territ\u00f3rios tem se acelerado e pol\u00edticos tradicionais j\u00e1 pensam em como enfrentar a concorr\u00eancia na campanha.<\/p>\n<p>\u201cVai ser um vale-tudo, eles querem tudo, n\u00e3o vai ser f\u00e1cil ano que vem\u201d, afirmou um parlamentar carioca.<\/p>\n<p>Uma das principais preocupa\u00e7\u00f5es, claro, \u00e9 o bom e velho financiamento de campanha. Parlamentares experientes acreditam que a disputa de 2026 ser\u00e1 uma das mais caras dos \u00faltimos tempo. <\/p>\n<p>\u201cVai jorrar dinheiro de todo lado. \u00c9 muito dif\u00edcil disputar com isso\u201d, afirmou um que tentar\u00e1 a reelei\u00e7\u00e3o.<\/p>\n<h2 class=\"wp-block-heading\">A\u00e7\u00e3o da pol\u00edcia mirava a fac\u00e7\u00e3o Comando Vermelho e irm\u00e3o do vereador era um dos alvos<\/h2>\n<p>Aquino n\u00e3o era o alvo da opera\u00e7\u00e3o de sexta, mas seu irm\u00e3o, Luiz Carlos Aquino, contra quem havia mandado de busca. A pol\u00edcia, no entanto, encontrou no carro oficial do vereador uma arma de fogo que n\u00e3o pertencia a ele e realizou a pris\u00e3o em flagrante.<\/p>\n<p>A situa\u00e7\u00e3o \u00e9 t\u00e3o preocupante que o Tribunal Regional Eleitoral do Rio (TRE), j\u00e1 est\u00e1, desde a elei\u00e7\u00e3o passada, mapeando locais dominados por fac\u00e7\u00f5es criminosas e para quem est\u00e3o indo os votos nessas zonas eleitorais mais conturbadas do estado.\n<\/p><\/div>\n<p><\/a><\/p>\n<p>Fonte: temporealrj.com<\/p>\n","protected":false},"excerpt":{"rendered":"<p>A opera\u00e7\u00e3o que levou \u00e0 pris\u00e3o de Marquinho Aquino (Republicanos), na manh\u00e3 desta sexta-feira (14), acendeu a luz amarela para pol\u00edticos cariocas e um intenso debate rodou os grupos de zap e as rodas de conversa no Rio. Aquino foi preso em mais uma etapa da Opera\u00e7\u00e3o Conten\u00e7\u00e3o, de combate ao Comando Vermelho. Ele foi [&hellip;]<\/p>\n","protected":false},"author":3,"featured_media":5749,"comment_status":"open","ping_status":"open","sticky":false,"template":"","format":"standard","meta":{"advanced_seo_description":"","jetpack_seo_html_title":"","jetpack_seo_noindex":false,"fifu_image_url":"https:\/\/temporealrj.com\/wp-content\/uploads\/2025\/11\/WhatsApp-Image-2025-11-14-at-18.12.18-e1763155716557.jpeg","fifu_image_alt":"","_jetpack_memberships_contains_paid_content":false,"footnotes":"","jetpack_publicize_message":"","jetpack_publicize_feature_enabled":true,"jetpack_social_post_already_shared":true,"jetpack_social_options":{"image_generator_settings":{"template":"highway","default_image_id":0,"font":"","enabled":false},"version":2}},"categories":[107],"tags":[],"class_list":{"0":"post-5748","1":"post","2":"type-post","3":"status-publish","4":"format-standard","5":"has-post-thumbnail","7":"category-economia"},"jetpack_publicize_connections":[],"jetpack_featured_media_url":"https:\/\/i0.wp.com\/temporealrj.com\/wp-content\/uploads\/2025\/11\/WhatsApp-Image-2025-11-14-at-18.12.18-e1763155716557.jpeg?fit=%2C&ssl=1","jetpack_sharing_enabled":true,"jetpack-related-posts":[],"_links":{"self":[{"href":"https:\/\/friburgonoticias.com.br\/temp\/wp-json\/wp\/v2\/posts\/5748","targetHints":{"allow":["GET"]}}],"collection":[{"href":"https:\/\/friburgonoticias.com.br\/temp\/wp-json\/wp\/v2\/posts"}],"about":[{"href":"https:\/\/friburgonoticias.com.br\/temp\/wp-json\/wp\/v2\/types\/post"}],"author":[{"embeddable":true,"href":"https:\/\/friburgonoticias.com.br\/temp\/wp-json\/wp\/v2\/users\/3"}],"replies":[{"embeddable":true,"href":"https:\/\/friburgonoticias.com.br\/temp\/wp-json\/wp\/v2\/comments?post=5748"}],"version-history":[{"count":0,"href":"https:\/\/friburgonoticias.com.br\/temp\/wp-json\/wp\/v2\/posts\/5748\/revisions"}],"wp:featuredmedia":[{"embeddable":true,"href":"https:\/\/friburgonoticias.com.br\/temp\/wp-json\/wp\/v2\/media\/5749"}],"wp:attachment":[{"href":"https:\/\/friburgonoticias.com.br\/temp\/wp-json\/wp\/v2\/media?parent=5748"}],"wp:term":[{"taxonomy":"category","embeddable":true,"href":"https:\/\/friburgonoticias.com.br\/temp\/wp-json\/wp\/v2\/categories?post=5748"},{"taxonomy":"post_tag","embeddable":true,"href":"https:\/\/friburgonoticias.com.br\/temp\/wp-json\/wp\/v2\/tags?post=5748"}],"curies":[{"name":"wp","href":"https:\/\/api.w.org\/{rel}","templated":true}]}}