{"id":5772,"date":"2025-11-17T16:53:01","date_gmt":"2025-11-17T16:53:01","guid":{"rendered":"https:\/\/friburgonoticias.com.br\/temp\/2025\/11\/17\/comissao-aprova-mudancas-na-prescricao-de-processos-civis-noticias\/"},"modified":"2025-11-17T16:53:01","modified_gmt":"2025-11-17T16:53:01","slug":"comissao-aprova-mudancas-na-prescricao-de-processos-civis-noticias","status":"publish","type":"post","link":"https:\/\/friburgonoticias.com.br\/temp\/2025\/11\/17\/comissao-aprova-mudancas-na-prescricao-de-processos-civis-noticias\/","title":{"rendered":"Comiss\u00e3o aprova mudan\u00e7as na prescri\u00e7\u00e3o de processos civis &#8211; Not\u00edcias"},"content":{"rendered":"<p><\/p>\n<div>\n<div>\n<p class=\"g-artigo__data-hora\">\n                      17\/11\/2025 &#8211; 13:42 \u00a0\n                    <\/p>\n<div id=\"image-container-1224007\" class=\"image-container\" style=\"float: none; margin: 45px 0px; width: 100%;\" data-midia=\"1224007\">\n        <em>Renato Ara\u00fajo\/C\u00e2mara dos Deputados<\/em><\/p>\n<p>        Deputado Alfredo Gaspar, relator\n        <\/p><\/div>\n<p>        A Comiss\u00e3o de Constitui\u00e7\u00e3o e Justi\u00e7a e de Cidadania da C\u00e2mara dos Deputados aprovou projeto de lei que inclui o motivo de caso fortuito ou for\u00e7a maior como causa de interrup\u00e7\u00e3o do prazo de prescri\u00e7\u00e3o (perda do direito de entrar com a\u00e7\u00e3o judicial) e suspens\u00e3o do prazo de decad\u00eancia (extin\u00e7\u00e3o de direito) de processos civis. A regra vale durante os \u00faltimos seis meses do prazo.<br \/>\n        A proposta segue para o Senado, caso n\u00e3o haja recurso para an\u00e1lise pelo Plen\u00e1rio.<br \/>\n        O texto aprovado \u00e9 um <span id=\"4098\" class=\"termoGlossario\" title=\"Nome que se d\u00e1 ao texto que altera substancialmente o conte\u00fado original da proposta. O substitutivo \u00e9 apresentado pelo relator e tem prefer\u00eancia na vota\u00e7\u00e3o sobre o projeto original.\" contenteditable=\"false\" data-toggle=\"tooltip\" data-placement=\"top\">substitutivo<\/span> do deputado Alfredo Gaspar (Uni\u00e3o-AL) ao <a class=\"linkProposicao\" href=\"https:\/\/www.camara.leg.br\/noticias\/657976-projeto-suspende-prazos-prescricionais-em-razao-de-pandemia\">Projeto de Lei 2095\/20<\/a>, do deputado Fausto Pinato (PP-SP). O texto original foi uma resposta \u00e0 crise decorrente da pandemia de Covid-19.<br \/>\n        Segundo Gaspar, diante da realidade de vulnerabilidade ambiental, n\u00e3o \u00e9 eficaz esperar a edi\u00e7\u00e3o de leis tempor\u00e1rias e excepcionais sobre prescri\u00e7\u00e3o, seja pelo congestionamento da pauta legislativa com temas emergenciais ou pela diferen\u00e7a de realidades regionais. Ele defendeu que a suspens\u00e3o esteja ligada aos seis \u00faltimos meses do prazo.<br \/>\n        &#8220;Simplifica a contagem e restringe o elastecimento do prazo para aqueles que dele efetivamente precisam&#8221;, afirmou o deputado.<br \/>\n        O texto altera o <a href=\"https:\/\/www2.camara.leg.br\/legin\/fed\/lei\/2002\/lei-10406-10-janeiro-2002-432893-norma-pl.html\">C\u00f3digo Civil<\/a>.<br \/>\n        \u00a0<\/p>\n<p style=\"font-size: 0.8rem; font-weight: 700;\">Reportagem \u2013 Tiago Miranda<br \/>Edi\u00e7\u00e3o \u2013 Roberto Seabra<\/p>\n<\/p><\/div>\n<\/p><\/div>\n<p><\/a><\/p>\n<p>Fonte: www.camara.leg.br<\/p>\n","protected":false},"excerpt":{"rendered":"<p>17\/11\/2025 &#8211; 13:42 \u00a0 Renato Ara\u00fajo\/C\u00e2mara dos Deputados Deputado Alfredo Gaspar, relator A Comiss\u00e3o de Constitui\u00e7\u00e3o e Justi\u00e7a e de Cidadania da C\u00e2mara dos Deputados aprovou projeto de lei que inclui o motivo de caso fortuito ou for\u00e7a maior como causa de interrup\u00e7\u00e3o do prazo de prescri\u00e7\u00e3o (perda do direito de entrar com a\u00e7\u00e3o judicial) [&hellip;]<\/p>\n","protected":false},"author":3,"featured_media":5773,"comment_status":"open","ping_status":"open","sticky":false,"template":"","format":"standard","meta":{"advanced_seo_description":"","jetpack_seo_html_title":"","jetpack_seo_noindex":false,"fifu_image_url":"https:\/\/www.camara.leg.br\/midias\/image\/2025\/11\/img20251029181625007-1-768x473.jpg","fifu_image_alt":"","_jetpack_memberships_contains_paid_content":false,"footnotes":"","jetpack_publicize_message":"","jetpack_publicize_feature_enabled":true,"jetpack_social_post_already_shared":true,"jetpack_social_options":{"image_generator_settings":{"template":"highway","default_image_id":0,"font":"","enabled":false},"version":2}},"categories":[106,1],"tags":[],"class_list":{"0":"post-5772","1":"post","2":"type-post","3":"status-publish","4":"format-standard","5":"has-post-thumbnail","7":"category-politica","8":"category-uncategorized"},"jetpack_publicize_connections":[],"jetpack_featured_media_url":"https:\/\/i0.wp.com\/www.camara.leg.br\/midias\/image\/2025\/11\/img20251029181625007-1-768x473.jpg?fit=%2C&ssl=1","jetpack_sharing_enabled":true,"jetpack-related-posts":[],"_links":{"self":[{"href":"https:\/\/friburgonoticias.com.br\/temp\/wp-json\/wp\/v2\/posts\/5772","targetHints":{"allow":["GET"]}}],"collection":[{"href":"https:\/\/friburgonoticias.com.br\/temp\/wp-json\/wp\/v2\/posts"}],"about":[{"href":"https:\/\/friburgonoticias.com.br\/temp\/wp-json\/wp\/v2\/types\/post"}],"author":[{"embeddable":true,"href":"https:\/\/friburgonoticias.com.br\/temp\/wp-json\/wp\/v2\/users\/3"}],"replies":[{"embeddable":true,"href":"https:\/\/friburgonoticias.com.br\/temp\/wp-json\/wp\/v2\/comments?post=5772"}],"version-history":[{"count":0,"href":"https:\/\/friburgonoticias.com.br\/temp\/wp-json\/wp\/v2\/posts\/5772\/revisions"}],"wp:featuredmedia":[{"embeddable":true,"href":"https:\/\/friburgonoticias.com.br\/temp\/wp-json\/wp\/v2\/media\/5773"}],"wp:attachment":[{"href":"https:\/\/friburgonoticias.com.br\/temp\/wp-json\/wp\/v2\/media?parent=5772"}],"wp:term":[{"taxonomy":"category","embeddable":true,"href":"https:\/\/friburgonoticias.com.br\/temp\/wp-json\/wp\/v2\/categories?post=5772"},{"taxonomy":"post_tag","embeddable":true,"href":"https:\/\/friburgonoticias.com.br\/temp\/wp-json\/wp\/v2\/tags?post=5772"}],"curies":[{"name":"wp","href":"https:\/\/api.w.org\/{rel}","templated":true}]}}