{"id":5776,"date":"2025-11-17T18:11:28","date_gmt":"2025-11-17T18:11:28","guid":{"rendered":"https:\/\/friburgonoticias.com.br\/temp\/2025\/11\/17\/motociclista-perde-a-vida-em-acidente-na-rj-130-em-nova-friburgo\/"},"modified":"2025-11-17T18:11:28","modified_gmt":"2025-11-17T18:11:28","slug":"motociclista-perde-a-vida-em-acidente-na-rj-130-em-nova-friburgo","status":"publish","type":"post","link":"https:\/\/friburgonoticias.com.br\/temp\/2025\/11\/17\/motociclista-perde-a-vida-em-acidente-na-rj-130-em-nova-friburgo\/","title":{"rendered":"Motociclista perde a vida em acidente na RJ-130, em Nova Friburgo"},"content":{"rendered":"<p><\/p>\n<div id=\"post-57874\">\n<div class=\"post-header post-tp-13-header\">\n<div class=\"single-featured\">\n<img loading=\"lazy\" decoding=\"async\" data-lazyloaded=\"1\" src=\"https:\/\/www.serranewsrj.com.br\/wp-content\/uploads\/2025\/11\/7a9390d3-09a4-4336-88b6-56b51cb39502.jpeg\" width=\"500\" height=\"281\" alt=\"Motociclista perde a vida em acidente na RJ-130, em Nova Friburgo\"\/>                                            <span class=\"image-credit\">Imagens de c\u00e2mera de seguran\u00e7a. <\/span><\/div>\n<\/div>\n<div class=\"entry-content clearfix single-post-content\">\n<p style=\"text-align: justify;\">Um acidente na RJ-130, em Nova Friburgo, terminou com a morte de um motociclista na tarde de domingo (16\/11). A colis\u00e3o aconteceu na altura de Campo do Coelho.<\/p>\n<div class=\"dptiko dptiko-post-inline dptiko-float-center dptiko-align-center dptiko-column-1 dptiko-clearfix no-bg-box-model\">\n<div id=\"dptiko-49250-149105885\" class=\"dptiko-container dptiko-type-image\" itemscope=\"\" itemtype=\"https:\/\/schema.org\/WPAdBlock\" data-adid=\"49250\" data-type=\"image\"><a itemprop=\"url\" class=\"dptiko-link\" href=\"https:\/\/www.evosolar.com.br\/simuladorsolarrj\" target=\"_blank\" rel=\"nofollow\"><img loading=\"lazy\" decoding=\"async\" data-lazyloaded=\"1\" width=\"2560\" height=\"520\" class=\"dptiko-image\" src=\"https:\/\/www.serranewsrj.com.br\/wp-content\/uploads\/2025\/05\/BannerdositedaSerraNews1230x250px-ezgif.com-png-to-webp-converter-1-scaled.webp\" alt=\"Evosolar (Maio) WebP \u2013 1230 x 250 px\"\/><\/a><\/div>\n<\/div>\n<p style=\"text-align: justify;\">A v\u00edtima foi identificada como Paulo Rom\u00e3o, de 48 anos, que n\u00e3o resistiu aos ferimentos e morreu no local, segundo informa\u00e7\u00f5es do Corpo de Bombeiros.<\/p>\n<p style=\"text-align: justify;\">O acidente tamb\u00e9m envolveu outro ve\u00edculo. O motorista foi socorrido e levado ao Hospital Municipal Raul Sert\u00e3, onde permanece em estado est\u00e1vel.<\/p>\n<p style=\"text-align: justify;\">Equipes de resgate e autoridades de tr\u00e2nsito estiveram no local para prestar atendimento, realizar os procedimentos de seguran\u00e7a e investigar as causas do acidente.<\/p>\n<div class=\"dptiko dptiko-post-inline dptiko-float-center dptiko-align-center dptiko-column-1 dptiko-clearfix no-bg-box-model\">\n<div id=\"dptiko-56737-1182970093\" class=\"dptiko-container dptiko-type-image\" itemscope=\"\" itemtype=\"https:\/\/schema.org\/WPAdBlock\" data-adid=\"56737\" data-type=\"image\"><a itemprop=\"url\" class=\"dptiko-link\" href=\"https:\/\/www.instagram.com\/euclidesemfoco?utm_source=ig_web_button_share_sheet&amp;igsh=ZDNlZDc0MzIxNw==\" target=\"_blank\" rel=\"nofollow\"><img loading=\"lazy\" decoding=\"async\" data-lazyloaded=\"1\" width=\"1200\" height=\"300\" class=\"dptiko-image\" src=\"https:\/\/www.serranewsrj.com.br\/wp-content\/uploads\/2025\/10\/BannerHomePage-ezgif.com-png-to-webp-converter-1.webp\" alt=\"Euclides em Foco \u2013 Outubro (1200\u00d7400 pxl) WebP\"\/><\/a><\/div>\n<\/div>\n<p style=\"text-align: justify;\">Imagens obtidas pelo portal mostram que o motociclista invadiu a pista contr\u00e1ria e colidiu com o ve\u00edculo que trafegava normalmente em sua dire\u00e7\u00e3o.<\/p>\n<\/div>\n<\/div>\n<div id=\"\">\n<a href=\"https:\/\/www.serranewsrj.com.br\/author\/admin-2\" title=\"Artigos de autor\"><br \/>\n<span class=\"post-author-avatar\" itemprop=\"image\"><img loading=\"lazy\" decoding=\"async\" data-lazyloaded=\"1\" alt=\"\" src=\"https:\/\/www.serranewsrj.com.br\/wp-content\/uploads\/2025\/03\/REDONDA-4-180x180.png\" class=\"avatar avatar-80 photo avatar-default\" height=\"80\" width=\"80\"\/><\/span><br \/>\n<\/a><\/p>\n<div class=\"post-author-bio\" itemprop=\"description\">A sua fonte segura de informa\u00e7\u00e3o no interior do Rio de Janeiro.<\/p>\n<\/div>\n<\/div>\n<p><script async src=\"\/\/www.instagram.com\/embed.js\"><\/script><br \/>\n<br \/><\/a><\/p>\n<p>Fonte: www.serranewsrj.com.br<\/p>\n","protected":false},"excerpt":{"rendered":"<p>Imagens de c\u00e2mera de seguran\u00e7a. Um acidente na RJ-130, em Nova Friburgo, terminou com a morte de um motociclista na tarde de domingo (16\/11). A colis\u00e3o aconteceu na altura de Campo do Coelho. A v\u00edtima foi identificada como Paulo Rom\u00e3o, de 48 anos, que n\u00e3o resistiu aos ferimentos e morreu no local, segundo informa\u00e7\u00f5es do [&hellip;]<\/p>\n","protected":false},"author":3,"featured_media":5777,"comment_status":"open","ping_status":"open","sticky":false,"template":"","format":"standard","meta":{"advanced_seo_description":"","jetpack_seo_html_title":"","jetpack_seo_noindex":false,"fifu_image_url":"https:\/\/www.serranewsrj.com.br\/wp-content\/uploads\/2025\/11\/7a9390d3-09a4-4336-88b6-56b51cb39502.jpeg","fifu_image_alt":"","_jetpack_memberships_contains_paid_content":false,"footnotes":"","jetpack_publicize_message":"","jetpack_publicize_feature_enabled":true,"jetpack_social_post_already_shared":true,"jetpack_social_options":{"image_generator_settings":{"template":"highway","default_image_id":0,"font":"","enabled":false},"version":2}},"categories":[104,1],"tags":[],"class_list":{"0":"post-5776","1":"post","2":"type-post","3":"status-publish","4":"format-standard","5":"has-post-thumbnail","7":"category-cidade","8":"category-uncategorized"},"jetpack_publicize_connections":[],"jetpack_featured_media_url":"https:\/\/i0.wp.com\/www.serranewsrj.com.br\/wp-content\/uploads\/2025\/11\/7a9390d3-09a4-4336-88b6-56b51cb39502.jpeg?fit=%2C&ssl=1","jetpack_sharing_enabled":true,"jetpack-related-posts":[],"_links":{"self":[{"href":"https:\/\/friburgonoticias.com.br\/temp\/wp-json\/wp\/v2\/posts\/5776","targetHints":{"allow":["GET"]}}],"collection":[{"href":"https:\/\/friburgonoticias.com.br\/temp\/wp-json\/wp\/v2\/posts"}],"about":[{"href":"https:\/\/friburgonoticias.com.br\/temp\/wp-json\/wp\/v2\/types\/post"}],"author":[{"embeddable":true,"href":"https:\/\/friburgonoticias.com.br\/temp\/wp-json\/wp\/v2\/users\/3"}],"replies":[{"embeddable":true,"href":"https:\/\/friburgonoticias.com.br\/temp\/wp-json\/wp\/v2\/comments?post=5776"}],"version-history":[{"count":0,"href":"https:\/\/friburgonoticias.com.br\/temp\/wp-json\/wp\/v2\/posts\/5776\/revisions"}],"wp:featuredmedia":[{"embeddable":true,"href":"https:\/\/friburgonoticias.com.br\/temp\/wp-json\/wp\/v2\/media\/5777"}],"wp:attachment":[{"href":"https:\/\/friburgonoticias.com.br\/temp\/wp-json\/wp\/v2\/media?parent=5776"}],"wp:term":[{"taxonomy":"category","embeddable":true,"href":"https:\/\/friburgonoticias.com.br\/temp\/wp-json\/wp\/v2\/categories?post=5776"},{"taxonomy":"post_tag","embeddable":true,"href":"https:\/\/friburgonoticias.com.br\/temp\/wp-json\/wp\/v2\/tags?post=5776"}],"curies":[{"name":"wp","href":"https:\/\/api.w.org\/{rel}","templated":true}]}}