{"id":5786,"date":"2025-11-18T12:18:00","date_gmt":"2025-11-18T12:18:00","guid":{"rendered":"https:\/\/friburgonoticias.com.br\/temp\/2025\/11\/18\/um-dia-apos-anuncio-de-operacao-remocao-de-barricadas-sera-tema-de-discussao-na-camara-do-rio-nesta-terca-18\/"},"modified":"2025-11-18T12:18:00","modified_gmt":"2025-11-18T12:18:00","slug":"um-dia-apos-anuncio-de-operacao-remocao-de-barricadas-sera-tema-de-discussao-na-camara-do-rio-nesta-terca-18","status":"publish","type":"post","link":"https:\/\/friburgonoticias.com.br\/temp\/2025\/11\/18\/um-dia-apos-anuncio-de-operacao-remocao-de-barricadas-sera-tema-de-discussao-na-camara-do-rio-nesta-terca-18\/","title":{"rendered":"Um dia ap\u00f3s an\u00fancio de opera\u00e7\u00e3o, remo\u00e7\u00e3o de barricadas ser\u00e1 tema de discuss\u00e3o na C\u00e2mara do Rio nesta ter\u00e7a (18)"},"content":{"rendered":"<p><\/p>\n<div itemprop=\"articleBody\">\nUm dia ap\u00f3s o governo estadual anunciar uma <a href=\"https:\/\/temporealrj.com\/primeiras-acoes-da-operacao-barricada-zero-comecam-na-semana-que-vem\/\">for\u00e7a-tarefa para remover barricadas na Regi\u00e3o Metropolitana do Rio<\/a>, a <a href=\"https:\/\/temporealrj.com\/messina-reapresenta-na-camara-o-projeto-que-preve-o-cercamento-das-areas-de-recreacao-infantil-em-pracas-e-parques-publicos-do-rio\/4\">C\u00e2mara dos Vereadores<\/a> da capital tamb\u00e9m discute os bloqueios a vias p\u00fablicas nesta ter\u00e7a-feira (18). Est\u00e1 previsto para acontecer na sess\u00e3o desta tarde o debate em torno do projeto de lei que cria o Protocolo Municipal de Desobstru\u00e7\u00e3o e Restabelecimento de Vias P\u00fablicas, de autoria do presidente da Comiss\u00e3o de Assuntos Urbanos, o <a href=\"https:\/\/temporealrj.com\/vereador-celebra-o-dia-do-bolinho-de-bacalhau-com-50-de-desconto-no-cadeg\/\">vereador Pedro Duarte (Novo)<\/a>.<\/p>\n<p>A informa\u00e7\u00e3o \u00e9 do jornal \u201cO Globo\u201d. O projeto de lei n\u00e3o tem rela\u00e7\u00e3o direta com a \u201cOpera\u00e7\u00e3o Barricada Zero\u201d. A proposta de Duarte prev\u00ea o estabelecimento de quatro fases operacionais para a atua\u00e7\u00e3o da Prefeitura no combate a barricadas.<\/p>\n<p>O protocolo come\u00e7a com a\u00e7\u00f5es de seguran\u00e7a pr\u00e9via, segue com a desobstru\u00e7\u00e3o f\u00edsica de impedimentos nas vias, a revitaliza\u00e7\u00e3o do trecho desobstru\u00eddo e, por fim, a\u00e7\u00f5es cont\u00ednuas de urbanismo e monitoramento para evitar a reinstala\u00e7\u00e3o das barreiras na quarta e \u00faltima fase.<\/p>\n<h2 class=\"wp-block-heading\">Projeto de lei quer canal de integra\u00e7\u00e3o para discutir remo\u00e7\u00e3o de barricadas<\/h2>\n<p>Al\u00e9m das etapas, o PL a ser discutido pelo legislativo carioca quer estabelecer um novo canal de integra\u00e7\u00e3o entre \u00f3rg\u00e3os estaduais \u2014 sobretudo os de seguran\u00e7a p\u00fablica \u2014 e a Prefeitura do Rio. A proposta de di\u00e1logo entre os governos estadual e municipal se assemelha \u00e0 anunciada pelo <a href=\"https:\/\/temporealrj.com\/castro-e-paes-sem-barricadas-nem-barreiras\/\">governador Cl\u00e1udio Castro (PL)<\/a> nesta segunda (17). O governo come\u00e7ou a semana recebendo prefeitos de diferentes munic\u00edpios para alinhar detalhes sobre a <a href=\"https:\/\/temporealrj.com\/castro-recebe-prefeitos-para-discutir-operacao-barricada-zero-nesta-segunda-17\/\">Opera\u00e7\u00e3o Barricada Zero<\/a>, que deve come\u00e7ar j\u00e1 na pr\u00f3xima semana.\u00a0<\/p>\n<p>Segundo as autoridades, a meta das for\u00e7as policiais \u00e9, em parceria com servi\u00e7os de diferentes secretarias estaduais, retirar todas as 13,6 mil barricadas da Regi\u00e3o Metropolitana, com previs\u00e3o de opera\u00e7\u00f5es em retalia\u00e7\u00e3o caso criminosos reinstalem o impedimento.<\/p>\n<p>Nessa primeira fase, recebem a a\u00e7\u00f5es da iniciativa as cidades de Belford Roxo, Japeri, Nova Igua\u00e7u, S\u00e3o Gon\u00e7alo, Itabora\u00ed, Duque de Caxias, Queimados, S\u00e3o Jo\u00e3o de Meriti, Nil\u00f3polis, Mesquita e Maric\u00e1, al\u00e9m da capital.\n<\/p><\/div>\n<p><\/a><\/p>\n<p>Fonte: temporealrj.com<\/p>\n","protected":false},"excerpt":{"rendered":"<p>Um dia ap\u00f3s o governo estadual anunciar uma for\u00e7a-tarefa para remover barricadas na Regi\u00e3o Metropolitana do Rio, a C\u00e2mara dos Vereadores da capital tamb\u00e9m discute os bloqueios a vias p\u00fablicas nesta ter\u00e7a-feira (18). Est\u00e1 previsto para acontecer na sess\u00e3o desta tarde o debate em torno do projeto de lei que cria o Protocolo Municipal de [&hellip;]<\/p>\n","protected":false},"author":3,"featured_media":5787,"comment_status":"open","ping_status":"open","sticky":false,"template":"","format":"standard","meta":{"advanced_seo_description":"","jetpack_seo_html_title":"","jetpack_seo_noindex":false,"fifu_image_url":"https:\/\/temporealrj.com\/wp-content\/uploads\/2025\/11\/Captura-de-tela-2025-11-18-080021-e1763463675690.png","fifu_image_alt":"","_jetpack_memberships_contains_paid_content":false,"footnotes":"","jetpack_publicize_message":"","jetpack_publicize_feature_enabled":true,"jetpack_social_post_already_shared":true,"jetpack_social_options":{"image_generator_settings":{"template":"highway","default_image_id":0,"font":"","enabled":false},"version":2}},"categories":[107],"tags":[],"class_list":{"0":"post-5786","1":"post","2":"type-post","3":"status-publish","4":"format-standard","5":"has-post-thumbnail","7":"category-economia"},"jetpack_publicize_connections":[],"jetpack_featured_media_url":"https:\/\/i0.wp.com\/temporealrj.com\/wp-content\/uploads\/2025\/11\/Captura-de-tela-2025-11-18-080021-e1763463675690.png?fit=%2C&ssl=1","jetpack_sharing_enabled":true,"jetpack-related-posts":[],"_links":{"self":[{"href":"https:\/\/friburgonoticias.com.br\/temp\/wp-json\/wp\/v2\/posts\/5786","targetHints":{"allow":["GET"]}}],"collection":[{"href":"https:\/\/friburgonoticias.com.br\/temp\/wp-json\/wp\/v2\/posts"}],"about":[{"href":"https:\/\/friburgonoticias.com.br\/temp\/wp-json\/wp\/v2\/types\/post"}],"author":[{"embeddable":true,"href":"https:\/\/friburgonoticias.com.br\/temp\/wp-json\/wp\/v2\/users\/3"}],"replies":[{"embeddable":true,"href":"https:\/\/friburgonoticias.com.br\/temp\/wp-json\/wp\/v2\/comments?post=5786"}],"version-history":[{"count":0,"href":"https:\/\/friburgonoticias.com.br\/temp\/wp-json\/wp\/v2\/posts\/5786\/revisions"}],"wp:featuredmedia":[{"embeddable":true,"href":"https:\/\/friburgonoticias.com.br\/temp\/wp-json\/wp\/v2\/media\/5787"}],"wp:attachment":[{"href":"https:\/\/friburgonoticias.com.br\/temp\/wp-json\/wp\/v2\/media?parent=5786"}],"wp:term":[{"taxonomy":"category","embeddable":true,"href":"https:\/\/friburgonoticias.com.br\/temp\/wp-json\/wp\/v2\/categories?post=5786"},{"taxonomy":"post_tag","embeddable":true,"href":"https:\/\/friburgonoticias.com.br\/temp\/wp-json\/wp\/v2\/tags?post=5786"}],"curies":[{"name":"wp","href":"https:\/\/api.w.org\/{rel}","templated":true}]}}