{"id":5788,"date":"2025-11-18T12:39:42","date_gmt":"2025-11-18T12:39:42","guid":{"rendered":"https:\/\/friburgonoticias.com.br\/temp\/2025\/11\/18\/apos-anuncio-castro-oficializa-reajuste-no-aumento-no-ras-de-policiais-civis-e-militares-do-rio\/"},"modified":"2025-11-18T12:39:42","modified_gmt":"2025-11-18T12:39:42","slug":"apos-anuncio-castro-oficializa-reajuste-no-aumento-no-ras-de-policiais-civis-e-militares-do-rio","status":"publish","type":"post","link":"https:\/\/friburgonoticias.com.br\/temp\/2025\/11\/18\/apos-anuncio-castro-oficializa-reajuste-no-aumento-no-ras-de-policiais-civis-e-militares-do-rio\/","title":{"rendered":"Ap\u00f3s an\u00fancio, Castro oficializa reajuste no aumento no RAS de policiais civis e militares do Rio"},"content":{"rendered":"<p><\/p>\n<div itemprop=\"articleBody\">\nForam publicados no Di\u00e1rio Oficial do estado, nesta ter\u00e7a-feira (18), os reajustes da remunera\u00e7\u00e3o paga a policiais civis e militares pelo Regime Adicional de Servi\u00e7o (RAS). O aumento de 36% <a href=\"https:\/\/temporealrj.com\/castro-anuncia-aumento-no-ras-de-policiais-militares-do-rio\/\">j\u00e1 havia sido anunciado<\/a> pelo governador <a href=\"https:\/\/temporealrj.com\/governo-do-rio-anuncia-reajuste-do-auxilio-alimentacao-da-policia-militar-em-mais-de-160\/\">Cl\u00e1udio Castro (PL)<\/a> na semana passada. A mudan\u00e7a vale para as duas for\u00e7as de pol\u00edcia. Essa \u00e9 a primeira vez que o valor \u00e9 reajustado desde 2019.\u00a0<\/p>\n<p>O decreto tamb\u00e9m oficializa a cria\u00e7\u00e3o do RAS 24h. O regime em tempo integral, que deve acontecer apenas em casos de urgente necessidade, pode pagar at\u00e9 R$ 1.512,14 para os agentes.<\/p>\n<p>No caso dos militares, a mudan\u00e7a alterou as categorias de servidores que podem fazer RAS. Agora, s\u00e3o quatro: Oficiais Superiores; de Tenentes e Capit\u00e3es; de Subtenentes e Sargentos; e a de Cabos e Soldados. J\u00e1 no caso da <a href=\"https:\/\/temporealrj.com\/sindicato-de-policiais-civis-do-rio-pede-adicional-de-100-sobre-pensao-por-morte\/\">Pol\u00edcia Civil<\/a>, as categorias s\u00e3o A, B e C.<\/p>\n<p>Com o Decreto no Di\u00e1rio Oficial, os novos valores passam a valer a partir de dezembro \u2014 o que, naturalmente, afeta os pagamentos de janeiro.<\/p>\n<div class=\"wp-block-image\">\n<figure class=\"aligncenter size-large is-resized\"><img loading=\"lazy\" decoding=\"async\" width=\"1024\" height=\"461\" src=\"https:\/\/temporealrj.com\/wp-content\/uploads\/2025\/11\/WhatsApp-Image-2025-11-18-at-08.24.05-1024x461.jpeg\" alt=\"WhatsApp Image 2025 11 18 at 08.24.05\" class=\"wp-image-106105\" style=\"width:558px;height:auto\" title=\"Ap\u00f3s an\u00fancio, Castro oficializa reajuste no aumento no RAS de policiais civis e militares do Rio 62\" srcset=\"https:\/\/temporealrj.com\/wp-content\/uploads\/2025\/11\/WhatsApp-Image-2025-11-18-at-08.24.05-1024x461.jpeg 1024w, https:\/\/temporealrj.com\/wp-content\/uploads\/2025\/11\/WhatsApp-Image-2025-11-18-at-08.24.05-300x135.jpeg 300w, https:\/\/temporealrj.com\/wp-content\/uploads\/2025\/11\/WhatsApp-Image-2025-11-18-at-08.24.05-768x346.jpeg 768w, https:\/\/temporealrj.com\/wp-content\/uploads\/2025\/11\/WhatsApp-Image-2025-11-18-at-08.24.05-1536x691.jpeg 1536w, https:\/\/temporealrj.com\/wp-content\/uploads\/2025\/11\/WhatsApp-Image-2025-11-18-at-08.24.05-860x387.jpeg 860w, https:\/\/temporealrj.com\/wp-content\/uploads\/2025\/11\/WhatsApp-Image-2025-11-18-at-08.24.05.jpeg 1600w\" sizes=\"auto, (max-width: 1024px) 100vw, 1024px\"\/><\/figure>\n<\/div>\n<div class=\"wp-block-image\">\n<figure class=\"aligncenter size-large is-resized\"><img loading=\"lazy\" decoding=\"async\" width=\"1024\" height=\"353\" src=\"https:\/\/temporealrj.com\/wp-content\/uploads\/2025\/11\/WhatsApp-Image-2025-11-18-at-08.24.06-1024x353.jpeg\" alt=\"WhatsApp Image 2025 11 18 at 08.24.06\" class=\"wp-image-106106\" style=\"width:612px;height:auto\" title=\"Ap\u00f3s an\u00fancio, Castro oficializa reajuste no aumento no RAS de policiais civis e militares do Rio 63\" srcset=\"https:\/\/temporealrj.com\/wp-content\/uploads\/2025\/11\/WhatsApp-Image-2025-11-18-at-08.24.06-1024x353.jpeg 1024w, https:\/\/temporealrj.com\/wp-content\/uploads\/2025\/11\/WhatsApp-Image-2025-11-18-at-08.24.06-300x103.jpeg 300w, https:\/\/temporealrj.com\/wp-content\/uploads\/2025\/11\/WhatsApp-Image-2025-11-18-at-08.24.06-768x264.jpeg 768w, https:\/\/temporealrj.com\/wp-content\/uploads\/2025\/11\/WhatsApp-Image-2025-11-18-at-08.24.06-1536x529.jpeg 1536w, https:\/\/temporealrj.com\/wp-content\/uploads\/2025\/11\/WhatsApp-Image-2025-11-18-at-08.24.06-860x296.jpeg 860w, https:\/\/temporealrj.com\/wp-content\/uploads\/2025\/11\/WhatsApp-Image-2025-11-18-at-08.24.06.jpeg 1600w\" sizes=\"auto, (max-width: 1024px) 100vw, 1024px\"\/><\/figure>\n<\/div>\n<div class=\"wp-block-image\">\n<figure class=\"aligncenter size-large is-resized\"><img loading=\"lazy\" decoding=\"async\" width=\"1024\" height=\"431\" src=\"https:\/\/temporealrj.com\/wp-content\/uploads\/2025\/11\/WhatsApp-Image-2025-11-18-at-08.45.51-1024x431.jpeg\" alt=\"WhatsApp Image 2025 11 18 at 08.45.51\" class=\"wp-image-106107\" style=\"width:660px;height:auto\" title=\"Ap\u00f3s an\u00fancio, Castro oficializa reajuste no aumento no RAS de policiais civis e militares do Rio 64\" srcset=\"https:\/\/temporealrj.com\/wp-content\/uploads\/2025\/11\/WhatsApp-Image-2025-11-18-at-08.45.51-1024x431.jpeg 1024w, https:\/\/temporealrj.com\/wp-content\/uploads\/2025\/11\/WhatsApp-Image-2025-11-18-at-08.45.51-300x126.jpeg 300w, https:\/\/temporealrj.com\/wp-content\/uploads\/2025\/11\/WhatsApp-Image-2025-11-18-at-08.45.51-768x324.jpeg 768w, https:\/\/temporealrj.com\/wp-content\/uploads\/2025\/11\/WhatsApp-Image-2025-11-18-at-08.45.51-1536x647.jpeg 1536w, https:\/\/temporealrj.com\/wp-content\/uploads\/2025\/11\/WhatsApp-Image-2025-11-18-at-08.45.51-860x362.jpeg 860w, https:\/\/temporealrj.com\/wp-content\/uploads\/2025\/11\/WhatsApp-Image-2025-11-18-at-08.45.51.jpeg 1600w\" sizes=\"auto, (max-width: 1024px) 100vw, 1024px\"\/><\/figure>\n<\/div>\n<div class=\"wp-block-image\">\n<figure class=\"aligncenter size-large is-resized\"><img loading=\"lazy\" decoding=\"async\" width=\"1024\" height=\"379\" src=\"https:\/\/temporealrj.com\/wp-content\/uploads\/2025\/11\/WhatsApp-Image-2025-11-18-at-08.45.52-1024x379.jpeg\" alt=\"WhatsApp Image 2025 11 18 at 08.45.52\" class=\"wp-image-106108\" style=\"width:635px;height:auto\" title=\"Ap\u00f3s an\u00fancio, Castro oficializa reajuste no aumento no RAS de policiais civis e militares do Rio 65\" srcset=\"https:\/\/temporealrj.com\/wp-content\/uploads\/2025\/11\/WhatsApp-Image-2025-11-18-at-08.45.52-1024x379.jpeg 1024w, https:\/\/temporealrj.com\/wp-content\/uploads\/2025\/11\/WhatsApp-Image-2025-11-18-at-08.45.52-300x111.jpeg 300w, https:\/\/temporealrj.com\/wp-content\/uploads\/2025\/11\/WhatsApp-Image-2025-11-18-at-08.45.52-768x284.jpeg 768w, https:\/\/temporealrj.com\/wp-content\/uploads\/2025\/11\/WhatsApp-Image-2025-11-18-at-08.45.52-1536x568.jpeg 1536w, https:\/\/temporealrj.com\/wp-content\/uploads\/2025\/11\/WhatsApp-Image-2025-11-18-at-08.45.52-860x318.jpeg 860w, https:\/\/temporealrj.com\/wp-content\/uploads\/2025\/11\/WhatsApp-Image-2025-11-18-at-08.45.52.jpeg 1600w\" sizes=\"auto, (max-width: 1024px) 100vw, 1024px\"\/><\/figure>\n<\/div>\n<\/div>\n<p><\/a><\/p>\n<p>Fonte: temporealrj.com<\/p>\n","protected":false},"excerpt":{"rendered":"<p>Foram publicados no Di\u00e1rio Oficial do estado, nesta ter\u00e7a-feira (18), os reajustes da remunera\u00e7\u00e3o paga a policiais civis e militares pelo Regime Adicional de Servi\u00e7o (RAS). O aumento de 36% j\u00e1 havia sido anunciado pelo governador Cl\u00e1udio Castro (PL) na semana passada. A mudan\u00e7a vale para as duas for\u00e7as de pol\u00edcia. Essa \u00e9 a primeira [&hellip;]<\/p>\n","protected":false},"author":3,"featured_media":5789,"comment_status":"open","ping_status":"open","sticky":false,"template":"","format":"standard","meta":{"advanced_seo_description":"","jetpack_seo_html_title":"","jetpack_seo_noindex":false,"fifu_image_url":"https:\/\/temporealrj.com\/wp-content\/uploads\/2025\/11\/ras-pm-policia-e1763467483321.jpg","fifu_image_alt":"","_jetpack_memberships_contains_paid_content":false,"footnotes":"","jetpack_publicize_message":"","jetpack_publicize_feature_enabled":true,"jetpack_social_post_already_shared":true,"jetpack_social_options":{"image_generator_settings":{"template":"highway","default_image_id":0,"font":"","enabled":false},"version":2}},"categories":[106,1],"tags":[],"class_list":{"0":"post-5788","1":"post","2":"type-post","3":"status-publish","4":"format-standard","5":"has-post-thumbnail","7":"category-politica","8":"category-uncategorized"},"jetpack_publicize_connections":[],"jetpack_featured_media_url":"https:\/\/i0.wp.com\/temporealrj.com\/wp-content\/uploads\/2025\/11\/ras-pm-policia-e1763467483321.jpg?fit=%2C&ssl=1","jetpack_sharing_enabled":true,"jetpack-related-posts":[],"_links":{"self":[{"href":"https:\/\/friburgonoticias.com.br\/temp\/wp-json\/wp\/v2\/posts\/5788","targetHints":{"allow":["GET"]}}],"collection":[{"href":"https:\/\/friburgonoticias.com.br\/temp\/wp-json\/wp\/v2\/posts"}],"about":[{"href":"https:\/\/friburgonoticias.com.br\/temp\/wp-json\/wp\/v2\/types\/post"}],"author":[{"embeddable":true,"href":"https:\/\/friburgonoticias.com.br\/temp\/wp-json\/wp\/v2\/users\/3"}],"replies":[{"embeddable":true,"href":"https:\/\/friburgonoticias.com.br\/temp\/wp-json\/wp\/v2\/comments?post=5788"}],"version-history":[{"count":0,"href":"https:\/\/friburgonoticias.com.br\/temp\/wp-json\/wp\/v2\/posts\/5788\/revisions"}],"wp:featuredmedia":[{"embeddable":true,"href":"https:\/\/friburgonoticias.com.br\/temp\/wp-json\/wp\/v2\/media\/5789"}],"wp:attachment":[{"href":"https:\/\/friburgonoticias.com.br\/temp\/wp-json\/wp\/v2\/media?parent=5788"}],"wp:term":[{"taxonomy":"category","embeddable":true,"href":"https:\/\/friburgonoticias.com.br\/temp\/wp-json\/wp\/v2\/categories?post=5788"},{"taxonomy":"post_tag","embeddable":true,"href":"https:\/\/friburgonoticias.com.br\/temp\/wp-json\/wp\/v2\/tags?post=5788"}],"curies":[{"name":"wp","href":"https:\/\/api.w.org\/{rel}","templated":true}]}}