{"id":5814,"date":"2025-11-19T06:03:00","date_gmt":"2025-11-19T06:03:00","guid":{"rendered":"https:\/\/friburgonoticias.com.br\/temp\/2025\/11\/19\/marco-legal-aumenta-pena-de-prisao-para-crimes-cometidos-por-integrante-de-organizacao-criminosa-noticias\/"},"modified":"2025-11-19T06:03:00","modified_gmt":"2025-11-19T06:03:00","slug":"marco-legal-aumenta-pena-de-prisao-para-crimes-cometidos-por-integrante-de-organizacao-criminosa-noticias","status":"publish","type":"post","link":"https:\/\/friburgonoticias.com.br\/temp\/2025\/11\/19\/marco-legal-aumenta-pena-de-prisao-para-crimes-cometidos-por-integrante-de-organizacao-criminosa-noticias\/","title":{"rendered":"Marco legal aumenta pena de pris\u00e3o para crimes cometidos por integrante de organiza\u00e7\u00e3o criminosa &#8211; Not\u00edcias"},"content":{"rendered":"<p><\/p>\n<div>\n<p class=\"g-artigo__data-hora\">\n                      19\/11\/2025 &#8211; 00:56 \u00a0\n                    <\/p>\n<div id=\"image-container-1224899\" class=\"image-container\" style=\"float: none; margin: 45px 0px; width: 100%;\" data-midia=\"1224899\">\n        <em>Kayo Magalh\u00e3es\/C\u00e2mara dos Deputados<\/em><\/p>\n<p>        Guilherme Derrite, relator do projeto de lei\n        <\/p><\/div>\n<p>        Aprovado pela C\u00e2mara dos Deputados, o marco legal do combate ao crime organizado tamb\u00e9m aumenta a pena de <span id=\"4303\" class=\"termoGlossario\" title=\"A reclus\u00e3o \u00e9 a mais severa entre as penas privativas de liberdade. Destina-se a crimes dolosos (com inten\u00e7\u00e3o).\" contenteditable=\"false\" data-toggle=\"tooltip\" data-placement=\"top\">reclus\u00e3o<\/span> para diversos crimes relacionados no C\u00f3digo Penal, se cometidos por integrante de organiza\u00e7\u00f5es criminosas ou mil\u00edcias ou no contexto das condutas listadas como dom\u00ednio social estruturado.<br \/>\n        As medidas constam do <span id=\"4098\" class=\"termoGlossario\" title=\"Nome que se d\u00e1 ao texto que altera substancialmente o conte\u00fado original da proposta. O substitutivo \u00e9 apresentado pelo relator e tem prefer\u00eancia na vota\u00e7\u00e3o sobre o projeto original.\" contenteditable=\"false\" data-toggle=\"tooltip\" data-placement=\"top\">substitutivo<\/span> do relator, deputado Guilherme Derrite (PP-SP), para o Projeto de Lei 5582\/25.<br \/>\n        Nessas condi\u00e7\u00f5es, s\u00e3o aumentadas as penas dos seguintes crimes:<\/p>\n<ul>\n<li>homic\u00eddio doloso: de 6 a 20 anos para 20 a 40 anos;<\/li>\n<li>les\u00e3o corporal seguida de morte: de 4 a 12 anos para 20 a 40 anos;<\/li>\n<li>les\u00e3o corporal, demais casos: aumento de 2\/3 da pena respectiva;<\/li>\n<li>sequestro ou c\u00e1rcere privado: de 1 a 3 anos para 12 a 20 anos;<\/li>\n<li>furto: de 1 a 4 anos para 4 a 10 anos;<\/li>\n<li>roubo: de 4 a 10 anos para 12 a 30 anos;<\/li>\n<li>roubo seguido de morte: de 20 a 30 anos para 20 a 40 anos;<\/li>\n<li>amea\u00e7a: de <span id=\"4293\" class=\"termoGlossario\" title=\"Pena privativa de liberdade que se cumpre em regime aberto ou semiaberto, salvo transfer\u00eancia excepcional para o regime fechado. \u00c9 menos severa que a reclus\u00e3o e mais rigorosa que a pris\u00e3o simples.\" contenteditable=\"false\" data-toggle=\"tooltip\" data-placement=\"top\">deten\u00e7\u00e3o<\/span> de 1 a 6 meses para reclus\u00e3o de 1 a 3 anos;<\/li>\n<li>recepta\u00e7\u00e3o de bens oriundos de crime: aumento de 2\/3 das penas em todos os casos;<\/li>\n<li>extors\u00e3o: aumento do triplo das penas em todos os casos;<\/li>\n<li>extors\u00e3o por meio de sequestro: aumento de 2\/3 das penas em todos os casos.<\/li>\n<\/ul>\n<p>        <strong>Bloqueio de bens<\/strong><br \/>De acordo com o texto aprovado para o Projeto de Lei 5582\/25, ser\u00e1 permitido o bloqueio de bens dos envolvidos em crimes listados no projeto vinculados \u00e0 atua\u00e7\u00e3o de organiza\u00e7\u00e3o criminosa, paramilitar ou mil\u00edcia privada, seja na fase de investiga\u00e7\u00e3o ou da a\u00e7\u00e3o penal.<br \/>\n        Esse bloqueio poder\u00e1 ser feito de of\u00edcio pelo juiz ou a pedido do Minist\u00e9rio P\u00fablico e envolve todos os tipos de bens, desde m\u00f3veis e im\u00f3veis, valores, criptomoeda ou cotas societ\u00e1rias.<br \/>\n        Al\u00e9m desse bloqueio, poder\u00e3o ser suspensas, limitadas ou proibidas atividades econ\u00f4micas, empresariais ou profissionais que possam ser utilizadas para ocultar ou movimentar bens ou valores il\u00edcitos.<br \/>\n        Adicionalmente, pode ser vedado o acesso, sem autoriza\u00e7\u00e3o judicial expressa, a instrumentos de cr\u00e9dito e de pagamento, com bloqueio cautelar de acesso a sistemas financeiros, plataformas digitais, dom\u00ednios e redes de comunica\u00e7\u00e3o eletr\u00f4nica vinculados \u00e0 organiza\u00e7\u00e3o criminosa.<br \/>\n        Ser\u00e1 permitido o bloqueio ao acesso a servi\u00e7os p\u00fablicos e privados comprovadamente utilizados para a pr\u00e1tica de crimes (tais como energia, telecomunica\u00e7\u00f5es, transporte e hospedagem digital) pelo prazo necess\u00e1rio \u00e0 interrup\u00e7\u00e3o da atividade il\u00edcita.<br \/>\n        Outras medidas cautelares s\u00e3o o afastamento do cargo, emprego ou fun\u00e7\u00e3o durante a investiga\u00e7\u00e3o, sem preju\u00edzo da remunera\u00e7\u00e3o; a proibi\u00e7\u00e3o de sa\u00edda do territ\u00f3rio nacional; e impossibilidade provis\u00f3ria de contratar com o poder p\u00fablico e receber benef\u00edcios fiscais.<br \/>\n        O investigado ou acusado poder\u00e1 ser ouvido apenas depois da ado\u00e7\u00e3o das medidas para apresentar o contradit\u00f3rio. Ele ter\u00e1 dez dias, contados da intima\u00e7\u00e3o, para apresentar provas ou pedir sua produ\u00e7\u00e3o para comprovar a origem l\u00edcita do bem, direito ou valor apreendido.<br \/>\n        Para fins de perdimento de bens, qualquer um que tenha sido utilizado para a pr\u00e1tica dos delitos ser\u00e1 considerado instrumento do crime, mesmo que n\u00e3o tenha sido destinado exclusivamente a esse prop\u00f3sito.<br \/>\n        <strong>Origem<\/strong><br \/>Caso a origem l\u00edcita seja comprovada, o bem, valor ou direito ser\u00e1 liberado.<br \/>Mas, se restar clara a origem il\u00edcita do bem, direito ou valor, o juiz poder\u00e1 decretar seu perdimento extraordin\u00e1rio, independentemente da condena\u00e7\u00e3o penal.<br \/>\n        A exce\u00e7\u00e3o ser\u00e1 para o prejudicado e o terceiro interessado que, se agiu de boa-f\u00e9, n\u00e3o tinha condi\u00e7\u00f5es de saber a proced\u00eancia ou a destina\u00e7\u00e3o il\u00edcita do bem.<br \/>\n        Em qualquer caso, l\u00edcito ou il\u00edcito, o Minist\u00e9rio P\u00fablico poder\u00e1 pedir ao juiz a ado\u00e7\u00e3o de medidas para o uso provis\u00f3rio dos bens (autom\u00f3veis, por exemplo) ou, se houver risco de estragarem (produtos perec\u00edveis), pedir sua venda antecipada.<br \/>\n        Quando do <span id=\"4142\" class=\"termoGlossario\" title=\"Express\u00e3o usada para uma decis\u00e3o (senten\u00e7a ou ac\u00f3rd\u00e3o) da qual n\u00e3o se pode mais recorrer, seja porque j\u00e1 passou por todos os recursos poss\u00edveis, seja porque o prazo para recorrer terminou. \" contenteditable=\"false\" data-toggle=\"tooltip\" data-placement=\"top\">tr\u00e2nsito em julgado<\/span>, se o r\u00e9u for absolvido, o valor sob cust\u00f3dia do poder p\u00fablico ser\u00e1 devolvido em at\u00e9 tr\u00eas dias \u00fateis, corrigido pela <span id=\"4239\" class=\"termoGlossario\" title=\"Taxa de juros de refer\u00eancia da economia brasileira, administrada pelo Banco Central. A Selic \u00e9 usada para controlar a infla\u00e7\u00e3o oficial do Pa\u00eds (IPCA).\" contenteditable=\"false\" data-toggle=\"tooltip\" data-placement=\"top\">taxa Selic<\/span>, mas apenas se comprovada sua origem l\u00edcita e se o bem n\u00e3o tiver sido declarado perdido.<br \/>\n        <strong>Sigilo<\/strong><br \/>At\u00e9 o cumprimento das medidas determinadas, o juiz dever\u00e1 mant\u00ea-las em sigilo. O descumprimento das medidas pelos agentes respons\u00e1veis por implement\u00e1-las implicar\u00e1 responsabilidade civil e administrativa, sem preju\u00edzo da apura\u00e7\u00e3o penal.<br \/>\n        Caber\u00e1 ao Conselho Nacional de Justi\u00e7a (CNJ) e ao Conselho Nacional do Minist\u00e9rio P\u00fablico (CNMP) supervisionar em conjunto a ado\u00e7\u00e3o dessas medidas, podendo pedir auditorias e adotar mecanismos de controle para garantir a integridade, a transpar\u00eancia e o correto emprego dos recursos recuperados.<br \/>\n        Todas as medidas citadas n\u00e3o inviabilizam procedimentos semelhantes previstos em regulamentos e leis espec\u00edficas no \u00e2mbito do processo administrativo, como aqueles abertos pela Receita Federal, pelo Banco Central e por outros \u00f3rg\u00e3os regulat\u00f3rios.<\/p>\n<div id=\"image-container-1224947\" class=\"image-container\" style=\"float: none; margin: 45px 0px; width: 100%;\" data-midia=\"1224947\">\n        <em>Bruno Spada\/C\u00e2mara dos Deputados<\/em><\/p>\n<p>        Hugo Motta (C) preside a sess\u00e3o do Plen\u00e1rio que aprovou o projeto\n        <\/p><\/div>\n<p>        <strong>Empresas ligadas<\/strong><br \/>Se no andar das investiga\u00e7\u00f5es surgirem ind\u00edcios concretos de que certa empresa ou pessoa jur\u00eddica esteja sendo beneficiada por organiza\u00e7\u00e3o criminosa, paramilitar ou mil\u00edcia privada, o juiz determinar\u00e1 o afastamento imediato dos s\u00f3cios e a interven\u00e7\u00e3o judicial em sua administra\u00e7\u00e3o.<br \/>\n        O objetivo dessa interven\u00e7\u00e3o \u00e9 interromper a atividade criminosa, preservar empregos e contratos de boa-f\u00e9.<br \/>\n        Um interventor nomeado pelo juiz assumir\u00e1 a administra\u00e7\u00e3o por seis meses prorrog\u00e1veis e poder\u00e1:<\/p>\n<ul>\n<li>suspender contratos e opera\u00e7\u00f5es suspeitas;<\/li>\n<li>romper v\u00ednculos com pessoas investigadas;<\/li>\n<li>realizar auditorias financeiras e cont\u00e1beis;<\/li>\n<li>identificar, separar e promover as medidas judiciais cab\u00edveis para o perdimento de bens, direitos ou valores de origem il\u00edcita;<\/li>\n<li>propor plano de saneamento ou liquida\u00e7\u00e3o judicial; e<\/li>\n<li>destinar recursos l\u00edquidos \u00e0 conta judicial vinculada, sob fiscaliza\u00e7\u00e3o do ju\u00edzo.<\/li>\n<\/ul>\n<p>        <strong>Venda antecipada<\/strong><br \/>Nos casos em que a pessoa jur\u00eddica detenha valor econ\u00f4mico l\u00edcito ou possa ser saneada, o juiz poder\u00e1 autorizar, a pedido do interventor, a venda antecipada das cotas, a\u00e7\u00f5es ou demais ativos.<br \/>\n        O valor dessa venda antecipada ser\u00e1 destinado:<\/p>\n<ul>\n<li>ao fundo de seguran\u00e7a p\u00fablica do respectivo estado ou do Distrito Federal, quando o delito estiver sendo investigado pelas autoridades locais;<\/li>\n<li>ao Fundo Nacional de Seguran\u00e7a P\u00fablica, quando estiver sendo investigado pela Pol\u00edcia Federal; ou<\/li>\n<li>em partes iguais no caso de atua\u00e7\u00e3o conjunta entre a Pol\u00edcia Federal e as for\u00e7as de seguran\u00e7a p\u00fablica estaduais ou distritais.<\/li>\n<\/ul>\n<p>        <strong>Devolu\u00e7\u00e3o<\/strong><br \/>Uma vez conclu\u00edda a interven\u00e7\u00e3o, caber\u00e1 ao juiz decidir, com base em relat\u00f3rio do interventor e manifesta\u00e7\u00e3o do Minist\u00e9rio P\u00fablico, por uma das seguintes medidas:<\/p>\n<ul>\n<li>restitui\u00e7\u00e3o da empresa aos s\u00f3cios de boa-f\u00e9, caso comprovada a inexist\u00eancia de dolo ou participa\u00e7\u00e3o na atividade criminosa;<\/li>\n<li>decreta\u00e7\u00e3o de perdimento total dos bens, direitos e valores quando comprovado que o patrim\u00f4nio da empresa vem essencialmente da atividade il\u00edcita; ou<\/li>\n<li>liquida\u00e7\u00e3o judicial da pessoa jur\u00eddica, com venda de seus bens e ativos, quando comprovada a participa\u00e7\u00e3o dolosa ou culposa grave, com destina\u00e7\u00e3o dos recursos aos fundos citados.<\/li>\n<\/ul>\n<p>        <strong>Medidas definitivas<\/strong><br \/>Quando ocorrer uma condena\u00e7\u00e3o em definitivo da pessoa envolvida (tr\u00e2nsito em julgado) e se os bens n\u00e3o tiverem j\u00e1 sido declarados perdidos, o juiz determinar\u00e1 a convers\u00e3o das medidas cautelares de bloqueio e restri\u00e7\u00f5es em medidas definitivas.<br \/>\n        A perda dos bens ocorrer\u00e1 mesmo se estiverem em nome de terceiros quando comprovada a sua origem ou destina\u00e7\u00e3o il\u00edcita.<br \/>\n        Haver\u00e1 ainda o confisco ampliado de bens incompat\u00edveis com a renda declarada do condenado nos cinco anos anteriores ao fato criminoso, exceto se existir \u201cprova cabal\u201d de origem l\u00edcita.<br \/>\n        Uma das consequ\u00eancias ser\u00e1 a responsabilidade solid\u00e1ria e sucess\u00f3ria dos s\u00f3cios, administradores, herdeiros e outras pessoas que tenham se beneficiado, direta ou indiretamente, dos bens e valores de origem il\u00edcita at\u00e9 o limite do proveito obtido.<br \/>\n        Quanto \u00e0s empresas envolvidas, dever\u00e1 ser dada baixa definitiva do CNPJ e responsabilidade solid\u00e1ria dos administradores e s\u00f3cios que contribu\u00edram, direta ou indiretamente, para a pr\u00e1tica dos crimes.<br \/>\n        Os condenados ser\u00e3o proibidos, por 12 a 15 anos, de contratar com o poder p\u00fablico, participar de licita\u00e7\u00f5es, receber benef\u00edcios fiscais ou integrar \u00f3rg\u00e3os de administra\u00e7\u00e3o ou controle de empresas p\u00fablicas ou de sociedades de economia mista.<br \/>\n        Essas medidas definitivas ter\u00e3o natureza de execu\u00e7\u00e3o penal patrimonial e n\u00e3o dependem de nova a\u00e7\u00e3o civil, como a a\u00e7\u00e3o aut\u00f4noma proposta tamb\u00e9m pelo relator no projeto.<br \/>\n        <strong>Destino do dinheiro<\/strong><br \/>Derrite aproveitou conte\u00fado do Projeto de Lei 4332\/25, do deputado Yury do Pared\u00e3o (MDB-CE), para mudar as regras de destina\u00e7\u00e3o de valores e bens apreendidos para aloc\u00e1-los a estados ou Distrito Federal se as apreens\u00f5es forem decorrentes da atua\u00e7\u00e3o de suas pol\u00edcias.<br \/>\n        As mudan\u00e7as no C\u00f3digo Penal se referem aos valores apreendidos por qualquer tipo de crime. Se declarados perdidos, esses valores n\u00e3o ser\u00e3o mais em favor apenas da Uni\u00e3o, mas tamb\u00e9m em favor de estados e do Distrito Federal.<br \/>\n        Se os crimes forem praticados por organiza\u00e7\u00f5es criminosas ou mil\u00edcias, o bem dever\u00e1 ser destinado ao ente federativo da Justi\u00e7a onde tramita a a\u00e7\u00e3o penal (federal, estadual ou distrital).<br \/>\n        A mudan\u00e7a atinge ainda os valores com pena de perdimento em rela\u00e7\u00e3o aos crimes de lavagem de dinheiro. Nessa lei j\u00e1 existe diferencia\u00e7\u00e3o entre a destina\u00e7\u00e3o dos bens apreendidos para a Uni\u00e3o ou para os estados.<br \/>\n        O texto aprovado acrescenta nova diferencia\u00e7\u00e3o para o caso dos bens declarados perdidos pela Justi\u00e7a do Distrito Federal, direcionando ao governo do DF os bens e valores.<\/p>\n<p style=\"font-size: 0.8rem; font-weight: 700;\">Reportagem \u2013 Eduardo Piovesan<br \/>Edi\u00e7\u00e3o \u2013 Pierre Triboli<\/p>\n<\/p><\/div>\n<p><\/a><\/p>\n<p>Fonte: www.camara.leg.br<\/p>\n","protected":false},"excerpt":{"rendered":"<p>19\/11\/2025 &#8211; 00:56 \u00a0 Kayo Magalh\u00e3es\/C\u00e2mara dos Deputados Guilherme Derrite, relator do projeto de lei Aprovado pela C\u00e2mara dos Deputados, o marco legal do combate ao crime organizado tamb\u00e9m aumenta a pena de reclus\u00e3o para diversos crimes relacionados no C\u00f3digo Penal, se cometidos por integrante de organiza\u00e7\u00f5es criminosas ou mil\u00edcias ou no contexto das condutas [&hellip;]<\/p>\n","protected":false},"author":3,"featured_media":5815,"comment_status":"open","ping_status":"open","sticky":false,"template":"","format":"standard","meta":{"advanced_seo_description":"","jetpack_seo_html_title":"","jetpack_seo_noindex":false,"fifu_image_url":"https:\/\/www.camara.leg.br\/midias\/image\/2025\/11\/img20251118191208906-768x473.jpg","fifu_image_alt":"","_jetpack_memberships_contains_paid_content":false,"footnotes":"","jetpack_publicize_message":"","jetpack_publicize_feature_enabled":true,"jetpack_social_post_already_shared":true,"jetpack_social_options":{"image_generator_settings":{"template":"highway","default_image_id":0,"font":"","enabled":false},"version":2}},"categories":[106,1],"tags":[],"class_list":{"0":"post-5814","1":"post","2":"type-post","3":"status-publish","4":"format-standard","5":"has-post-thumbnail","7":"category-politica","8":"category-uncategorized"},"jetpack_publicize_connections":[],"jetpack_featured_media_url":"https:\/\/i0.wp.com\/www.camara.leg.br\/midias\/image\/2025\/11\/img20251118191208906-768x473.jpg?fit=%2C&ssl=1","jetpack_sharing_enabled":true,"jetpack-related-posts":[],"_links":{"self":[{"href":"https:\/\/friburgonoticias.com.br\/temp\/wp-json\/wp\/v2\/posts\/5814","targetHints":{"allow":["GET"]}}],"collection":[{"href":"https:\/\/friburgonoticias.com.br\/temp\/wp-json\/wp\/v2\/posts"}],"about":[{"href":"https:\/\/friburgonoticias.com.br\/temp\/wp-json\/wp\/v2\/types\/post"}],"author":[{"embeddable":true,"href":"https:\/\/friburgonoticias.com.br\/temp\/wp-json\/wp\/v2\/users\/3"}],"replies":[{"embeddable":true,"href":"https:\/\/friburgonoticias.com.br\/temp\/wp-json\/wp\/v2\/comments?post=5814"}],"version-history":[{"count":0,"href":"https:\/\/friburgonoticias.com.br\/temp\/wp-json\/wp\/v2\/posts\/5814\/revisions"}],"wp:featuredmedia":[{"embeddable":true,"href":"https:\/\/friburgonoticias.com.br\/temp\/wp-json\/wp\/v2\/media\/5815"}],"wp:attachment":[{"href":"https:\/\/friburgonoticias.com.br\/temp\/wp-json\/wp\/v2\/media?parent=5814"}],"wp:term":[{"taxonomy":"category","embeddable":true,"href":"https:\/\/friburgonoticias.com.br\/temp\/wp-json\/wp\/v2\/categories?post=5814"},{"taxonomy":"post_tag","embeddable":true,"href":"https:\/\/friburgonoticias.com.br\/temp\/wp-json\/wp\/v2\/tags?post=5814"}],"curies":[{"name":"wp","href":"https:\/\/api.w.org\/{rel}","templated":true}]}}