{"id":5824,"date":"2025-11-19T16:01:57","date_gmt":"2025-11-19T16:01:57","guid":{"rendered":"https:\/\/friburgonoticias.com.br\/temp\/2025\/11\/19\/rodrigo-amorim-insiste-em-vender-imovel-do-grupo-tortura-nunca-mais-para-dar-licao-pedagogica-em-entidades-de-direitos-humanos\/"},"modified":"2025-11-19T16:01:57","modified_gmt":"2025-11-19T16:01:57","slug":"rodrigo-amorim-insiste-em-vender-imovel-do-grupo-tortura-nunca-mais-para-dar-licao-pedagogica-em-entidades-de-direitos-humanos","status":"publish","type":"post","link":"https:\/\/friburgonoticias.com.br\/temp\/2025\/11\/19\/rodrigo-amorim-insiste-em-vender-imovel-do-grupo-tortura-nunca-mais-para-dar-licao-pedagogica-em-entidades-de-direitos-humanos\/","title":{"rendered":"Rodrigo Amorim insiste em vender im\u00f3vel do Grupo Tortura Nunca Mais para dar &#8216;li\u00e7\u00e3o pedag\u00f3gica&#8217; em entidades de direitos humanos"},"content":{"rendered":"<p><\/p>\n<div itemprop=\"articleBody\">\nO presidente da Comiss\u00e3o de Constitui\u00e7\u00e3o e Justi\u00e7a (CCJ) da Alerj, Rodrigo Amorim (Uni\u00e3o), voltou a defender nesta quarta-feira (19) que o im\u00f3vel usado pelo Grupo Tortura Nunca Mais seja <a href=\"https:\/\/temporealrj.com\/black-friday-deputados-querem-vender-central-do-brasil-rodoviaria-novo-rio-maracana-e-terreno-do-engenhao\/\">inclu\u00eddo na lista de bens autorizados para venda pelo governo estadual<\/a>. A medida, segundo ele, deveria servir como \u201cexemplo pedag\u00f3gico\u201d para organiza\u00e7\u00f5es que, em sua leitura, utilizam estruturas p\u00fablicas para atua\u00e7\u00e3o pol\u00edtica.<\/p>\n<p>Amorim \u00e9 o autor da Emenda n\u00ba 65, que reinclui o im\u00f3vel na rela\u00e7\u00e3o. A proposta havia sido acatada pelo novo relator, deputado Fred Pacheco (PMN), no parecer apresentado hoje. Mas, ao perceber que sua emenda constava entre as aceitas pela CCJ, Amorim pediu a retirada imediata.<\/p>\n<p>Segundo ele, o tema \u00e9 abertamente ideol\u00f3gico \u2014 e por isso deve ser enfrentado no plen\u00e1rio, n\u00e3o na comiss\u00e3o.<\/p>\n<p>\u201cEu cumpro meu compromisso de n\u00e3o politizar a CCJ. Mas essa emenda \u00e9 minha pauta ideol\u00f3gica, e eu vou defend\u00ea-la onde ela deve ser defendida: no plen\u00e1rio\u201d, afirmou.<\/p>\n<p>O deputado justificou a inclus\u00e3o do im\u00f3vel do Tortura Nunca Mais como resposta \u00e0s cr\u00edticas feitas pela entidade quando o projeto come\u00e7ou a tramitar.<\/p>\n<p>\u201cO Grupo fez duras cr\u00edticas na imprensa por conta desse projeto. Quem quiser fazer milit\u00e2ncia que fa\u00e7a com as suas pr\u00f3prias expensas, n\u00e3o com dinheiro do Poder P\u00fablico\u201d, disse Amorim.<\/p>\n<p>Ele repetiu que considera o im\u00f3vel inadequado para ser mantido pelo estado, e que pretende liderar uma articula\u00e7\u00e3o conservadora para aprovar a venda.<\/p>\n<p>\u201cEu vou mobilizar todo o campo conservador. Quero que esse im\u00f3vel seja alienado o mais r\u00e1pido poss\u00edvel. Vai servir como car\u00e1ter pedag\u00f3gico para que outros grupos entendam que milit\u00e2ncia se faz com recursos pr\u00f3prios\u201d, afirmou.<\/p>\n<p>O relator Fred Pacheco acatou o pedido e retificou oralmente o parecer, retirando a Emenda 65 da lista.<\/p>\n<h2 class=\"wp-block-heading\">O que mais foi decidido sobre a venda dos im\u00f3veis<\/h2>\n<p>A comiss\u00e3o segue discutindo o novo parecer do projeto de lei complementar, que amplia significativamente a lista de bens \u00e0 venda. Entre as adi\u00e7\u00f5es acatadas est\u00e3o: a Rodovi\u00e1ria Novo Rio, o Est\u00e1dio do Engenh\u00e3o, o Est\u00e1dio Maracan\u00e3, o Terminal Am\u00e9rico Fontenelle, o pr\u00e9dio hist\u00f3rico da Central do Brasil, terminais rodovi\u00e1rios de Xer\u00e9m, Nil\u00f3polis, Niter\u00f3i e Nova Igua\u00e7u, al\u00e9m de im\u00f3veis ligados a movimentos sociais como a Casa Nem e a Casa Almerinda Gama.<\/p>\n<p>O parecer da CCJ, ainda: <\/p>\n<ul>\n<li>cria uma regra nova para im\u00f3veis avaliados acima de R$ 90 milh\u00f5es;<\/li>\n<li>rejeita as emendas feitas por parlamentares de centro e esquerda;<\/li>\n<li>e substitui integralmente o texto, adicionando novas regras para venda de im\u00f3veis ocupados, direito de prefer\u00eancia, possibilidade de aliena\u00e7\u00e3o por parcelas, exig\u00eancia de laudo de avalia\u00e7\u00e3o e destina\u00e7\u00e3o de 50% da receita ao Fundo Soberano.<\/li>\n<\/ul>\n<p>A CCJ ainda n\u00e3o encerrou a vota\u00e7\u00e3o do parecer, que deve seguir para o plen\u00e1rio em regime de urg\u00eancia.\n<\/p><\/div>\n<p><\/a><\/p>\n<p>Fonte: temporealrj.com<\/p>\n","protected":false},"excerpt":{"rendered":"<p>O presidente da Comiss\u00e3o de Constitui\u00e7\u00e3o e Justi\u00e7a (CCJ) da Alerj, Rodrigo Amorim (Uni\u00e3o), voltou a defender nesta quarta-feira (19) que o im\u00f3vel usado pelo Grupo Tortura Nunca Mais seja inclu\u00eddo na lista de bens autorizados para venda pelo governo estadual. A medida, segundo ele, deveria servir como \u201cexemplo pedag\u00f3gico\u201d para organiza\u00e7\u00f5es que, em sua [&hellip;]<\/p>\n","protected":false},"author":3,"featured_media":5825,"comment_status":"open","ping_status":"open","sticky":false,"template":"","format":"standard","meta":{"advanced_seo_description":"","jetpack_seo_html_title":"","jetpack_seo_noindex":false,"fifu_image_url":"https:\/\/temporealrj.com\/wp-content\/uploads\/2025\/11\/Captura-de-tela-2025-11-19-121649-e1763565964443.png","fifu_image_alt":"","_jetpack_memberships_contains_paid_content":false,"footnotes":"","jetpack_publicize_message":"","jetpack_publicize_feature_enabled":true,"jetpack_social_post_already_shared":true,"jetpack_social_options":{"image_generator_settings":{"template":"highway","default_image_id":0,"font":"","enabled":false},"version":2}},"categories":[107],"tags":[],"class_list":{"0":"post-5824","1":"post","2":"type-post","3":"status-publish","4":"format-standard","5":"has-post-thumbnail","7":"category-economia"},"jetpack_publicize_connections":[],"jetpack_featured_media_url":"https:\/\/i0.wp.com\/temporealrj.com\/wp-content\/uploads\/2025\/11\/Captura-de-tela-2025-11-19-121649-e1763565964443.png?fit=%2C&ssl=1","jetpack_sharing_enabled":true,"jetpack-related-posts":[],"_links":{"self":[{"href":"https:\/\/friburgonoticias.com.br\/temp\/wp-json\/wp\/v2\/posts\/5824","targetHints":{"allow":["GET"]}}],"collection":[{"href":"https:\/\/friburgonoticias.com.br\/temp\/wp-json\/wp\/v2\/posts"}],"about":[{"href":"https:\/\/friburgonoticias.com.br\/temp\/wp-json\/wp\/v2\/types\/post"}],"author":[{"embeddable":true,"href":"https:\/\/friburgonoticias.com.br\/temp\/wp-json\/wp\/v2\/users\/3"}],"replies":[{"embeddable":true,"href":"https:\/\/friburgonoticias.com.br\/temp\/wp-json\/wp\/v2\/comments?post=5824"}],"version-history":[{"count":0,"href":"https:\/\/friburgonoticias.com.br\/temp\/wp-json\/wp\/v2\/posts\/5824\/revisions"}],"wp:featuredmedia":[{"embeddable":true,"href":"https:\/\/friburgonoticias.com.br\/temp\/wp-json\/wp\/v2\/media\/5825"}],"wp:attachment":[{"href":"https:\/\/friburgonoticias.com.br\/temp\/wp-json\/wp\/v2\/media?parent=5824"}],"wp:term":[{"taxonomy":"category","embeddable":true,"href":"https:\/\/friburgonoticias.com.br\/temp\/wp-json\/wp\/v2\/categories?post=5824"},{"taxonomy":"post_tag","embeddable":true,"href":"https:\/\/friburgonoticias.com.br\/temp\/wp-json\/wp\/v2\/tags?post=5824"}],"curies":[{"name":"wp","href":"https:\/\/api.w.org\/{rel}","templated":true}]}}