{"id":5836,"date":"2025-11-19T19:03:00","date_gmt":"2025-11-19T19:03:00","guid":{"rendered":"https:\/\/friburgonoticias.com.br\/temp\/2025\/11\/19\/camara-homenageia-dia-mundial-do-empreendedorismo-feminino-noticias\/"},"modified":"2025-11-19T19:03:00","modified_gmt":"2025-11-19T19:03:00","slug":"camara-homenageia-dia-mundial-do-empreendedorismo-feminino-noticias","status":"publish","type":"post","link":"https:\/\/friburgonoticias.com.br\/temp\/2025\/11\/19\/camara-homenageia-dia-mundial-do-empreendedorismo-feminino-noticias\/","title":{"rendered":"C\u00e2mara Homenageia Dia Mundial do Empreendedorismo Feminino &#8211; Not\u00edcias"},"content":{"rendered":"<p><\/p>\n<div>\n<p class=\"g-artigo__data-hora\">\n                      19\/11\/2025 &#8211; 15:53 \u00a0\n                    <\/p>\n<div id=\"image-container-1225436\" class=\"image-container\" style=\"float: none; margin: 45px 0px; width: 100%;\" data-midia=\"1225436\">\n        <em>Kayo Magalh\u00e3es \/ C\u00e2mara dos Deputados<\/em><\/p>\n<p>        Parlamentares propuseram a homenagem para reconhecer o papel das mulheres na economia\n        <\/p><\/div>\n<p>        A C\u00e2mara dos Deputados realizou nesta quarta-feira (19), no Plen\u00e1rio Ulysses Guimar\u00e3es, sess\u00e3o solene em homenagem ao Dia Mundial do Empreendedorismo Feminino. O debate destacou a necessidade de pol\u00edticas p\u00fablicas que ampliem o acesso ao cr\u00e9dito e \u00e0 capacita\u00e7\u00e3o profissional para mulheres empreendedoras em todo o pa\u00eds.<br \/>\n        Parlamentares propuseram a homenagem para reconhecer o papel das mulheres na economia. Atualmente, elas representam 34% das pessoas registradas como Microempreendedoras Individuais (MEIs) no Brasil.<br \/>\n        A deputada Adriana Ventura (Novo-SP), que presidiu a sess\u00e3o, afirmou que \u00e9 preciso reduzir barreiras burocr\u00e1ticas e tribut\u00e1rias.\u00a0\u201cA mulher empreendedora sustenta muitas fam\u00edlias e comunidades. Nosso papel \u00e9 simplificar a vida de quem produz e aprovar projetos que facilitem a formaliza\u00e7\u00e3o e a desburocratiza\u00e7\u00e3o dos pequenos neg\u00f3cios chefiados por mulheres\u201d, disse.<br \/>\n        A deputada Bia Kicis (PL-DF) destacou que o empreendedorismo fortalece a autonomia econ\u00f4mica das mulheres.\u00a0\u201cO empreendedorismo \u00e9 uma ferramenta de fortalecimento feminino. A autonomia financeira ajuda a prevenir a viol\u00eancia e ampliar as oportunidades de igualdade\u201d, afirmou.<\/p>\n<div id=\"image-container-1225443\" class=\"image-container\" style=\"float: none; margin: 45px 0px; width: 100%;\" data-midia=\"1225443\">\n        <em>Bruno Spada \/ C\u00e2mara dos Deputados<\/em><\/p>\n<p>        Adriana Ventura defendeu redu\u00e7\u00e3o de barreiras burocr\u00e1ticas e tribut\u00e1rias\n        <\/p><\/div>\n<p>        <strong>Sebrae apresenta a\u00e7\u00f5es de apoio<\/strong><br \/>A diretora do Servi\u00e7o Brasileiro de Apoio \u00e0s Micro e Pequenas Empresas (Sebrae), a ex-deputada Margareth Coelho, apresentou programas de treinamento e mentoria voltados para mulheres.<br \/>\n        \u201cO Sebrae desenvolve a\u00e7\u00f5es de inclus\u00e3o digital e financeira que j\u00e1 alcan\u00e7aram milhares de mulheres\u201d, declarou.<br \/>\n        Ela defendeu mudan\u00e7as legais que facilitem o acesso das mulheres a linhas de financiamento.<br \/>\n        \u201c\u00c9 importante que os crit\u00e9rios de cr\u00e9dito considerem a dupla jornada e as especificidades dos pequenos neg\u00f3cios femininos, muitos deles informais ou de baixa escala\u201d, afirmou.<\/p>\n<div id=\"image-container-1225440\" class=\"image-container\" style=\"float: none; margin: 45px 0px; width: 100%;\" data-midia=\"1225440\">\n        <em>Kayo Magalh\u00e3es \/ C\u00e2mara dos Deputados<\/em><\/p>\n<p>        Ana Fontes: \u201cMulheres empreendem com recursos pr\u00f3prios e t\u00eam dificuldade para obter investimentos\u201d\n        <\/p><\/div>\n<p>        <strong>Entidades pedem redu\u00e7\u00e3o das desigualdades<br \/><\/strong>A presidente da Rede Mulher Empreendedora, Ana Fontes, chamou aten\u00e7\u00e3o para os desafios enfrentados por mulheres que abrem seus neg\u00f3cios por necessidade.\u00a0\u201cA maioria das mulheres empreende com recursos pr\u00f3prios e encontra dificuldade para obter investimentos\u201d, disse.<br \/>\n        Ela tamb\u00e9m pediu pol\u00edticas p\u00fablicas adicionais: \u201cPrecisamos de licen\u00e7a-maternidade ampliada e de incentivos fiscais para empresas que oferecem creche. O empreendedorismo deve ser uma escolha sustent\u00e1vel, n\u00e3o a \u00fanica alternativa.\u201d<br \/>\n        A sess\u00e3o contou com a presen\u00e7a de empres\u00e1rias e representantes de organiza\u00e7\u00f5es, entre elas a presidente do Conselho da Mulher Empreendedora e da Cultura, Beatriz Guimar\u00e3es.<br \/>\n        \u00a0<\/p>\n<p style=\"font-size: 0.8rem; font-weight: 700;\">Da Reda\u00e7\u00e3o &#8211; GM<\/p>\n<\/p><\/div>\n<p><\/a><\/p>\n<p>Fonte: www.camara.leg.br<\/p>\n","protected":false},"excerpt":{"rendered":"<p>19\/11\/2025 &#8211; 15:53 \u00a0 Kayo Magalh\u00e3es \/ C\u00e2mara dos Deputados Parlamentares propuseram a homenagem para reconhecer o papel das mulheres na economia A C\u00e2mara dos Deputados realizou nesta quarta-feira (19), no Plen\u00e1rio Ulysses Guimar\u00e3es, sess\u00e3o solene em homenagem ao Dia Mundial do Empreendedorismo Feminino. O debate destacou a necessidade de pol\u00edticas p\u00fablicas que ampliem o [&hellip;]<\/p>\n","protected":false},"author":3,"featured_media":5837,"comment_status":"open","ping_status":"open","sticky":false,"template":"","format":"standard","meta":{"advanced_seo_description":"","jetpack_seo_html_title":"","jetpack_seo_noindex":false,"fifu_image_url":"https:\/\/www.camara.leg.br\/midias\/image\/2025\/11\/img20251119103904786-768x473.jpg","fifu_image_alt":"","_jetpack_memberships_contains_paid_content":false,"footnotes":"","jetpack_publicize_message":"","jetpack_publicize_feature_enabled":true,"jetpack_social_post_already_shared":true,"jetpack_social_options":{"image_generator_settings":{"template":"highway","default_image_id":0,"font":"","enabled":false},"version":2}},"categories":[106,1],"tags":[],"class_list":{"0":"post-5836","1":"post","2":"type-post","3":"status-publish","4":"format-standard","5":"has-post-thumbnail","7":"category-politica","8":"category-uncategorized"},"jetpack_publicize_connections":[],"jetpack_featured_media_url":"https:\/\/i0.wp.com\/www.camara.leg.br\/midias\/image\/2025\/11\/img20251119103904786-768x473.jpg?fit=%2C&ssl=1","jetpack_sharing_enabled":true,"jetpack-related-posts":[],"_links":{"self":[{"href":"https:\/\/friburgonoticias.com.br\/temp\/wp-json\/wp\/v2\/posts\/5836","targetHints":{"allow":["GET"]}}],"collection":[{"href":"https:\/\/friburgonoticias.com.br\/temp\/wp-json\/wp\/v2\/posts"}],"about":[{"href":"https:\/\/friburgonoticias.com.br\/temp\/wp-json\/wp\/v2\/types\/post"}],"author":[{"embeddable":true,"href":"https:\/\/friburgonoticias.com.br\/temp\/wp-json\/wp\/v2\/users\/3"}],"replies":[{"embeddable":true,"href":"https:\/\/friburgonoticias.com.br\/temp\/wp-json\/wp\/v2\/comments?post=5836"}],"version-history":[{"count":0,"href":"https:\/\/friburgonoticias.com.br\/temp\/wp-json\/wp\/v2\/posts\/5836\/revisions"}],"wp:featuredmedia":[{"embeddable":true,"href":"https:\/\/friburgonoticias.com.br\/temp\/wp-json\/wp\/v2\/media\/5837"}],"wp:attachment":[{"href":"https:\/\/friburgonoticias.com.br\/temp\/wp-json\/wp\/v2\/media?parent=5836"}],"wp:term":[{"taxonomy":"category","embeddable":true,"href":"https:\/\/friburgonoticias.com.br\/temp\/wp-json\/wp\/v2\/categories?post=5836"},{"taxonomy":"post_tag","embeddable":true,"href":"https:\/\/friburgonoticias.com.br\/temp\/wp-json\/wp\/v2\/tags?post=5836"}],"curies":[{"name":"wp","href":"https:\/\/api.w.org\/{rel}","templated":true}]}}