{"id":5862,"date":"2025-11-21T19:49:47","date_gmt":"2025-11-21T19:49:47","guid":{"rendered":"https:\/\/friburgonoticias.com.br\/temp\/2025\/11\/21\/paes-e-homenageado-em-tres-rios-em-encontro-que-reuniu-lideres-politicos-e-produtores-de-vinho\/"},"modified":"2025-11-21T19:49:47","modified_gmt":"2025-11-21T19:49:47","slug":"paes-e-homenageado-em-tres-rios-em-encontro-que-reuniu-lideres-politicos-e-produtores-de-vinho","status":"publish","type":"post","link":"https:\/\/friburgonoticias.com.br\/temp\/2025\/11\/21\/paes-e-homenageado-em-tres-rios-em-encontro-que-reuniu-lideres-politicos-e-produtores-de-vinho\/","title":{"rendered":"Paes \u00e9 homenageado em Tr\u00eas Rios em encontro que reuniu l\u00edderes pol\u00edticos e produtores de vinho \u00a0"},"content":{"rendered":"<p><\/p>\n<div itemprop=\"articleBody\">\nO prefeito Eduardo Paes (PSD), aproveitou o ponto facultativo para subir a serra nesta sexta-feira (21), e ser homenageado num grande encontro realizado em Tr\u00eas Rios, que reuniu cerca de 250 pessoas entre l\u00edderes empresariais e pol\u00edticos, incluindo o atual e dois\u00a0 ex-prefeitos de Tr\u00eas Rios, todos os 15 vereadores da C\u00e2mara, al\u00e9m do o atual e o ex-presidente da Firjan, Luiz Caetano e Eduardo Eug\u00eanio Gouv\u00eaa Vieira.<\/p>\n<p>O evento, promovido pelo empres\u00e1rio Carlos Erane de Aguiar, l\u00edder do empreendimento Alto da Boa Vista e fundador da Condor Tecnologias N\u00e3o Letais (presente hoje em 86 pa\u00edses em todo o mundo), teve o tema \u201cA vinicultura como vetor de desenvolvimento\u201d,\u00a0 com a presen\u00e7a produtores de uvas da regi\u00e3o.<\/p>\n<p>O encontro fez o feito raro de reunir, na mesma mesa, o atual prefeito, Jonas Dico, e dois ex-prefeitos, Joa e Celso Jacob. Presente tamb\u00e9m a vereadora Bia Bogossian, que disputou a \u00faltima elei\u00e7\u00e3o municipal contra Jonas Dico. Tudo no maior clima de paz.<\/p>\n<h2 class=\"wp-block-heading\">Paes agradeceu a homenagem e ressaltou a import\u00e2ncia dos vinicultura\u00a0 para inspirar novos caminhos<\/h2>\n<p>Embora tenha dito que ainda n\u00e3o \u00e9 oficialmente candidato, o prefeito do Rio sinalizou que projetos estruturantes, como o desenvolvimento da vinicultura, podem orientar o que est\u00e1 por vir.\u00a0<\/p>\n<p>\u201c\u00c9 muito impressionante os trabalho que voc\u00eas v\u00eam realizando e cabe ao pode p\u00fablico apoiar,\u00a0 para esse movimento crescer e se consolidar\u201d\u00a0 disse ele, anunciando que em breve far\u00e1 um grande evento no Pal\u00e1cio da Cidade, reunindo pratos feitos por chefs de cozinha renomados com vinhos produzidos no estado.<\/p>\n<p>Em seu discurso, o anfitri\u00e3o, que recebeu a maior honraria da C\u00e2mara, a de Comendador Ribeiro de S\u00e1, aprovada por unanimidade,\u00a0 destacou o esfor\u00e7o dos produtores de vinho locais e o impacto do setor na economia regional.<\/p>\n<p>\u201cOs produtores de vinho desta regi\u00e3o est\u00e3o, com trabalho e coragem,\u00a0 mudando a paisagem do interior. Eduardo, voc\u00ea tem em si o mesmo esp\u00edrito empreendedor dessas pessoas, tem amor pelo Rio e capacidade de entrega,\u00a0 e isso \u00e9 exatamente o que o estado precisa hoje\u201d, disse o anfitri\u00e3o.\u00a0<\/p>\n<p>Entre as lideran\u00e7as pol\u00edticas presentes, estavam tamb\u00e9m prefeito de Levy , Cl\u00e1udio Marannino, e o vice de Para\u00edba do Sul, Gil Lopes. A jornalista Geiza Rocha, doutoranda em Geografia da Puc-RJ, fez a palestra sobre o potencial da vinicultura como vetor da economia fluminense.<\/p>\n<figure class=\"wp-block-image size-large\"><img loading=\"lazy\" decoding=\"async\" width=\"1024\" height=\"576\" src=\"https:\/\/temporealrj.com\/wp-content\/uploads\/2025\/11\/WhatsApp-Image-2025-11-21-at-14.53.29-2-1024x576.jpeg\" alt=\"WhatsApp Image 2025 11 21 at 14.53.29 2\" class=\"wp-image-106706\" title=\"Paes \u00e9 homenageado em Tr\u00eas Rios em encontro que reuniu l\u00edderes pol\u00edticos e produtores de vinho \u00a0 62\" srcset=\"https:\/\/temporealrj.com\/wp-content\/uploads\/2025\/11\/WhatsApp-Image-2025-11-21-at-14.53.29-2-1024x576.jpeg 1024w, https:\/\/temporealrj.com\/wp-content\/uploads\/2025\/11\/WhatsApp-Image-2025-11-21-at-14.53.29-2-300x169.jpeg 300w, https:\/\/temporealrj.com\/wp-content\/uploads\/2025\/11\/WhatsApp-Image-2025-11-21-at-14.53.29-2-768x432.jpeg 768w, https:\/\/temporealrj.com\/wp-content\/uploads\/2025\/11\/WhatsApp-Image-2025-11-21-at-14.53.29-2-1536x864.jpeg 1536w, https:\/\/temporealrj.com\/wp-content\/uploads\/2025\/11\/WhatsApp-Image-2025-11-21-at-14.53.29-2-860x484.jpeg 860w, https:\/\/temporealrj.com\/wp-content\/uploads\/2025\/11\/WhatsApp-Image-2025-11-21-at-14.53.29-2.jpeg 1600w\" sizes=\"auto, (max-width: 1024px) 100vw, 1024px\"\/><figcaption class=\"wp-element-caption\">Paes almo\u00e7ou com os realizadores do evento, que debateu a ind\u00fastria vitivin\u00edcola no Rio<\/figcaption><\/figure>\n<\/div>\n<p><\/a><\/p>\n<p>Fonte: temporealrj.com<\/p>\n","protected":false},"excerpt":{"rendered":"<p>O prefeito Eduardo Paes (PSD), aproveitou o ponto facultativo para subir a serra nesta sexta-feira (21), e ser homenageado num grande encontro realizado em Tr\u00eas Rios, que reuniu cerca de 250 pessoas entre l\u00edderes empresariais e pol\u00edticos, incluindo o atual e dois\u00a0 ex-prefeitos de Tr\u00eas Rios, todos os 15 vereadores da C\u00e2mara, al\u00e9m do o [&hellip;]<\/p>\n","protected":false},"author":3,"featured_media":5863,"comment_status":"open","ping_status":"open","sticky":false,"template":"","format":"standard","meta":{"advanced_seo_description":"","jetpack_seo_html_title":"","jetpack_seo_noindex":false,"fifu_image_url":"https:\/\/temporealrj.com\/wp-content\/uploads\/2025\/11\/PAES_TRES_RIOS-e1763748708201.jpeg","fifu_image_alt":"","_jetpack_memberships_contains_paid_content":false,"footnotes":"","jetpack_publicize_message":"","jetpack_publicize_feature_enabled":true,"jetpack_social_post_already_shared":true,"jetpack_social_options":{"image_generator_settings":{"template":"highway","default_image_id":0,"font":"","enabled":false},"version":2}},"categories":[107],"tags":[],"class_list":{"0":"post-5862","1":"post","2":"type-post","3":"status-publish","4":"format-standard","5":"has-post-thumbnail","7":"category-economia"},"jetpack_publicize_connections":[],"jetpack_featured_media_url":"https:\/\/i0.wp.com\/temporealrj.com\/wp-content\/uploads\/2025\/11\/PAES_TRES_RIOS-e1763748708201.jpeg?fit=%2C&ssl=1","jetpack_sharing_enabled":true,"jetpack-related-posts":[],"_links":{"self":[{"href":"https:\/\/friburgonoticias.com.br\/temp\/wp-json\/wp\/v2\/posts\/5862","targetHints":{"allow":["GET"]}}],"collection":[{"href":"https:\/\/friburgonoticias.com.br\/temp\/wp-json\/wp\/v2\/posts"}],"about":[{"href":"https:\/\/friburgonoticias.com.br\/temp\/wp-json\/wp\/v2\/types\/post"}],"author":[{"embeddable":true,"href":"https:\/\/friburgonoticias.com.br\/temp\/wp-json\/wp\/v2\/users\/3"}],"replies":[{"embeddable":true,"href":"https:\/\/friburgonoticias.com.br\/temp\/wp-json\/wp\/v2\/comments?post=5862"}],"version-history":[{"count":0,"href":"https:\/\/friburgonoticias.com.br\/temp\/wp-json\/wp\/v2\/posts\/5862\/revisions"}],"wp:featuredmedia":[{"embeddable":true,"href":"https:\/\/friburgonoticias.com.br\/temp\/wp-json\/wp\/v2\/media\/5863"}],"wp:attachment":[{"href":"https:\/\/friburgonoticias.com.br\/temp\/wp-json\/wp\/v2\/media?parent=5862"}],"wp:term":[{"taxonomy":"category","embeddable":true,"href":"https:\/\/friburgonoticias.com.br\/temp\/wp-json\/wp\/v2\/categories?post=5862"},{"taxonomy":"post_tag","embeddable":true,"href":"https:\/\/friburgonoticias.com.br\/temp\/wp-json\/wp\/v2\/tags?post=5862"}],"curies":[{"name":"wp","href":"https:\/\/api.w.org\/{rel}","templated":true}]}}