{"id":5878,"date":"2025-11-24T14:43:07","date_gmt":"2025-11-24T14:43:07","guid":{"rendered":"https:\/\/friburgonoticias.com.br\/temp\/2025\/11\/24\/comissao-debate-acoes-de-prevencao-ao-desaparecimento-de-criancas-e-adolescentes-noticias\/"},"modified":"2025-11-24T14:43:07","modified_gmt":"2025-11-24T14:43:07","slug":"comissao-debate-acoes-de-prevencao-ao-desaparecimento-de-criancas-e-adolescentes-noticias","status":"publish","type":"post","link":"https:\/\/friburgonoticias.com.br\/temp\/2025\/11\/24\/comissao-debate-acoes-de-prevencao-ao-desaparecimento-de-criancas-e-adolescentes-noticias\/","title":{"rendered":"Comiss\u00e3o debate a\u00e7\u00f5es de preven\u00e7\u00e3o ao desaparecimento de crian\u00e7as e adolescentes &#8211; Not\u00edcias"},"content":{"rendered":"<p><\/p>\n<div>\n<p class=\"g-artigo__data-hora\">\n                      24\/11\/2025 &#8211; 11:35 \u00a0\n                    <\/p>\n<div id=\"image-container-1225720\" class=\"image-container\" style=\"float: none; margin: 45px 0px; width: 100%;\" data-midia=\"1225720\">\n        <em>Pablo Valadares \/ C\u00e2mara dos Deputados<\/em><\/p>\n<p>        Fl\u00e1via Morais: cerca de 50 mil crian\u00e7as e adolescentes desaparecem todos os anos no Pa\u00eds\n        <\/p><\/div>\n<p>        A Comiss\u00e3o de Previd\u00eancia, Assist\u00eancia Social, Inf\u00e2ncia, Adolesc\u00eancia e Fam\u00edlia da C\u00e2mara dos Deputados realiza, nesta ter\u00e7a-feira (25), audi\u00eancia p\u00fablica para discutir o Programa de Identifica\u00e7\u00e3o do Brasil e iniciativas de preven\u00e7\u00e3o ao desaparecimento de crian\u00e7as e adolescentes. O debate ser\u00e1 realizado \u00e0s 16 horas, em plen\u00e1rio a ser definido.<\/p>\n<p>        O debate atende a pedido da deputada Fl\u00e1via Morais (PDT-GO). Segundo a parlamentar, o objetivo \u00e9 discutir pol\u00edticas de identifica\u00e7\u00e3o e prote\u00e7\u00e3o da inf\u00e2ncia e adolesc\u00eancia em um cen\u00e1rio em que cerca de 50 mil crian\u00e7as e adolescentes desaparecem todos os anos no Pa\u00eds.<br \/>\n        Fl\u00e1via Morais afirma que a falta de pol\u00edticas p\u00fablicas consistentes agrava o problema e exp\u00f5e menores a riscos como tr\u00e1fico de pessoas, ado\u00e7\u00f5es irregulares, viol\u00eancia intrafamiliar, explora\u00e7\u00e3o sexual, trabalho for\u00e7ado e outras viola\u00e7\u00f5es graves de direitos humanos.<br \/>\n        \u201cAssim, o objetivo do debate \u00e9 engajar toda a sociedade na busca de solu\u00e7\u00f5es que afetam todas essas crian\u00e7as e adolescentes. Com o apoio e a participa\u00e7\u00e3o de todos contra os abusos e os descasos que afetam v\u00edtimas e familiares, uma nova realidade poder\u00e1 surgir, sobretudo com uma ampla divulga\u00e7\u00e3o do novo sistema de identifica\u00e7\u00e3o nacional do Pa\u00eds\u201d, afirma.<br \/>\n        <strong>Identidade<\/strong><br \/>A deputada destaca ainda a import\u00e2ncia da Carteira de Identidade Nacional (CIN), documento padronizado em todo o Brasil, que utiliza o CPF como n\u00famero \u00fanico e incorpora recursos de seguran\u00e7a como biometria e QR code. Ela tamb\u00e9m aponta a relev\u00e2ncia da identifica\u00e7\u00e3o neonatal, que associa dados biom\u00e9tricos de m\u00e3e e beb\u00ea para prevenir raptos e garantir seguran\u00e7a desde o nascimento.<br \/>\n        A experi\u00eancia do Estado de Goi\u00e1s, que implantou o Projeto Identifica\u00e7\u00e3o Neonatal Goi\u00e1s em unidades hospitalares, tamb\u00e9m ser\u00e1 apresentada no debate. A iniciativa vincula a biometria do rec\u00e9m-nascido \u00e0 da m\u00e3e logo ap\u00f3s o parto, reduzindo riscos de trocas e sequestros.<br \/>\n        \u00a0<\/p>\n<p style=\"font-size: 0.8rem; font-weight: 700;\">Da Reda\u00e7\u00e3o \u2013 RS<\/p>\n<\/p><\/div>\n<p><\/a><\/p>\n<p>Fonte: www.camara.leg.br<\/p>\n","protected":false},"excerpt":{"rendered":"<p>24\/11\/2025 &#8211; 11:35 \u00a0 Pablo Valadares \/ C\u00e2mara dos Deputados Fl\u00e1via Morais: cerca de 50 mil crian\u00e7as e adolescentes desaparecem todos os anos no Pa\u00eds A Comiss\u00e3o de Previd\u00eancia, Assist\u00eancia Social, Inf\u00e2ncia, Adolesc\u00eancia e Fam\u00edlia da C\u00e2mara dos Deputados realiza, nesta ter\u00e7a-feira (25), audi\u00eancia p\u00fablica para discutir o Programa de Identifica\u00e7\u00e3o do Brasil e iniciativas [&hellip;]<\/p>\n","protected":false},"author":3,"featured_media":5879,"comment_status":"open","ping_status":"open","sticky":false,"template":"","format":"standard","meta":{"advanced_seo_description":"","jetpack_seo_html_title":"","jetpack_seo_noindex":false,"fifu_image_url":"https:\/\/www.camara.leg.br\/midias\/image\/2025\/11\/img20251029173530336-768x473.jpg","fifu_image_alt":"","_jetpack_memberships_contains_paid_content":false,"footnotes":"","jetpack_publicize_message":"","jetpack_publicize_feature_enabled":true,"jetpack_social_post_already_shared":true,"jetpack_social_options":{"image_generator_settings":{"template":"highway","default_image_id":0,"font":"","enabled":false},"version":2}},"categories":[106,1],"tags":[],"class_list":{"0":"post-5878","1":"post","2":"type-post","3":"status-publish","4":"format-standard","5":"has-post-thumbnail","7":"category-politica","8":"category-uncategorized"},"jetpack_publicize_connections":[],"jetpack_featured_media_url":"https:\/\/i0.wp.com\/www.camara.leg.br\/midias\/image\/2025\/11\/img20251029173530336-768x473.jpg?fit=%2C&ssl=1","jetpack_sharing_enabled":true,"jetpack-related-posts":[],"_links":{"self":[{"href":"https:\/\/friburgonoticias.com.br\/temp\/wp-json\/wp\/v2\/posts\/5878","targetHints":{"allow":["GET"]}}],"collection":[{"href":"https:\/\/friburgonoticias.com.br\/temp\/wp-json\/wp\/v2\/posts"}],"about":[{"href":"https:\/\/friburgonoticias.com.br\/temp\/wp-json\/wp\/v2\/types\/post"}],"author":[{"embeddable":true,"href":"https:\/\/friburgonoticias.com.br\/temp\/wp-json\/wp\/v2\/users\/3"}],"replies":[{"embeddable":true,"href":"https:\/\/friburgonoticias.com.br\/temp\/wp-json\/wp\/v2\/comments?post=5878"}],"version-history":[{"count":0,"href":"https:\/\/friburgonoticias.com.br\/temp\/wp-json\/wp\/v2\/posts\/5878\/revisions"}],"wp:featuredmedia":[{"embeddable":true,"href":"https:\/\/friburgonoticias.com.br\/temp\/wp-json\/wp\/v2\/media\/5879"}],"wp:attachment":[{"href":"https:\/\/friburgonoticias.com.br\/temp\/wp-json\/wp\/v2\/media?parent=5878"}],"wp:term":[{"taxonomy":"category","embeddable":true,"href":"https:\/\/friburgonoticias.com.br\/temp\/wp-json\/wp\/v2\/categories?post=5878"},{"taxonomy":"post_tag","embeddable":true,"href":"https:\/\/friburgonoticias.com.br\/temp\/wp-json\/wp\/v2\/tags?post=5878"}],"curies":[{"name":"wp","href":"https:\/\/api.w.org\/{rel}","templated":true}]}}