{"id":5930,"date":"2025-11-26T11:58:09","date_gmt":"2025-11-26T11:58:09","guid":{"rendered":"https:\/\/friburgonoticias.com.br\/temp\/2025\/11\/26\/conselho-de-etica-reune-se-nesta-tarde-para-analisar-representacoes-contra-quatro-parlamentares-noticias\/"},"modified":"2025-11-26T11:58:09","modified_gmt":"2025-11-26T11:58:09","slug":"conselho-de-etica-reune-se-nesta-tarde-para-analisar-representacoes-contra-quatro-parlamentares-noticias","status":"publish","type":"post","link":"https:\/\/friburgonoticias.com.br\/temp\/2025\/11\/26\/conselho-de-etica-reune-se-nesta-tarde-para-analisar-representacoes-contra-quatro-parlamentares-noticias\/","title":{"rendered":"Conselho de \u00c9tica re\u00fane-se nesta tarde para analisar representa\u00e7\u00f5es contra quatro parlamentares &#8211; Not\u00edcias"},"content":{"rendered":"<p><\/p>\n<div>\n<div>\n<p class=\"g-artigo__data-hora\">\n                      26\/11\/2025 &#8211; 08:49 \u00a0\n                    <\/p>\n<div id=\"image-container-1226660\" class=\"image-container\" style=\"float: none; margin: 45px 0px; width: 100%;\" data-midia=\"1226660\">\n        <em>Zeca Ribeiro\/C\u00e2mara dos Deputados<\/em><\/p>\n<p>        Conselho de \u00c9tica e Decoro Parlamentar reuniu-se ontem\n        <\/p><\/div>\n<p>        O Conselho de \u00c9tica e Decoro Parlamentar da C\u00e2mara dos Deputados re\u00fane-se nesta quarta-feira (26), \u00e0s 14 horas, no plen\u00e1rio 10, para an\u00e1lise de pareceres.<\/p>\n<p>        <a href=\"https:\/\/www.camara.leg.br\/noticias\/1226438-conselho-de-etica-mantem-decisao-e-nao-aplica-novas-penalidades-a-gilvan-da-federal\/\">Em reuni\u00e3o ontem<\/a>, o colegiado decidiu pelo arquivamento de cinco representa\u00e7\u00f5es e por n\u00e3o aplicar novas penalidades ao deputado Gilvan da Federal (PL-ES).<br \/>\n        <strong>Lindbergh Farias<\/strong><br \/>\n        O parlamentar responde a dois processos:<\/p>\n<ul>\n<li>Na\u00a0<a href=\"https:\/\/www.camara.leg.br\/proposicoesWeb\/prop_mostrarintegra?codteor=2975403&amp;filename=REP%209\/2025\">REP 9\/25<\/a>, o Novo acusa Lindbergh Farias (PT-RJ) de ter divulgado, em redes sociais, imputa\u00e7\u00f5es falsas ao deputado Marcel van Hattem (Novo-RS).<\/li>\n<li>Na <a href=\"https:\/\/www.camara.leg.br\/proposicoesWeb\/prop_mostrarintegra?codteor=2975427&amp;filename=REP%2012\/2025\">REP 12\/25<\/a>, o PL acusa Lindbergh de ter ofendido o deputado Gustavo Gayer (PL-GO) em mar\u00e7o deste ano e defendido sua cassa\u00e7\u00e3o.<\/li>\n<\/ul>\n<p>        <strong>Andr\u00e9 Janones<br \/><\/strong>O deputado responde a tr\u00eas processos:<\/p>\n<ul>\n<li>Na <a href=\"https:\/\/www.camara.leg.br\/proposicoesWeb\/prop_mostrarintegra?codteor=2955251&amp;filename=REP%203\/2025\">REP 3\/25<\/a>, a Mesa Diretora acusa o deputado Andr\u00e9 Janones (Avante-MG) de quebra de decoro por ofensas dirigidas ao deputado Nikolas Ferreira (PL-MG) e provoca\u00e7\u00f5es \u00e0 bancada do Partido Liberal (PL) durante sess\u00e3o de 9 de julho de 2025, configurando abuso de prerrogativas parlamentares e atentado \u00e0 dignidade do Parlamento.<\/li>\n<li>Na <a href=\"https:\/\/www.camara.leg.br\/proposicoesWeb\/prop_mostrarintegra?codteor=2975349&amp;filename=REP%208\/2025\">REP 8\/25<\/a>, o PL acusa Janones de ter solicitado que servidores devolvessem parte de seus sal\u00e1rios para beneficiar sua campanha.<\/li>\n<li>Na <a href=\"https:\/\/www.camara.leg.br\/proposicoesWeb\/prop_mostrarintegra?codteor=2975439&amp;filename=REP%2014\/2025\">REP 14\/25<\/a>, o PL acusa Janones de ter postado, em suas redes sociais, ofensas graves contra o deputado Gustavo Gayer.<\/li>\n<\/ul>\n<p>        <strong>Guilherme Boulos<br \/><\/strong>O deputado Guilherme Boulos (Psol-SP) \u00e9 acusado pelo PL (<a href=\"https:\/\/www.camara.leg.br\/proposicoesWeb\/prop_mostrarintegra?codteor=2975438&amp;filename=REP%2013\/2025\">REP 13\/25<\/a>) de ter ofendido parlamentares da legenda durante reuni\u00e3o do Conselho de \u00c9tica em abril deste ano.<br \/>\n        <strong>Jos\u00e9 Medeiros<br \/><\/strong>O deputado Jos\u00e9 Medeiros (PL-MT) \u00e9 acusado pelo Psol (<a href=\"https:\/\/www.camara.leg.br\/proposicoesWeb\/prop_mostrarintegra?codteor=2975455&amp;filename=REP%2018\/2025\">REP 18\/25<\/a>) por falas ofensivas e discriminat\u00f3rias contra o deputado Ivan Valente (Psol-SP).<\/p>\n<p style=\"font-size: 0.8rem; font-weight: 700;\">Da Reda\u00e7\u00e3o \u2013 RL<\/p>\n<\/p><\/div>\n<\/p><\/div>\n<p><\/a><\/p>\n<p>Fonte: www.camara.leg.br<\/p>\n","protected":false},"excerpt":{"rendered":"<p>26\/11\/2025 &#8211; 08:49 \u00a0 Zeca Ribeiro\/C\u00e2mara dos Deputados Conselho de \u00c9tica e Decoro Parlamentar reuniu-se ontem O Conselho de \u00c9tica e Decoro Parlamentar da C\u00e2mara dos Deputados re\u00fane-se nesta quarta-feira (26), \u00e0s 14 horas, no plen\u00e1rio 10, para an\u00e1lise de pareceres. Em reuni\u00e3o ontem, o colegiado decidiu pelo arquivamento de cinco representa\u00e7\u00f5es e por n\u00e3o [&hellip;]<\/p>\n","protected":false},"author":3,"featured_media":5931,"comment_status":"open","ping_status":"open","sticky":false,"template":"","format":"standard","meta":{"advanced_seo_description":"","jetpack_seo_html_title":"","jetpack_seo_noindex":false,"fifu_image_url":"https:\/\/www.camara.leg.br\/midias\/image\/2025\/11\/img20251125172159106-768x473.jpg","fifu_image_alt":"","_jetpack_memberships_contains_paid_content":false,"footnotes":"","jetpack_publicize_message":"","jetpack_publicize_feature_enabled":true,"jetpack_social_post_already_shared":true,"jetpack_social_options":{"image_generator_settings":{"template":"highway","default_image_id":0,"font":"","enabled":false},"version":2}},"categories":[107],"tags":[],"class_list":{"0":"post-5930","1":"post","2":"type-post","3":"status-publish","4":"format-standard","5":"has-post-thumbnail","7":"category-economia"},"jetpack_publicize_connections":[],"jetpack_featured_media_url":"https:\/\/i0.wp.com\/www.camara.leg.br\/midias\/image\/2025\/11\/img20251125172159106-768x473.jpg?fit=%2C&ssl=1","jetpack_sharing_enabled":true,"jetpack-related-posts":[],"_links":{"self":[{"href":"https:\/\/friburgonoticias.com.br\/temp\/wp-json\/wp\/v2\/posts\/5930","targetHints":{"allow":["GET"]}}],"collection":[{"href":"https:\/\/friburgonoticias.com.br\/temp\/wp-json\/wp\/v2\/posts"}],"about":[{"href":"https:\/\/friburgonoticias.com.br\/temp\/wp-json\/wp\/v2\/types\/post"}],"author":[{"embeddable":true,"href":"https:\/\/friburgonoticias.com.br\/temp\/wp-json\/wp\/v2\/users\/3"}],"replies":[{"embeddable":true,"href":"https:\/\/friburgonoticias.com.br\/temp\/wp-json\/wp\/v2\/comments?post=5930"}],"version-history":[{"count":0,"href":"https:\/\/friburgonoticias.com.br\/temp\/wp-json\/wp\/v2\/posts\/5930\/revisions"}],"wp:featuredmedia":[{"embeddable":true,"href":"https:\/\/friburgonoticias.com.br\/temp\/wp-json\/wp\/v2\/media\/5931"}],"wp:attachment":[{"href":"https:\/\/friburgonoticias.com.br\/temp\/wp-json\/wp\/v2\/media?parent=5930"}],"wp:term":[{"taxonomy":"category","embeddable":true,"href":"https:\/\/friburgonoticias.com.br\/temp\/wp-json\/wp\/v2\/categories?post=5930"},{"taxonomy":"post_tag","embeddable":true,"href":"https:\/\/friburgonoticias.com.br\/temp\/wp-json\/wp\/v2\/tags?post=5930"}],"curies":[{"name":"wp","href":"https:\/\/api.w.org\/{rel}","templated":true}]}}