{"id":5934,"date":"2025-11-26T15:56:49","date_gmt":"2025-11-26T15:56:49","guid":{"rendered":"https:\/\/friburgonoticias.com.br\/temp\/2025\/11\/26\/camara-homenageia-marcha-das-mulheres-negras-debatedoras-defendem-mais-representatividade-noticias\/"},"modified":"2025-11-26T15:56:49","modified_gmt":"2025-11-26T15:56:49","slug":"camara-homenageia-marcha-das-mulheres-negras-debatedoras-defendem-mais-representatividade-noticias","status":"publish","type":"post","link":"https:\/\/friburgonoticias.com.br\/temp\/2025\/11\/26\/camara-homenageia-marcha-das-mulheres-negras-debatedoras-defendem-mais-representatividade-noticias\/","title":{"rendered":"C\u00e2mara homenageia Marcha das Mulheres Negras; debatedoras defendem mais representatividade &#8211; Not\u00edcias"},"content":{"rendered":"<p><\/p>\n<div>\n<p class=\"g-artigo__data-hora\">\n                      26\/11\/2025 &#8211; 10:55 \u00a0\n                    <\/p>\n<div id=\"image-container-1226747\" class=\"image-container\" style=\"float: none; margin: 45px 0px; width: 100%;\" data-midia=\"1226747\">\n        <em>Kayo Magalh\u00e3es\/C\u00e2mara dos Deputados<\/em><\/p>\n<p>        Sess\u00e3o solene foi presidida pela deputada Benedita da Silva (ao centro)\n        <\/p><\/div>\n<p>        Deputadas e autoridades defenderam mais mulheres negras em espa\u00e7os de poder para uma sociedade mais justa. Afirma\u00e7\u00f5es nesse sentido foram feitas na ter\u00e7a-feira (25), em sess\u00e3o solene da C\u00e2mara dos Deputados em homenagem \u00e0 2\u00aa Marcha das Mulheres Negras.<br \/>\n        Nesta edi\u00e7\u00e3o, a Marcha teve como tema \u201cRepara\u00e7\u00e3o e bem viver\u201d, com o objetivo de exigir repara\u00e7\u00e3o hist\u00f3rica em rela\u00e7\u00e3o \u00e0s desigualdades sociais e uma vida digna para todos.<br \/>\n        A sess\u00e3o no Plen\u00e1rio da C\u00e2mara foi presidida pela deputada Benedita da Silva (PT-RJ), primeira mulher negra eleita para a C\u00e2mara, em 1982, e deputada constituinte em 1988.<br \/>\n        A deputada Tal\u00edria Petrone (Psol-RJ), uma das parlamentares que sugeriu a homenagem, afirmou que a mulher negra representa a base de constru\u00e7\u00e3o do Brasil e que n\u00e3o \u00e9 poss\u00edvel falar em futuro sem pensar em mulheres negras ocupando espa\u00e7os de poder.<br \/>\n        \u201cN\u00e3o h\u00e1 reconstru\u00e7\u00e3o poss\u00edvel que n\u00e3o passe pelas m\u00e3os das mulheres negras. N\u00e3o h\u00e1 bem-viver poss\u00edvel que n\u00e3o passe pelas nossas m\u00e3os, porque, se \u00e9 verdade que a nossa exist\u00eancia nesse pa\u00eds \u00e9 uma exist\u00eancia em trag\u00e9dia, em dor, \u00e9 verdade tamb\u00e9m que n\u00e3o h\u00e1 pedra sobre pedra sem o nosso trabalho, for\u00e7a, ancestralidade, resist\u00eancia, ci\u00eancia. Sem os nossos saberes e culturas\u201d, afirmou.<br \/>\n        Tal\u00edria Petrone lembrou que as mulheres negras s\u00e3o as que mais sofrem com as desigualdades sociais, concentram os menores rendimentos, enfrentam condi\u00e7\u00f5es de trabalho mais precarizadas e sofrem mais viol\u00eancia, incluindo feminic\u00eddio.<br \/>\n        <strong>Representatividade<br \/><\/strong>A coordenadora da bancada feminina, Jack Rocha (PT-ES), tamb\u00e9m destacou a necessidade de aumentar a representatividade de mulheres negras para garantir o poder e a dignidade para toda a popula\u00e7\u00e3o. Para a deputada, a marcha representa a luta por um novo projeto de pa\u00eds.<br \/>\n        \u201c\u00c9 um projeto pol\u00edtico de pa\u00eds ocupar esse Plen\u00e1rio, fazer com que o or\u00e7amento nos caiba. \u00c9 um projeto pol\u00edtico de pa\u00eds, construir um Brasil antirracista, mas sobretudo que olhe para as mulheres negras com mais respeito, dignidade e com condi\u00e7\u00f5es de transformar a pol\u00edtica\u201d, defendeu.<br \/>\n        A ministra da Cultura, Margareth Menezes, acrescentou que as mulheres negras precisam ser vistas e respeitadas como cidad\u00e3s, com todos os seus direitos constitucionais garantidos.<br \/>\n        \u201cPorque n\u00f3s somos, fazemos parte da constru\u00e7\u00e3o dessa sociedade. Depois de 300 anos de escravid\u00e3o, a gente est\u00e1 sempre repetindo isso. Parece que n\u00e3o houve esse racismo estrutural, n\u00e3o se consegue perceber o que s\u00e3o 300 anos da vida de uma popula\u00e7\u00e3o. Essa repara\u00e7\u00e3o \u00e9 repara\u00e7\u00e3o devida do Estado brasileiro \u00e0s pessoas afrodescendentes desse pa\u00eds que colaboram de tantas formas\u201d, argumentou.<br \/>\n        Tamb\u00e9m participaram da sess\u00e3o as ministras dos Direitos Humanos e Cidadania, Maca\u00e9 Evaristo; da Igualdade Racial, Anielle Franco; e da Mulher, M\u00e1rcia Lopes, al\u00e9m de representantes de diversos movimentos sociais.<br \/>\n        A primeira marcha foi realizada em 2015 e contou com a presen\u00e7a de mais de 100 mil mulheres negras em Bras\u00edlia, em uma mobiliza\u00e7\u00e3o que denunciava o racismo, o sexismo e a viol\u00eancia.<\/p>\n<p style=\"font-size: 0.8rem; font-weight: 700;\">Reportagem \u2013 M\u00f4nica Thaty<br \/>Edi\u00e7\u00e3o \u2013 Rachel Librelon<\/p>\n<\/p><\/div>\n<p><\/a><\/p>\n<p>Fonte: www.camara.leg.br<\/p>\n","protected":false},"excerpt":{"rendered":"<p>26\/11\/2025 &#8211; 10:55 \u00a0 Kayo Magalh\u00e3es\/C\u00e2mara dos Deputados Sess\u00e3o solene foi presidida pela deputada Benedita da Silva (ao centro) Deputadas e autoridades defenderam mais mulheres negras em espa\u00e7os de poder para uma sociedade mais justa. Afirma\u00e7\u00f5es nesse sentido foram feitas na ter\u00e7a-feira (25), em sess\u00e3o solene da C\u00e2mara dos Deputados em homenagem \u00e0 2\u00aa Marcha [&hellip;]<\/p>\n","protected":false},"author":3,"featured_media":5935,"comment_status":"open","ping_status":"open","sticky":false,"template":"","format":"standard","meta":{"advanced_seo_description":"","jetpack_seo_html_title":"","jetpack_seo_noindex":false,"fifu_image_url":"https:\/\/www.camara.leg.br\/midias\/image\/2025\/11\/img20251125111656995-768x473.jpg","fifu_image_alt":"","_jetpack_memberships_contains_paid_content":false,"footnotes":"","jetpack_publicize_message":"","jetpack_publicize_feature_enabled":true,"jetpack_social_post_already_shared":true,"jetpack_social_options":{"image_generator_settings":{"template":"highway","default_image_id":0,"font":"","enabled":false},"version":2}},"categories":[106,1],"tags":[],"class_list":{"0":"post-5934","1":"post","2":"type-post","3":"status-publish","4":"format-standard","5":"has-post-thumbnail","7":"category-politica","8":"category-uncategorized"},"jetpack_publicize_connections":[],"jetpack_featured_media_url":"https:\/\/i0.wp.com\/www.camara.leg.br\/midias\/image\/2025\/11\/img20251125111656995-768x473.jpg?fit=%2C&ssl=1","jetpack_sharing_enabled":true,"jetpack-related-posts":[],"_links":{"self":[{"href":"https:\/\/friburgonoticias.com.br\/temp\/wp-json\/wp\/v2\/posts\/5934","targetHints":{"allow":["GET"]}}],"collection":[{"href":"https:\/\/friburgonoticias.com.br\/temp\/wp-json\/wp\/v2\/posts"}],"about":[{"href":"https:\/\/friburgonoticias.com.br\/temp\/wp-json\/wp\/v2\/types\/post"}],"author":[{"embeddable":true,"href":"https:\/\/friburgonoticias.com.br\/temp\/wp-json\/wp\/v2\/users\/3"}],"replies":[{"embeddable":true,"href":"https:\/\/friburgonoticias.com.br\/temp\/wp-json\/wp\/v2\/comments?post=5934"}],"version-history":[{"count":0,"href":"https:\/\/friburgonoticias.com.br\/temp\/wp-json\/wp\/v2\/posts\/5934\/revisions"}],"wp:featuredmedia":[{"embeddable":true,"href":"https:\/\/friburgonoticias.com.br\/temp\/wp-json\/wp\/v2\/media\/5935"}],"wp:attachment":[{"href":"https:\/\/friburgonoticias.com.br\/temp\/wp-json\/wp\/v2\/media?parent=5934"}],"wp:term":[{"taxonomy":"category","embeddable":true,"href":"https:\/\/friburgonoticias.com.br\/temp\/wp-json\/wp\/v2\/categories?post=5934"},{"taxonomy":"post_tag","embeddable":true,"href":"https:\/\/friburgonoticias.com.br\/temp\/wp-json\/wp\/v2\/tags?post=5934"}],"curies":[{"name":"wp","href":"https:\/\/api.w.org\/{rel}","templated":true}]}}