{"id":5938,"date":"2025-11-26T16:22:56","date_gmt":"2025-11-26T16:22:56","guid":{"rendered":"https:\/\/friburgonoticias.com.br\/temp\/2025\/11\/26\/projeto-cria-crime-especifico-para-o-assedio-moral-no-codigo-penal-noticias\/"},"modified":"2025-11-26T16:22:56","modified_gmt":"2025-11-26T16:22:56","slug":"projeto-cria-crime-especifico-para-o-assedio-moral-no-codigo-penal-noticias","status":"publish","type":"post","link":"https:\/\/friburgonoticias.com.br\/temp\/2025\/11\/26\/projeto-cria-crime-especifico-para-o-assedio-moral-no-codigo-penal-noticias\/","title":{"rendered":"Projeto cria crime espec\u00edfico para o ass\u00e9dio moral no C\u00f3digo Penal &#8211; Not\u00edcias"},"content":{"rendered":"<p><\/p>\n<div>\n<p class=\"g-artigo__data-hora\">\n                      26\/11\/2025 &#8211; 10:07 \u00a0\n                    <\/p>\n<div id=\"image-container-1226692\" class=\"image-container\" style=\"float: none; margin: 45px 0px; width: 100%;\" data-midia=\"1226692\">\n        <em>Renato Araujo\/C\u00e2mara dos Deputados<\/em><\/p>\n<p>        Alex Santana, autor da proposta\n        <\/p><\/div>\n<p>        O Projeto de Lei 1080\/25 inclui no <a href=\"https:\/\/www2.camara.leg.br\/legin\/fed\/declei\/1940-1949\/decreto-lei-2848-7-dezembro-1940-412868-norma-pe.html\">C\u00f3digo Penal<\/a>\u00a0uma tipifica\u00e7\u00e3o espec\u00edfica para o ass\u00e9dio moral, ou seja, o ato de ofender a dignidade de algu\u00e9m, aproveitando-se da condi\u00e7\u00e3o de superior hier\u00e1rquico no emprego. O texto tamb\u00e9m cria formas qualificadas dos crimes de ass\u00e9dio moral e de ass\u00e9dio sexual nos casos de suic\u00eddio da v\u00edtima.<br \/>\n        A proposta, apresentada pelo deputado Alex Santana (Republicanos-BA), est\u00e1 em an\u00e1lise na C\u00e2mara dos Deputados.<br \/>\n        Pelo texto, o ass\u00e9dio moral ser\u00e1 punido com <span id=\"4293\" class=\"termoGlossario\" title=\"Pena privativa de liberdade que se cumpre em regime aberto ou semiaberto, salvo transfer\u00eancia excepcional para o regime fechado. \u00c9 menos severa que a reclus\u00e3o e mais rigorosa que a pris\u00e3o simples.\" contenteditable=\"false\" data-toggle=\"tooltip\" data-placement=\"top\">deten\u00e7\u00e3o<\/span> de um a dois anos e multa. Se o crime resultar no suic\u00eddio da v\u00edtima, a pena ser\u00e1 <span id=\"4303\" class=\"termoGlossario\" title=\"A reclus\u00e3o \u00e9 a mais severa entre as penas privativas de liberdade. Destina-se a crimes dolosos (com inten\u00e7\u00e3o).\" contenteditable=\"false\" data-toggle=\"tooltip\" data-placement=\"top\">reclus\u00e3o<\/span> de dois a seis anos.<br \/>\n        Por sua vez, se o ass\u00e9dio sexual resultar no suic\u00eddio da v\u00edtima, a pena tamb\u00e9m ser\u00e1 reclus\u00e3o de dois a seis anos. Atualmente, o crime de constranger algu\u00e9m com o intuito de obter vantagem ou favorecimento sexual, prevalecendo-se o agente da sua condi\u00e7\u00e3o de superior hier\u00e1rquico, \u00e9 punido com deten\u00e7\u00e3o de um a dois anos.<br \/>\n        Alex Santana observa que o suic\u00eddio \u00e9 um evento multidimensional, decorrente de uma complexa intera\u00e7\u00e3o entre fatores individuais e sociais, entre os quais podem se incluir fatores de natureza ocupacional.<br \/>\n        \u201cPor isso, consideramos importante alterar a legisla\u00e7\u00e3o penal para tipificar, de forma espec\u00edfica, o ass\u00e9dio moral, tendo em vista que esse tipo de conduta, caracterizada por humilha\u00e7\u00f5es, constrangimentos e intimida\u00e7\u00f5es, pode gerar graves consequ\u00eancias para a sa\u00fade mental e emocional das v\u00edtimas, como transtornos psicol\u00f3gicos, depress\u00e3o e, em casos extremos, o suic\u00eddio\u201d, afirma o parlamentar.<br \/>\n        Santana observa ainda que as penas sugeridas para os crimes, se resultarem em suic\u00eddio, s\u00e3o as mesmas j\u00e1 previstas no C\u00f3digo Penal para o induzimento, instiga\u00e7\u00e3o ou aux\u00edlio ao suic\u00eddio ou \u00e0 automutila\u00e7\u00e3o com resultado de morte. \u201cA reprovabilidade da conduta, nesses casos, justifica uma puni\u00e7\u00e3o mais severa.\u201d<br \/>\n        <strong>Pr\u00f3ximos passos<\/strong><br \/>O projeto ser\u00e1 analisado pela Comiss\u00e3o de Constitui\u00e7\u00e3o e Justi\u00e7a e de Cidadania, antes de ser votado pelo Plen\u00e1rio da C\u00e2mara.<br \/>\n        Para virar lei, a medida precisa ser aprovada pelos deputados e pelos senadores.<\/p>\n<p style=\"font-size: 0.8rem; font-weight: 700;\">Reportagem &#8211; No\u00e9li Nobre<br \/>Edi\u00e7\u00e3o &#8211; Marcia Becker<\/p>\n<\/p><\/div>\n<p><\/a><\/p>\n<p>Fonte: www.camara.leg.br<\/p>\n","protected":false},"excerpt":{"rendered":"<p>26\/11\/2025 &#8211; 10:07 \u00a0 Renato Araujo\/C\u00e2mara dos Deputados Alex Santana, autor da proposta O Projeto de Lei 1080\/25 inclui no C\u00f3digo Penal\u00a0uma tipifica\u00e7\u00e3o espec\u00edfica para o ass\u00e9dio moral, ou seja, o ato de ofender a dignidade de algu\u00e9m, aproveitando-se da condi\u00e7\u00e3o de superior hier\u00e1rquico no emprego. O texto tamb\u00e9m cria formas qualificadas dos crimes de [&hellip;]<\/p>\n","protected":false},"author":3,"featured_media":5939,"comment_status":"open","ping_status":"open","sticky":false,"template":"","format":"standard","meta":{"advanced_seo_description":"","jetpack_seo_html_title":"","jetpack_seo_noindex":false,"fifu_image_url":"https:\/\/www.camara.leg.br\/midias\/image\/2025\/11\/img20241211100423925-768x473.jpg","fifu_image_alt":"","_jetpack_memberships_contains_paid_content":false,"footnotes":"","jetpack_publicize_message":"","jetpack_publicize_feature_enabled":true,"jetpack_social_post_already_shared":true,"jetpack_social_options":{"image_generator_settings":{"template":"highway","default_image_id":0,"font":"","enabled":false},"version":2}},"categories":[106,1],"tags":[],"class_list":{"0":"post-5938","1":"post","2":"type-post","3":"status-publish","4":"format-standard","5":"has-post-thumbnail","7":"category-politica","8":"category-uncategorized"},"jetpack_publicize_connections":[],"jetpack_featured_media_url":"https:\/\/i0.wp.com\/www.camara.leg.br\/midias\/image\/2025\/11\/img20241211100423925-768x473.jpg?fit=%2C&ssl=1","jetpack_sharing_enabled":true,"jetpack-related-posts":[],"_links":{"self":[{"href":"https:\/\/friburgonoticias.com.br\/temp\/wp-json\/wp\/v2\/posts\/5938","targetHints":{"allow":["GET"]}}],"collection":[{"href":"https:\/\/friburgonoticias.com.br\/temp\/wp-json\/wp\/v2\/posts"}],"about":[{"href":"https:\/\/friburgonoticias.com.br\/temp\/wp-json\/wp\/v2\/types\/post"}],"author":[{"embeddable":true,"href":"https:\/\/friburgonoticias.com.br\/temp\/wp-json\/wp\/v2\/users\/3"}],"replies":[{"embeddable":true,"href":"https:\/\/friburgonoticias.com.br\/temp\/wp-json\/wp\/v2\/comments?post=5938"}],"version-history":[{"count":0,"href":"https:\/\/friburgonoticias.com.br\/temp\/wp-json\/wp\/v2\/posts\/5938\/revisions"}],"wp:featuredmedia":[{"embeddable":true,"href":"https:\/\/friburgonoticias.com.br\/temp\/wp-json\/wp\/v2\/media\/5939"}],"wp:attachment":[{"href":"https:\/\/friburgonoticias.com.br\/temp\/wp-json\/wp\/v2\/media?parent=5938"}],"wp:term":[{"taxonomy":"category","embeddable":true,"href":"https:\/\/friburgonoticias.com.br\/temp\/wp-json\/wp\/v2\/categories?post=5938"},{"taxonomy":"post_tag","embeddable":true,"href":"https:\/\/friburgonoticias.com.br\/temp\/wp-json\/wp\/v2\/tags?post=5938"}],"curies":[{"name":"wp","href":"https:\/\/api.w.org\/{rel}","templated":true}]}}