{"id":5950,"date":"2025-11-26T19:32:12","date_gmt":"2025-11-26T19:32:12","guid":{"rendered":"https:\/\/friburgonoticias.com.br\/temp\/2025\/11\/26\/deputados-aprovam-criacao-de-botao-do-panico-para-profissionais-de-saude\/"},"modified":"2025-11-26T19:32:12","modified_gmt":"2025-11-26T19:32:12","slug":"deputados-aprovam-criacao-de-botao-do-panico-para-profissionais-de-saude","status":"publish","type":"post","link":"https:\/\/friburgonoticias.com.br\/temp\/2025\/11\/26\/deputados-aprovam-criacao-de-botao-do-panico-para-profissionais-de-saude\/","title":{"rendered":"Deputados aprovam cria\u00e7\u00e3o de \u2018bot\u00e3o do p\u00e2nico\u2019 para profissionais de sa\u00fade"},"content":{"rendered":"<p><\/p>\n<div itemprop=\"articleBody\">\nUnidades de sa\u00fade agora poder\u00e3o contar com um bot\u00e3o do p\u00e2nico, de acordo com o projeto aprovado pela Assembleia Legislativa do Rio (Alerj), nesta quarta-feira (26). O mecanismo ser\u00e1 adotado por hospitais, cl\u00ednicas e demais estabelecimentos \u2014 p\u00fablicos, privados ou conveniados \u2014 para proteger profissionais em situa\u00e7\u00f5es de amea\u00e7a ou viol\u00eancia.<\/p>\n<p>O dispositivo permitir\u00e1 que m\u00e9dicos, enfermeiros, t\u00e9cnicos, auxiliares e vigias acionem um alerta imediato.<br \/>Ao ser ativado, o bot\u00e3o enviar\u00e1 um chamado direto ao Centro Integrado de Comando e Controle (CICC) da Pol\u00edcia Militar, informando a localiza\u00e7\u00e3o precisa da ocorr\u00eancia. A seguran\u00e7a interna da unidade tamb\u00e9m receber\u00e1 um aviso simult\u00e2neo.<\/p>\n<p>O projeto agora segue para san\u00e7\u00e3o ou veto do governador Cl\u00e1udio Castro (PL).<\/p>\n<h2 class=\"wp-block-heading\">Medida \u00e9 uma resposta ao aumento da viol\u00eancia nas unidades de sa\u00fade<\/h2>\n<p>A iniciativa responde ao <a href=\"https:\/\/temporealrj.com\/crianca-de-10-anos-e-baleada-dentro-de-escola-durante-operacao-na-mare-tiroteio-fecha-linha-amarela\/\">aumento de casos de agress\u00f5es<\/a>. Um levantamento do Cremerj aponta que um m\u00e9dico \u00e9 agredido a cada tr\u00eas dias no estado. As mulheres s\u00e3o as principais v\u00edtimas, representando 62,5% dos registros no primeiro semestre de 2023. Al\u00e9m disso, 67% das agress\u00f5es ocorreram na rede p\u00fablica.<\/p>\n<p>A instala\u00e7\u00e3o e opera\u00e7\u00e3o do dispositivo ser\u00e3o financiadas pelo or\u00e7amento da Secretaria de Estado de Sa\u00fade e pelo Fundo Estadual da \u00e1rea.\n<\/p><\/div>\n<p><\/a><\/p>\n<p>Fonte: temporealrj.com<\/p>\n","protected":false},"excerpt":{"rendered":"<p>Unidades de sa\u00fade agora poder\u00e3o contar com um bot\u00e3o do p\u00e2nico, de acordo com o projeto aprovado pela Assembleia Legislativa do Rio (Alerj), nesta quarta-feira (26). O mecanismo ser\u00e1 adotado por hospitais, cl\u00ednicas e demais estabelecimentos \u2014 p\u00fablicos, privados ou conveniados \u2014 para proteger profissionais em situa\u00e7\u00f5es de amea\u00e7a ou viol\u00eancia. O dispositivo permitir\u00e1 que [&hellip;]<\/p>\n","protected":false},"author":3,"featured_media":5951,"comment_status":"open","ping_status":"open","sticky":false,"template":"","format":"standard","meta":{"advanced_seo_description":"","jetpack_seo_html_title":"","jetpack_seo_noindex":false,"fifu_image_url":"https:\/\/temporealrj.com\/wp-content\/uploads\/2025\/11\/whatsapp-image-2021-09-28-at-19.05.59-e1764182481387.webp","fifu_image_alt":"","_jetpack_memberships_contains_paid_content":false,"footnotes":"","jetpack_publicize_message":"","jetpack_publicize_feature_enabled":true,"jetpack_social_post_already_shared":true,"jetpack_social_options":{"image_generator_settings":{"template":"highway","default_image_id":0,"font":"","enabled":false},"version":2}},"categories":[107],"tags":[],"class_list":{"0":"post-5950","1":"post","2":"type-post","3":"status-publish","4":"format-standard","5":"has-post-thumbnail","7":"category-economia"},"jetpack_publicize_connections":[],"jetpack_featured_media_url":"https:\/\/i0.wp.com\/temporealrj.com\/wp-content\/uploads\/2025\/11\/whatsapp-image-2021-09-28-at-19.05.59-e1764182481387.webp?fit=%2C&ssl=1","jetpack_sharing_enabled":true,"jetpack-related-posts":[],"_links":{"self":[{"href":"https:\/\/friburgonoticias.com.br\/temp\/wp-json\/wp\/v2\/posts\/5950","targetHints":{"allow":["GET"]}}],"collection":[{"href":"https:\/\/friburgonoticias.com.br\/temp\/wp-json\/wp\/v2\/posts"}],"about":[{"href":"https:\/\/friburgonoticias.com.br\/temp\/wp-json\/wp\/v2\/types\/post"}],"author":[{"embeddable":true,"href":"https:\/\/friburgonoticias.com.br\/temp\/wp-json\/wp\/v2\/users\/3"}],"replies":[{"embeddable":true,"href":"https:\/\/friburgonoticias.com.br\/temp\/wp-json\/wp\/v2\/comments?post=5950"}],"version-history":[{"count":0,"href":"https:\/\/friburgonoticias.com.br\/temp\/wp-json\/wp\/v2\/posts\/5950\/revisions"}],"wp:featuredmedia":[{"embeddable":true,"href":"https:\/\/friburgonoticias.com.br\/temp\/wp-json\/wp\/v2\/media\/5951"}],"wp:attachment":[{"href":"https:\/\/friburgonoticias.com.br\/temp\/wp-json\/wp\/v2\/media?parent=5950"}],"wp:term":[{"taxonomy":"category","embeddable":true,"href":"https:\/\/friburgonoticias.com.br\/temp\/wp-json\/wp\/v2\/categories?post=5950"},{"taxonomy":"post_tag","embeddable":true,"href":"https:\/\/friburgonoticias.com.br\/temp\/wp-json\/wp\/v2\/tags?post=5950"}],"curies":[{"name":"wp","href":"https:\/\/api.w.org\/{rel}","templated":true}]}}