{"id":5970,"date":"2025-11-27T12:20:38","date_gmt":"2025-11-27T12:20:38","guid":{"rendered":"https:\/\/friburgonoticias.com.br\/temp\/2025\/11\/27\/fotografo-flagra-raio-atingindo-a-pedra-do-imperador-em-nova-friburgo\/"},"modified":"2025-11-27T12:20:38","modified_gmt":"2025-11-27T12:20:38","slug":"fotografo-flagra-raio-atingindo-a-pedra-do-imperador-em-nova-friburgo","status":"publish","type":"post","link":"https:\/\/friburgonoticias.com.br\/temp\/2025\/11\/27\/fotografo-flagra-raio-atingindo-a-pedra-do-imperador-em-nova-friburgo\/","title":{"rendered":"Fot\u00f3grafo flagra raio atingindo a Pedra do Imperador em Nova Friburgo"},"content":{"rendered":"<p><\/p>\n<div id=\"post-58142\">\n<div class=\"post-header post-tp-13-header\">\n<div class=\"single-featured\">\n<img loading=\"lazy\" decoding=\"async\" data-lazyloaded=\"1\" src=\"https:\/\/www.serranewsrj.com.br\/wp-content\/uploads\/2025\/11\/asas-1080x580.jpg\" width=\"1080\" height=\"580\" alt=\"Fot\u00f3grafo flagra raio atingindo a Pedra do Imperador em Nova Friburgo\"\/>                                           <span class=\"image-credit\">Foto: Reprodu\u00e7\u00e3o \/ Jackson Klein <\/span><\/div>\n<\/div>\n<div class=\"entry-content clearfix single-post-content\">\n<p style=\"text-align: justify;\">A chuva forte que atingiu <a href=\"https:\/\/www.serranewsrj.com.br\/noticias\/regiao-serrana\/nova-friburgo\">Nova Friburgo<\/a> no \u00faltimo fim de semana resultou em um registro impressionante. Do bairro Cordoeira, o fot\u00f3grafo Jackson Klein conseguiu flagrar o instante exato em que um raio atingiu a Pedra do Imperador.<\/p>\n<div class=\"sxkqopd sxkqopd-post-inline sxkqopd-float-center sxkqopd-align-center sxkqopd-column-1 sxkqopd-clearfix no-bg-box-model\">\n<div id=\"sxkqopd-49250-1250375513\" class=\"sxkqopd-container sxkqopd-type-image\" itemscope=\"\" itemtype=\"https:\/\/schema.org\/WPAdBlock\" data-adid=\"49250\" data-type=\"image\"><a itemprop=\"url\" class=\"sxkqopd-link\" href=\"https:\/\/www.evosolar.com.br\/simuladorsolarrj\" target=\"_blank\" rel=\"nofollow\"><img loading=\"lazy\" decoding=\"async\" data-lazyloaded=\"1\" width=\"2560\" height=\"520\" class=\"sxkqopd-image\" src=\"https:\/\/www.serranewsrj.com.br\/wp-content\/uploads\/2025\/05\/BannerdositedaSerraNews1230x250px-ezgif.com-png-to-webp-converter-1-scaled.webp\" alt=\"Evosolar (Maio) WebP \u2013 1230 x 250 px\"\/><\/a><\/div>\n<\/div>\n<p style=\"text-align: justify;\">Klein acompanhava o avan\u00e7o da tempestade quando percebeu a possibilidade de capturar o fen\u00f4meno. O resultado foi uma imagem de longa exposi\u00e7\u00e3o feita com uma GoPro Hero 12 Black.<\/p>\n<p style=\"text-align: justify;\">O raio risca o c\u00e9u com nitidez, iluminando a cidade at\u00e9 alcan\u00e7ar a rocha. A Pedra do Imperador, situada entre Olaria e C\u00f4nego, \u00e9 um dos marcos naturais mais conhecidos de <a href=\"https:\/\/www.serranewsrj.com.br\/noticias\/regiao-serrana\/nova-friburgo\">Nova Friburgo<\/a>.<\/p>\n<blockquote class=\"instagram-media\" style=\"background: #FFF; border: 0; border-radius: 3px; box-shadow: 0 0 1px 0 rgba(0,0,0,0.5),0 1px 10px 0 rgba(0,0,0,0.15); margin: 1px; max-width: 540px; min-width: 326px; padding: 0; width: calc(100% - 2px);\" data-instgrm-permalink=\"https:\/\/www.instagram.com\/p\/DRjzzP-DXdT\/?utm_source=ig_embed&amp;utm_campaign=loading\" data-instgrm-version=\"14\"\/>\n<div class=\"sxkqopd sxkqopd-post-inline sxkqopd-float-center sxkqopd-align-center sxkqopd-column-1 sxkqopd-clearfix no-bg-box-model\">\n<div id=\"sxkqopd-56737-190220829\" class=\"sxkqopd-container sxkqopd-type-image\" itemscope=\"\" itemtype=\"https:\/\/schema.org\/WPAdBlock\" data-adid=\"56737\" data-type=\"image\"><a itemprop=\"url\" class=\"sxkqopd-link\" href=\"https:\/\/www.instagram.com\/euclidesemfoco?utm_source=ig_web_button_share_sheet&amp;igsh=ZDNlZDc0MzIxNw==\" target=\"_blank\" rel=\"nofollow\"><img loading=\"lazy\" decoding=\"async\" data-lazyloaded=\"1\" width=\"1200\" height=\"300\" class=\"sxkqopd-image\" src=\"https:\/\/www.serranewsrj.com.br\/wp-content\/uploads\/2025\/10\/BannerHomePage-ezgif.com-png-to-webp-converter-1.webp\" alt=\"Euclides em Foco \u2013 Outubro (1200\u00d7400 pxl) WebP\"\/><\/a><\/div>\n<\/div>\n<p style=\"text-align: justify;\" data-start=\"93\" data-end=\"301\">Em 2023, Klein registrou um raro \u201craio aranha\u201d. Esse tipo de descarga el\u00e9trica se espalha lateralmente pelo c\u00e9u antes de atingir o solo, formando padr\u00f5es ramificados que lembram as pernas de uma aranha.<\/p>\n<div class=\"sxkqopd sxkqopd-post-inline sxkqopd-float-center sxkqopd-align-center sxkqopd-column-1 sxkqopd-clearfix no-bg-box-model\">\n<div id=\"sxkqopd-54184-1490415305\" class=\"sxkqopd-container sxkqopd-type-image\" itemscope=\"\" itemtype=\"https:\/\/schema.org\/WPAdBlock\" data-adid=\"54184\" data-type=\"image\"><a itemprop=\"url\" class=\"sxkqopd-link\" href=\"https:\/\/www.frionline.com.br\/\" target=\"_blank\" rel=\"nofollow\"><img loading=\"lazy\" decoding=\"async\" data-lazyloaded=\"1\" width=\"1200\" height=\"244\" class=\"sxkqopd-image\" src=\"https:\/\/www.serranewsrj.com.br\/wp-content\/uploads\/2025\/05\/banner1230x250homepage-ezgif.com-video-to-gif-converter-1.gif\" alt=\"FriOnline 1230\u00d7250 pixels WebP \u2013 Home Page\"\/><\/a><\/div>\n<\/div>\n<\/div>\n<\/div>\n<div id=\"\">\n<a href=\"https:\/\/www.serranewsrj.com.br\/author\/admin-2\" title=\"Artigos de autor\"><br \/>\n<span class=\"post-author-avatar\" itemprop=\"image\"><img loading=\"lazy\" decoding=\"async\" data-lazyloaded=\"1\" alt=\"\" src=\"https:\/\/www.serranewsrj.com.br\/wp-content\/uploads\/2025\/03\/REDONDA-4-180x180.png\" class=\"avatar avatar-80 photo avatar-default\" height=\"80\" width=\"80\"\/><\/span><br \/>\n<\/a><\/p>\n<div class=\"post-author-bio\" itemprop=\"description\">A sua fonte segura de informa\u00e7\u00e3o no interior do Rio de Janeiro.<\/p>\n<\/div>\n<\/div>\n<p><script async src=\"\/\/www.instagram.com\/embed.js\"><\/script><br \/>\n<br \/><\/a><\/p>\n<p>Fonte: www.serranewsrj.com.br<\/p>\n","protected":false},"excerpt":{"rendered":"<p>Foto: Reprodu\u00e7\u00e3o \/ Jackson Klein A chuva forte que atingiu Nova Friburgo no \u00faltimo fim de semana resultou em um registro impressionante. Do bairro Cordoeira, o fot\u00f3grafo Jackson Klein conseguiu flagrar o instante exato em que um raio atingiu a Pedra do Imperador. Klein acompanhava o avan\u00e7o da tempestade quando percebeu a possibilidade de capturar [&hellip;]<\/p>\n","protected":false},"author":3,"featured_media":5971,"comment_status":"open","ping_status":"open","sticky":false,"template":"","format":"standard","meta":{"advanced_seo_description":"","jetpack_seo_html_title":"","jetpack_seo_noindex":false,"fifu_image_url":"https:\/\/www.serranewsrj.com.br\/wp-content\/uploads\/2025\/11\/asas.jpg","fifu_image_alt":"","_jetpack_memberships_contains_paid_content":false,"footnotes":"","jetpack_publicize_message":"","jetpack_publicize_feature_enabled":true,"jetpack_social_post_already_shared":true,"jetpack_social_options":{"image_generator_settings":{"template":"highway","default_image_id":0,"font":"","enabled":false},"version":2}},"categories":[104,1],"tags":[],"class_list":{"0":"post-5970","1":"post","2":"type-post","3":"status-publish","4":"format-standard","5":"has-post-thumbnail","7":"category-cidade","8":"category-uncategorized"},"jetpack_publicize_connections":[],"jetpack_featured_media_url":"https:\/\/i0.wp.com\/www.serranewsrj.com.br\/wp-content\/uploads\/2025\/11\/asas.jpg?fit=%2C&ssl=1","jetpack_sharing_enabled":true,"jetpack-related-posts":[],"_links":{"self":[{"href":"https:\/\/friburgonoticias.com.br\/temp\/wp-json\/wp\/v2\/posts\/5970","targetHints":{"allow":["GET"]}}],"collection":[{"href":"https:\/\/friburgonoticias.com.br\/temp\/wp-json\/wp\/v2\/posts"}],"about":[{"href":"https:\/\/friburgonoticias.com.br\/temp\/wp-json\/wp\/v2\/types\/post"}],"author":[{"embeddable":true,"href":"https:\/\/friburgonoticias.com.br\/temp\/wp-json\/wp\/v2\/users\/3"}],"replies":[{"embeddable":true,"href":"https:\/\/friburgonoticias.com.br\/temp\/wp-json\/wp\/v2\/comments?post=5970"}],"version-history":[{"count":0,"href":"https:\/\/friburgonoticias.com.br\/temp\/wp-json\/wp\/v2\/posts\/5970\/revisions"}],"wp:featuredmedia":[{"embeddable":true,"href":"https:\/\/friburgonoticias.com.br\/temp\/wp-json\/wp\/v2\/media\/5971"}],"wp:attachment":[{"href":"https:\/\/friburgonoticias.com.br\/temp\/wp-json\/wp\/v2\/media?parent=5970"}],"wp:term":[{"taxonomy":"category","embeddable":true,"href":"https:\/\/friburgonoticias.com.br\/temp\/wp-json\/wp\/v2\/categories?post=5970"},{"taxonomy":"post_tag","embeddable":true,"href":"https:\/\/friburgonoticias.com.br\/temp\/wp-json\/wp\/v2\/tags?post=5970"}],"curies":[{"name":"wp","href":"https:\/\/api.w.org\/{rel}","templated":true}]}}