{"id":5984,"date":"2025-11-27T16:27:14","date_gmt":"2025-11-27T16:27:14","guid":{"rendered":"https:\/\/friburgonoticias.com.br\/temp\/2025\/11\/27\/caiado-admite-erro-na-contagem-de-votos-e-diz-que-projeto-da-lei-anti-oruam-tera-que-voltar-na-proxima-semana\/"},"modified":"2025-11-27T16:27:14","modified_gmt":"2025-11-27T16:27:14","slug":"caiado-admite-erro-na-contagem-de-votos-e-diz-que-projeto-da-lei-anti-oruam-tera-que-voltar-na-proxima-semana","status":"publish","type":"post","link":"https:\/\/friburgonoticias.com.br\/temp\/2025\/11\/27\/caiado-admite-erro-na-contagem-de-votos-e-diz-que-projeto-da-lei-anti-oruam-tera-que-voltar-na-proxima-semana\/","title":{"rendered":"Caiado admite erro na contagem de votos e diz que projeto da \u2018lei Anti-Oruam\u2019 ter\u00e1 que voltar na pr\u00f3xima semana"},"content":{"rendered":"<p><\/p>\n<div itemprop=\"articleBody\">\nO <a href=\"https:\/\/temporealrj.com\/autora-da-lei-anti-oruam-quer-retirar-trechos-polemicos-do-projeto-incluindo-o-que-proibe-apologia-as-drogas\/\">projeto da \u201clei Anti-Oruam\u201d <\/a>continua causando pol\u00eamica entre os vereadores no velho Pal\u00e1cio Pedro Ernesto. <a href=\"https:\/\/temporealrj.com\/camara-do-rio-derruba-lei-anti-oruam-e-projeto-e-arquivado\/\">Depois de ter sido declarado arquivado na sess\u00e3o desta quinta-feira (27)<\/a>, o presidente da casa, Carlo Caiado (PSD), admitiu um erro da mesa diretora na contagem de votos, e a proposta ter\u00e1 que voltar \u00e0 vota\u00e7\u00e3o na pr\u00f3xima ter\u00e7a-feira (2).<\/p>\n<p>O problema ocorreu porque, embora o projeto tenha recebido 27 votos no total, dois eram de absten\u00e7\u00e3o e, portanto, n\u00e3o podem ser computados para atingir o qu\u00f3rum m\u00ednimo de 26 votos necess\u00e1rios para aprova\u00e7\u00e3o.<\/p>\n<p>\u201cTeve um erro da mesa diretora. O projeto ter\u00e1 que voltar \u00e0 vota\u00e7\u00e3o na pr\u00f3xima sess\u00e3o, na ter\u00e7a-feira, porque, segundo nosso regimento interno, o qu\u00f3rum nominal exige 26 votos. Os dois votos de absten\u00e7\u00e3o representam apenas presen\u00e7a e n\u00e3o s\u00e3o contabilizados no processo de vota\u00e7\u00e3o\u201d, explicou Caiado.<\/p>\n<h2 class=\"wp-block-heading\"><strong>\u2018Lei Anti-Oruam\u2019 vem sendo sucessivamente adiada na C\u00e2mara do Rio<\/strong><\/h2>\n<p>De autoria de Talita Galhardo (PSDB) e Pedro Duarte (Novo), a \u201clei Anti-Oruam\u201d busca proibir que a prefeitura contrate artistas que fa\u00e7am apologia ao crime organizado ou ao uso de drogas em apresenta\u00e7\u00f5es abertas ao p\u00fablico infantojuvenil. A medida foi protocolada em fevereiro deste ano, gerou intensos debates e vem sendo sucessivamente adiada desde ent\u00e3o.<\/p>\n<p>Inspirada em um pacote de leis proposto pela vereadora de S\u00e3o Paulo Amanda Vettorazzo (Uni\u00e3o),\u00a0<a href=\"https:\/\/temporealrj.com\/vereadores-se-unem-em-projeto-anti-oruam-na-camara-do-rio\/\">a vers\u00e3o carioca <\/a>tem como objetivo garantir responsabilidade e \u201crespeito \u00e0 prote\u00e7\u00e3o de crian\u00e7as e adolescentes\u201d na realiza\u00e7\u00e3o de eventos.<\/p>\n<p>O nome do projeto faz refer\u00eancia ao rapper<a href=\"https:\/\/temporealrj.com\/mansao-onde-morou-o-rapper-oruam-e-colocada-a-venda-por-r-40-milhoes\/\">\u00a0Mauro Davi dos Santos Nepomuceno, conhecido como Oruam<\/a>. Filho de Marcinho VP, um dos principais l\u00edderes da fac\u00e7\u00e3o criminosa Comando Vermelho (CV), o\u00a0<a href=\"https:\/\/temporealrj.com\/apos-69-dias-preso-rapper-oruam-deixa-a-cadeia-e-conta-com-o-apoio-do-amigo-poze-do-rodo\/\">cantor foi preso em julho e atualmente responde em liberdade a sete acusa\u00e7\u00f5es<\/a>, incluindo tr\u00e1fico de drogas, amea\u00e7a e les\u00e3o corporal.\n<\/div>\n<p><\/a><\/p>\n<p>Fonte: temporealrj.com<\/p>\n","protected":false},"excerpt":{"rendered":"<p>O projeto da \u201clei Anti-Oruam\u201d continua causando pol\u00eamica entre os vereadores no velho Pal\u00e1cio Pedro Ernesto. Depois de ter sido declarado arquivado na sess\u00e3o desta quinta-feira (27), o presidente da casa, Carlo Caiado (PSD), admitiu um erro da mesa diretora na contagem de votos, e a proposta ter\u00e1 que voltar \u00e0 vota\u00e7\u00e3o na pr\u00f3xima ter\u00e7a-feira [&hellip;]<\/p>\n","protected":false},"author":3,"featured_media":5985,"comment_status":"open","ping_status":"open","sticky":false,"template":"","format":"standard","meta":{"advanced_seo_description":"","jetpack_seo_html_title":"","jetpack_seo_noindex":false,"fifu_image_url":"https:\/\/temporealrj.com\/wp-content\/uploads\/2025\/11\/Captura-de-tela-2025-11-27-122330-e1764257837143.png","fifu_image_alt":"","_jetpack_memberships_contains_paid_content":false,"footnotes":"","jetpack_publicize_message":"","jetpack_publicize_feature_enabled":true,"jetpack_social_post_already_shared":true,"jetpack_social_options":{"image_generator_settings":{"template":"highway","default_image_id":0,"font":"","enabled":false},"version":2}},"categories":[107],"tags":[],"class_list":{"0":"post-5984","1":"post","2":"type-post","3":"status-publish","4":"format-standard","5":"has-post-thumbnail","7":"category-economia"},"jetpack_publicize_connections":[],"jetpack_featured_media_url":"https:\/\/i0.wp.com\/temporealrj.com\/wp-content\/uploads\/2025\/11\/Captura-de-tela-2025-11-27-122330-e1764257837143.png?fit=%2C&ssl=1","jetpack_sharing_enabled":true,"jetpack-related-posts":[],"_links":{"self":[{"href":"https:\/\/friburgonoticias.com.br\/temp\/wp-json\/wp\/v2\/posts\/5984","targetHints":{"allow":["GET"]}}],"collection":[{"href":"https:\/\/friburgonoticias.com.br\/temp\/wp-json\/wp\/v2\/posts"}],"about":[{"href":"https:\/\/friburgonoticias.com.br\/temp\/wp-json\/wp\/v2\/types\/post"}],"author":[{"embeddable":true,"href":"https:\/\/friburgonoticias.com.br\/temp\/wp-json\/wp\/v2\/users\/3"}],"replies":[{"embeddable":true,"href":"https:\/\/friburgonoticias.com.br\/temp\/wp-json\/wp\/v2\/comments?post=5984"}],"version-history":[{"count":0,"href":"https:\/\/friburgonoticias.com.br\/temp\/wp-json\/wp\/v2\/posts\/5984\/revisions"}],"wp:featuredmedia":[{"embeddable":true,"href":"https:\/\/friburgonoticias.com.br\/temp\/wp-json\/wp\/v2\/media\/5985"}],"wp:attachment":[{"href":"https:\/\/friburgonoticias.com.br\/temp\/wp-json\/wp\/v2\/media?parent=5984"}],"wp:term":[{"taxonomy":"category","embeddable":true,"href":"https:\/\/friburgonoticias.com.br\/temp\/wp-json\/wp\/v2\/categories?post=5984"},{"taxonomy":"post_tag","embeddable":true,"href":"https:\/\/friburgonoticias.com.br\/temp\/wp-json\/wp\/v2\/tags?post=5984"}],"curies":[{"name":"wp","href":"https:\/\/api.w.org\/{rel}","templated":true}]}}