{"id":6006,"date":"2025-11-27T21:46:16","date_gmt":"2025-11-27T21:46:16","guid":{"rendered":"https:\/\/friburgonoticias.com.br\/temp\/2025\/11\/27\/deputados-e-vereadores-do-pl-coibem-atuacao-de-flanelinhas-no-entorno-do-pao-de-acucar\/"},"modified":"2025-11-27T21:46:16","modified_gmt":"2025-11-27T21:46:16","slug":"deputados-e-vereadores-do-pl-coibem-atuacao-de-flanelinhas-no-entorno-do-pao-de-acucar","status":"publish","type":"post","link":"https:\/\/friburgonoticias.com.br\/temp\/2025\/11\/27\/deputados-e-vereadores-do-pl-coibem-atuacao-de-flanelinhas-no-entorno-do-pao-de-acucar\/","title":{"rendered":"Deputados e vereadores do PL co\u00edbem atua\u00e7\u00e3o de flanelinhas no entorno do P\u00e3o de A\u00e7\u00facar"},"content":{"rendered":"<p><\/p>\n<div itemprop=\"articleBody\">\nNa tarde desta quinta-feira (27), os deputados estaduais Filippe Poubel (PL) e Rodrigo Amorim (PL) e os vereadores Poubel (PL) e Rog\u00e9rio Amorim (PL) realizaram uma fiscaliza\u00e7\u00e3o na Urca, nas imedia\u00e7\u00f5es do P\u00e3o de A\u00e7\u00facar. O objetivo da a\u00e7\u00e3o foi coibir a atua\u00e7\u00e3o de <a href=\"https:\/\/temporealrj.com\/area-azul-digital-paes-sanciona-lei-que-cria-sistema-de-estacionamento-no-rio-que-pode-acabar-com-flanelinhas\/\" target=\"_blank\" rel=\"noreferrer noopener\">flanelinhas<\/a> no entorno do ponto tur\u00edstico.<\/p>\n<p>Tr\u00eas homens que atuavam cobrando por vagas de estacionamento de forma irregular foram levados para a 10\u00aa DP, em Botafogo. Nenhum dos carros fiscalizados e estacionados no local possu\u00edam tal\u00e3o recolhido, que comprova a atua\u00e7\u00e3o de guardadores de carro legalizados na cidade.<\/p>\n<div class=\"wp-block-image\">\n<figure class=\"aligncenter size-large\"><img loading=\"lazy\" decoding=\"async\" width=\"1024\" height=\"549\" src=\"https:\/\/temporealrj.com\/wp-content\/uploads\/2025\/11\/WhatsApp-Image-2025-11-27-at-4.23.03-PM-1024x549.jpeg\" alt=\"Pol\u00edcia conduz flanelinhas em fiscaliza\u00e7\u00e3o de parlamentares do PL na Urca\" class=\"wp-image-107750\" title=\"Deputados e vereadores do PL co\u00edbem atua\u00e7\u00e3o de flanelinhas no entorno do P\u00e3o de A\u00e7\u00facar 62\" srcset=\"https:\/\/temporealrj.com\/wp-content\/uploads\/2025\/11\/WhatsApp-Image-2025-11-27-at-4.23.03-PM-1024x549.jpeg 1024w, https:\/\/temporealrj.com\/wp-content\/uploads\/2025\/11\/WhatsApp-Image-2025-11-27-at-4.23.03-PM-300x161.jpeg 300w, https:\/\/temporealrj.com\/wp-content\/uploads\/2025\/11\/WhatsApp-Image-2025-11-27-at-4.23.03-PM-768x411.jpeg 768w, https:\/\/temporealrj.com\/wp-content\/uploads\/2025\/11\/WhatsApp-Image-2025-11-27-at-4.23.03-PM-860x461.jpeg 860w, https:\/\/temporealrj.com\/wp-content\/uploads\/2025\/11\/WhatsApp-Image-2025-11-27-at-4.23.03-PM.jpeg 1290w\" sizes=\"auto, (max-width: 1024px) 100vw, 1024px\"\/><figcaption class=\"wp-element-caption\">Pol\u00edcia conduz flanelinhas em fiscaliza\u00e7\u00e3o de parlamentares do PL na Urca \u2013 Foto: Divulga\u00e7\u00e3o<\/figcaption><\/figure>\n<\/div>\n<p>Os deputados e vereadores v\u00eam recebendo constantemente den\u00fancias de cobran\u00e7a irregular por parte de flanelinhas em diversas \u00e1reas do Rio de Janeiro. <\/p>\n<h2 class=\"wp-block-heading\">Prefeitura aprova plano para \u201cacabar\u201d com a\u00e7\u00e3o de flanelinhas no Rio<\/h2>\n<p>A Prefeitura do Rio tamb\u00e9m atua para coibir a a\u00e7\u00e3o de flanelinhas na cidade. Na quarta-feira, o prefeito Eduardo Paes (PSD) sancionou, no Di\u00e1rio Oficial , a lei que implementa o\u00a0novo sistema de cobran\u00e7a de estacionamento rotativo\u00a0no Rio. O \u201c\u00c1rea Azul Digital\u201d prev\u00ea que motoristas possam pagar as tarifas por meio de aplicativo, pix e cart\u00f5es \u2014 o que pretende \u201cdar fim\u201d \u00e0 atua\u00e7\u00e3o irregular de flanelinhas nas ruas da capital.<\/p>\n<p>A lei pro\u00edbe qualquer cobran\u00e7a pelo uso de vagas de\u00a0estacionamento rotativo\u00a0em vias p\u00fablicas feita por pessoas n\u00e3o autorizadas pela Prefeitura do Rio. Ao inv\u00e9s disso, a cobran\u00e7a aos condutores passa a ser feita atrav\u00e9s de parqu\u00edmetros eletr\u00f4nicos, pontos de venda autorizados e guardadores credenciados. O projeto tem autoria do vereador <a href=\"https:\/\/temporealrj.com\/camara-do-rio-aprova-fiscalizacao-digital-na-cobranca-de-estacionamentos-em-vias-publicas-para-coibir-mafia-dos-flanelinhas\/\" target=\"_blank\" rel=\"noreferrer noopener\">Marcelo Diniz (PSD)<\/a> e foi aprovado na C\u00e2mara do Rio em outubro.\n<\/div>\n<p><\/a><\/p>\n<p>Fonte: temporealrj.com<\/p>\n","protected":false},"excerpt":{"rendered":"<p>Na tarde desta quinta-feira (27), os deputados estaduais Filippe Poubel (PL) e Rodrigo Amorim (PL) e os vereadores Poubel (PL) e Rog\u00e9rio Amorim (PL) realizaram uma fiscaliza\u00e7\u00e3o na Urca, nas imedia\u00e7\u00f5es do P\u00e3o de A\u00e7\u00facar. O objetivo da a\u00e7\u00e3o foi coibir a atua\u00e7\u00e3o de flanelinhas no entorno do ponto tur\u00edstico. Tr\u00eas homens que atuavam cobrando [&hellip;]<\/p>\n","protected":false},"author":3,"featured_media":6007,"comment_status":"open","ping_status":"open","sticky":false,"template":"","format":"standard","meta":{"advanced_seo_description":"","jetpack_seo_html_title":"","jetpack_seo_noindex":false,"fifu_image_url":"https:\/\/temporealrj.com\/wp-content\/uploads\/2025\/11\/WhatsApp-Image-2025-11-27-at-4.07.33-PM-e1764272365816.jpeg","fifu_image_alt":"","_jetpack_memberships_contains_paid_content":false,"footnotes":"","jetpack_publicize_message":"","jetpack_publicize_feature_enabled":true,"jetpack_social_post_already_shared":true,"jetpack_social_options":{"image_generator_settings":{"template":"highway","default_image_id":0,"font":"","enabled":false},"version":2}},"categories":[107],"tags":[],"class_list":{"0":"post-6006","1":"post","2":"type-post","3":"status-publish","4":"format-standard","5":"has-post-thumbnail","7":"category-economia"},"jetpack_publicize_connections":[],"jetpack_featured_media_url":"https:\/\/i0.wp.com\/temporealrj.com\/wp-content\/uploads\/2025\/11\/WhatsApp-Image-2025-11-27-at-4.07.33-PM-e1764272365816.jpeg?fit=%2C&ssl=1","jetpack_sharing_enabled":true,"jetpack-related-posts":[],"_links":{"self":[{"href":"https:\/\/friburgonoticias.com.br\/temp\/wp-json\/wp\/v2\/posts\/6006","targetHints":{"allow":["GET"]}}],"collection":[{"href":"https:\/\/friburgonoticias.com.br\/temp\/wp-json\/wp\/v2\/posts"}],"about":[{"href":"https:\/\/friburgonoticias.com.br\/temp\/wp-json\/wp\/v2\/types\/post"}],"author":[{"embeddable":true,"href":"https:\/\/friburgonoticias.com.br\/temp\/wp-json\/wp\/v2\/users\/3"}],"replies":[{"embeddable":true,"href":"https:\/\/friburgonoticias.com.br\/temp\/wp-json\/wp\/v2\/comments?post=6006"}],"version-history":[{"count":0,"href":"https:\/\/friburgonoticias.com.br\/temp\/wp-json\/wp\/v2\/posts\/6006\/revisions"}],"wp:featuredmedia":[{"embeddable":true,"href":"https:\/\/friburgonoticias.com.br\/temp\/wp-json\/wp\/v2\/media\/6007"}],"wp:attachment":[{"href":"https:\/\/friburgonoticias.com.br\/temp\/wp-json\/wp\/v2\/media?parent=6006"}],"wp:term":[{"taxonomy":"category","embeddable":true,"href":"https:\/\/friburgonoticias.com.br\/temp\/wp-json\/wp\/v2\/categories?post=6006"},{"taxonomy":"post_tag","embeddable":true,"href":"https:\/\/friburgonoticias.com.br\/temp\/wp-json\/wp\/v2\/tags?post=6006"}],"curies":[{"name":"wp","href":"https:\/\/api.w.org\/{rel}","templated":true}]}}