{"id":6026,"date":"2025-11-28T16:55:31","date_gmt":"2025-11-28T16:55:31","guid":{"rendered":"https:\/\/friburgonoticias.com.br\/temp\/2025\/11\/28\/comissao-debate-educacao-na-primeira-infancia-noticias\/"},"modified":"2025-11-28T16:55:31","modified_gmt":"2025-11-28T16:55:31","slug":"comissao-debate-educacao-na-primeira-infancia-noticias","status":"publish","type":"post","link":"https:\/\/friburgonoticias.com.br\/temp\/2025\/11\/28\/comissao-debate-educacao-na-primeira-infancia-noticias\/","title":{"rendered":"Comiss\u00e3o debate educa\u00e7\u00e3o na primeira inf\u00e2ncia &#8211; Not\u00edcias"},"content":{"rendered":"<p><\/p>\n<div>\n<div>\n<p class=\"g-artigo__data-hora\">\n                      28\/11\/2025 &#8211; 13:36 \u00a0\n                    <\/p>\n<div id=\"image-container-1227926\" class=\"image-container\" style=\"float: none; margin: 45px 0px; width: 100%;\" data-midia=\"1227926\">\n        <em>Neto Talmeli\/Prefeitura de Uberaba-MG<\/em><\/p>\n<p>        Centro Municipal de Educa\u00e7\u00e3o Infantil em Uberaba (MG))\n        <\/p><\/div>\n<p data-start=\"51\" data-end=\"317\">A <span id=\"4412\" class=\"termoGlossario\" title=\"Comiss\u00e3o tempor\u00e1ria criada para analisar e votar proposta de emenda \u00e0 Constitui\u00e7\u00e3o (PEC), projeto de c\u00f3digo e propostas que envolvam mat\u00e9ria de compet\u00eancia de mais de quatro comiss\u00f5es de m\u00e9rito.\" contenteditable=\"false\" data-toggle=\"tooltip\" data-placement=\"top\">comiss\u00e3o especial<\/span> da C\u00e2mara dos Deputados que analisa a <a href=\"https:\/\/www.camara.leg.br\/noticias\/1192073-pec-da-prioridade-a-criancas-de-ate-6-anos-em-direitos-constitucionais\">Proposta de Emenda \u00e0 Constitui\u00e7\u00e3o (PEC) 34\/24<\/a>, sobre a primeira inf\u00e2ncia \u2013 per\u00edodo que vai do nascimento aos 6 anos de idade \u2013 promove audi\u00eancia p\u00fablica nesta ter\u00e7a-feira (2).<\/p>\n<p data-start=\"51\" data-end=\"317\">O debate atende a pedido da relatora, deputada Amanda Gentil (PP-MA), e ser\u00e1 realizado \u00e0s 14 horas, em plen\u00e1rio a ser definido. O objetivo \u00e9 discutir os avan\u00e7os e desafios da educa\u00e7\u00e3o na primeira inf\u00e2ncia e propor caminhos para o aperfei\u00e7oamento das pol\u00edticas p\u00fablicas.<\/p>\n<p data-start=\"410\" data-end=\"889\">Amanda Gentil destaca que a PEC 34\/24 prop\u00f5e o fortalecimento dos direitos e das garantias das crian\u00e7as na primeira inf\u00e2ncia. E acrescenta que entre os pilares dessa pol\u00edtica est\u00e1 a educa\u00e7\u00e3o infantil, que constitui a base para o desenvolvimento humano.<\/p>\n<p data-start=\"891\" data-end=\"1103\">&#8220;No entanto, o Brasil ainda enfrenta desafios significativos relacionados \u00e0 amplia\u00e7\u00e3o do acesso, \u00e0 qualidade do ensino e \u00e0 valoriza\u00e7\u00e3o dos profissionais da educa\u00e7\u00e3o infantil, especialmente em contextos de desigualdade regional e social&#8221;, afirma.<\/p>\n<p data-start=\"891\" data-end=\"1103\">&#8220;\u00c9 essencial debater a implementa\u00e7\u00e3o de pol\u00edticas p\u00fablicas que assegurem uma educa\u00e7\u00e3o inclusiva, equitativa e integral, articulada com as demais \u00e1reas que comp\u00f5em a prote\u00e7\u00e3o \u00e0 inf\u00e2ncia&#8221;, diz a deputada.<\/p>\n<p>        \u00a0<\/p>\n<p style=\"font-size: 0.8rem; font-weight: 700;\">Da Reda\u00e7\u00e3o &#8211; MB<\/p>\n<\/p><\/div>\n<\/p><\/div>\n<p><\/a><\/p>\n<p>Fonte: www.camara.leg.br<\/p>\n","protected":false},"excerpt":{"rendered":"<p>28\/11\/2025 &#8211; 13:36 \u00a0 Neto Talmeli\/Prefeitura de Uberaba-MG Centro Municipal de Educa\u00e7\u00e3o Infantil em Uberaba (MG)) A comiss\u00e3o especial da C\u00e2mara dos Deputados que analisa a Proposta de Emenda \u00e0 Constitui\u00e7\u00e3o (PEC) 34\/24, sobre a primeira inf\u00e2ncia \u2013 per\u00edodo que vai do nascimento aos 6 anos de idade \u2013 promove audi\u00eancia p\u00fablica nesta ter\u00e7a-feira (2). [&hellip;]<\/p>\n","protected":false},"author":3,"featured_media":6027,"comment_status":"open","ping_status":"open","sticky":false,"template":"","format":"standard","meta":{"advanced_seo_description":"","jetpack_seo_html_title":"","jetpack_seo_noindex":false,"fifu_image_url":"https:\/\/www.camara.leg.br\/midias\/image\/2025\/11\/img20200701100326828-768x512.jpg","fifu_image_alt":"","_jetpack_memberships_contains_paid_content":false,"footnotes":"","jetpack_publicize_message":"","jetpack_publicize_feature_enabled":true,"jetpack_social_post_already_shared":true,"jetpack_social_options":{"image_generator_settings":{"template":"highway","default_image_id":0,"font":"","enabled":false},"version":2}},"categories":[106,1],"tags":[],"class_list":{"0":"post-6026","1":"post","2":"type-post","3":"status-publish","4":"format-standard","5":"has-post-thumbnail","7":"category-politica","8":"category-uncategorized"},"jetpack_publicize_connections":[],"jetpack_featured_media_url":"https:\/\/i0.wp.com\/www.camara.leg.br\/midias\/image\/2025\/11\/img20200701100326828-768x512.jpg?fit=%2C&ssl=1","jetpack_sharing_enabled":true,"jetpack-related-posts":[],"_links":{"self":[{"href":"https:\/\/friburgonoticias.com.br\/temp\/wp-json\/wp\/v2\/posts\/6026","targetHints":{"allow":["GET"]}}],"collection":[{"href":"https:\/\/friburgonoticias.com.br\/temp\/wp-json\/wp\/v2\/posts"}],"about":[{"href":"https:\/\/friburgonoticias.com.br\/temp\/wp-json\/wp\/v2\/types\/post"}],"author":[{"embeddable":true,"href":"https:\/\/friburgonoticias.com.br\/temp\/wp-json\/wp\/v2\/users\/3"}],"replies":[{"embeddable":true,"href":"https:\/\/friburgonoticias.com.br\/temp\/wp-json\/wp\/v2\/comments?post=6026"}],"version-history":[{"count":0,"href":"https:\/\/friburgonoticias.com.br\/temp\/wp-json\/wp\/v2\/posts\/6026\/revisions"}],"wp:featuredmedia":[{"embeddable":true,"href":"https:\/\/friburgonoticias.com.br\/temp\/wp-json\/wp\/v2\/media\/6027"}],"wp:attachment":[{"href":"https:\/\/friburgonoticias.com.br\/temp\/wp-json\/wp\/v2\/media?parent=6026"}],"wp:term":[{"taxonomy":"category","embeddable":true,"href":"https:\/\/friburgonoticias.com.br\/temp\/wp-json\/wp\/v2\/categories?post=6026"},{"taxonomy":"post_tag","embeddable":true,"href":"https:\/\/friburgonoticias.com.br\/temp\/wp-json\/wp\/v2\/tags?post=6026"}],"curies":[{"name":"wp","href":"https:\/\/api.w.org\/{rel}","templated":true}]}}