{"id":6040,"date":"2025-11-28T19:51:12","date_gmt":"2025-11-28T19:51:12","guid":{"rendered":"https:\/\/friburgonoticias.com.br\/temp\/2025\/11\/28\/talk-show-aborda-40-anos-de-inovacao-na-prevencao-ao-hiv-e-a-aids\/"},"modified":"2025-11-28T19:51:12","modified_gmt":"2025-11-28T19:51:12","slug":"talk-show-aborda-40-anos-de-inovacao-na-prevencao-ao-hiv-e-a-aids","status":"publish","type":"post","link":"https:\/\/friburgonoticias.com.br\/temp\/2025\/11\/28\/talk-show-aborda-40-anos-de-inovacao-na-prevencao-ao-hiv-e-a-aids\/","title":{"rendered":"Talk show aborda 40 anos de inova\u00e7\u00e3o na preven\u00e7\u00e3o ao HIV e \u00e0 aids"},"content":{"rendered":"<p><\/p>\n<div id=\"parent-fieldname-text\">\n<div property=\"rnews:articleBody\">Ao longo dos 40 anos da epidemia de HIV e aids o Brasil avan\u00e7ou consideravelmente nas abordagens e estrat\u00e9gias de preven\u00e7\u00e3o \u00e0 infec\u00e7\u00e3o e \u00e0 doen\u00e7a. Para discutir os avan\u00e7os hist\u00f3ricos, o Minist\u00e9rio da Sa\u00fade promover\u00e1, no pr\u00f3ximo dia 5, o <i>talk<\/i> show \u201c<a href=\"https:\/\/bacanapps.github.io\/dezembro-vermelho-2025\/form-template.html?id=17&amp;utm_source=social&amp;utm_medium=social&amp;utm_campaign=dezembro-vermelho-2025&amp;utm_content=link-direto\">Da camisa de v\u00eanus \u00e0 PrEP: 40 anos de inova\u00e7\u00e3o na preven\u00e7\u00e3o do HIV<\/a>\u201d.<\/p>\n<p>O evento promover\u00e1 um debate sobre a evolu\u00e7\u00e3o das ferramentas e estrat\u00e9gias de preven\u00e7\u00e3o ao longo das \u00faltimas quatro d\u00e9cadas, partindo da centralidade no preservativo (conhecido popularmente como \u201ccamisa de v\u00eanus\u201d nos anos 1980 e 1990) at\u00e9 as modernas abordagens da Preven\u00e7\u00e3o Combinada, que incluem as profilaxias pr\u00e9 e p\u00f3s-exposi\u00e7\u00e3o de risco ao HIV, PrEP e PEP).<\/p>\n<p>A atividade faz parte da <a href=\"https:\/\/www.gov.br\/aids\/pt-br\/aids-40-anos-da-resposta-brasileira\/programacao\/dia-4\">programa\u00e7\u00e3o do Dezembro Vermelho<\/a> \u2013 m\u00eas e cor internacionais de conscientiza\u00e7\u00e3o sobre HIV e aids \u2013 de 2025 promovida pelo Minist\u00e9rio da Sa\u00fade e \u00e9 aberta ao p\u00fablico, mas para participar \u00e9 necess\u00e1rio realizar inscri\u00e7\u00e3o no site. As vagas s\u00e3o limitadas. Os especialistas convidados s\u00e3o: Alexandre Grangeiro, Mikaella Reis e Vera Paiva.<\/p>\n<p><b>Exposi\u00e7\u00e3o 40 anos da resposta brasileira\u00a0\u00e0\u00a0aids<\/b><\/p>\n<p>Em 2025, o Minist\u00e9rio da Sa\u00fade comemora oficialmente os 40 anos da resposta nacional \u00e0 epidemia de HIV e aids. Muitos foram os avan\u00e7os da pauta, al\u00e9m dos diversos desafios ao longo dessas quatro d\u00e9cadas. Para marcar esta data, o Minist\u00e9rio da Sa\u00fade realiza, no Sesi Lab, a exposi\u00e7\u00e3o 40 anos da resposta brasileira \u00e0 aids.<\/p>\n<p>A mostra \u00e9 um convite para reviver a hist\u00f3ria, resgatando as a\u00e7\u00f5es, estrat\u00e9gias, projetos e pol\u00edticas p\u00fablicas que colocaram o Brasil como refer\u00eancia global, destacando a parceria fundamental com a sociedade civil. A Exposi\u00e7\u00e3o \u00e9 aberta ao p\u00fablica e poder\u00e1 ser visitada entre os dias 2 de dezembro de 2025 e 30 de janeiro de 2025.<\/p>\n<p>Acesse a <a href=\"https:\/\/www.gov.br\/aids\/pt-br\/aids-40-anos-da-resposta-brasileira\/programacao\/dia-4\">programa\u00e7\u00e3o completa<\/a> da exposi\u00e7\u00e3o.\u00a0<\/p>\n<\/div><\/div>\n<p><script type=\"text\">\n    (function() {\n        var po = document.createElement('script');\n        po.async = true;\n        po.src = document.location.protocol + '\/\/connect.facebook.net\/pt_BR\/all.js#xfbml=1';\n        var head = document.getElementsByTagName('head')[0];\n        head.appendChild(po);\n    }());\n    <\/script><\/p>\n<p><\/a><\/p>\n<p>Fonte: www.gov.br<\/p>\n","protected":false},"excerpt":{"rendered":"<p>Ao longo dos 40 anos da epidemia de HIV e aids o Brasil avan\u00e7ou consideravelmente nas abordagens e estrat\u00e9gias de preven\u00e7\u00e3o \u00e0 infec\u00e7\u00e3o e \u00e0 doen\u00e7a. Para discutir os avan\u00e7os hist\u00f3ricos, o Minist\u00e9rio da Sa\u00fade promover\u00e1, no pr\u00f3ximo dia 5, o talk show \u201cDa camisa de v\u00eanus \u00e0 PrEP: 40 anos de inova\u00e7\u00e3o na preven\u00e7\u00e3o [&hellip;]<\/p>\n","protected":false},"author":3,"featured_media":6041,"comment_status":"open","ping_status":"open","sticky":false,"template":"","format":"standard","meta":{"advanced_seo_description":"","jetpack_seo_html_title":"","jetpack_seo_noindex":false,"fifu_image_url":"https:\/\/www.gov.br\/aids\/logo.png","fifu_image_alt":"","_jetpack_memberships_contains_paid_content":false,"footnotes":"","jetpack_publicize_message":"","jetpack_publicize_feature_enabled":true,"jetpack_social_post_already_shared":true,"jetpack_social_options":{"image_generator_settings":{"template":"highway","default_image_id":0,"font":"","enabled":false},"version":2}},"categories":[108],"tags":[],"class_list":{"0":"post-6040","1":"post","2":"type-post","3":"status-publish","4":"format-standard","5":"has-post-thumbnail","7":"category-saude"},"jetpack_publicize_connections":[],"jetpack_featured_media_url":"https:\/\/i0.wp.com\/www.gov.br\/aids\/logo.png?fit=%2C&ssl=1","jetpack_sharing_enabled":true,"jetpack-related-posts":[],"_links":{"self":[{"href":"https:\/\/friburgonoticias.com.br\/temp\/wp-json\/wp\/v2\/posts\/6040","targetHints":{"allow":["GET"]}}],"collection":[{"href":"https:\/\/friburgonoticias.com.br\/temp\/wp-json\/wp\/v2\/posts"}],"about":[{"href":"https:\/\/friburgonoticias.com.br\/temp\/wp-json\/wp\/v2\/types\/post"}],"author":[{"embeddable":true,"href":"https:\/\/friburgonoticias.com.br\/temp\/wp-json\/wp\/v2\/users\/3"}],"replies":[{"embeddable":true,"href":"https:\/\/friburgonoticias.com.br\/temp\/wp-json\/wp\/v2\/comments?post=6040"}],"version-history":[{"count":0,"href":"https:\/\/friburgonoticias.com.br\/temp\/wp-json\/wp\/v2\/posts\/6040\/revisions"}],"wp:featuredmedia":[{"embeddable":true,"href":"https:\/\/friburgonoticias.com.br\/temp\/wp-json\/wp\/v2\/media\/6041"}],"wp:attachment":[{"href":"https:\/\/friburgonoticias.com.br\/temp\/wp-json\/wp\/v2\/media?parent=6040"}],"wp:term":[{"taxonomy":"category","embeddable":true,"href":"https:\/\/friburgonoticias.com.br\/temp\/wp-json\/wp\/v2\/categories?post=6040"},{"taxonomy":"post_tag","embeddable":true,"href":"https:\/\/friburgonoticias.com.br\/temp\/wp-json\/wp\/v2\/tags?post=6040"}],"curies":[{"name":"wp","href":"https:\/\/api.w.org\/{rel}","templated":true}]}}