{"id":6048,"date":"2025-11-28T21:36:12","date_gmt":"2025-11-28T21:36:12","guid":{"rendered":"https:\/\/friburgonoticias.com.br\/temp\/2025\/11\/28\/comissao-aprova-agravante-para-violencia-institucional-contra-mulher-vitima-de-violencia-domestica-noticias\/"},"modified":"2025-11-28T21:36:12","modified_gmt":"2025-11-28T21:36:12","slug":"comissao-aprova-agravante-para-violencia-institucional-contra-mulher-vitima-de-violencia-domestica-noticias","status":"publish","type":"post","link":"https:\/\/friburgonoticias.com.br\/temp\/2025\/11\/28\/comissao-aprova-agravante-para-violencia-institucional-contra-mulher-vitima-de-violencia-domestica-noticias\/","title":{"rendered":"Comiss\u00e3o aprova agravante para viol\u00eancia institucional contra mulher v\u00edtima de viol\u00eancia dom\u00e9stica &#8211; Not\u00edcias"},"content":{"rendered":"<p><\/p>\n<div>\n<p class=\"g-artigo__data-hora\">\n                      28\/11\/2025 &#8211; 17:29 \u00a0\n                    <\/p>\n<div id=\"image-container-1228095\" class=\"image-container\" style=\"float: none; margin: 45px 0px; width: 100%;\" data-midia=\"1228095\">\n        <em>Renato Ara\u00fajo\/C\u00e2mara dos Deputados<\/em><\/p>\n<p>        Deputada S\u00e2mia Bomfim, relatora do projeto de lei\n        <\/p><\/div>\n<p>        A Comiss\u00e3o de Defesa dos Direitos da Mulher da C\u00e2mara dos Deputados aprovou o <a class=\"linkProposicao\" href=\"https:\/\/www.camara.leg.br\/noticias\/1134309-projeto-aumenta-pena-de-crime-de-violencia-institucional-cometido-contra-mulher-vitima-de-violencia-domestica\">Projeto de Lei 185\/25<\/a>, que tipifica a viol\u00eancia institucional como crime no <a href=\"https:\/\/www2.camara.leg.br\/legin\/fed\/declei\/1940-1949\/decreto-lei-2848-7-dezembro-1940-412868-norma-pe.html\">C\u00f3digo Penal<\/a> e cria agravante para casos envolvendo mulheres v\u00edtimas de viol\u00eancia dom\u00e9stica e familiar.<br \/>\n        Pela <a href=\"https:\/\/www2.camara.leg.br\/legin\/fed\/lei\/2019\/lei-13869-5-setembro-2019-789094-publicacaooriginal-159018-pl.html\">Lei de Abuso de Autoridade<\/a>, o crime de viol\u00eancia institucional ocorre quando servidores p\u00fablicos ou terceiros submetem a v\u00edtima de crimes a procedimentos desnecess\u00e1rios, repetitivos ou invasivos, resultado no que se chama de &#8220;revitimiza\u00e7\u00e3o&#8221;.<br \/>\n        Hoje, a pena para esse crime \u00e9 de 3 meses a 1 ano de <span id=\"4292\" class=\"termoGlossario\" title=\"Conforme a lei, a pena de pris\u00e3o simples deve ser cumprida, sem rigor penitenci\u00e1rio, em estabelecimento especial ou se\u00e7\u00e3o especial de pris\u00e3o comum, em regime semiaberto ou aberto.\" contenteditable=\"false\" data-toggle=\"tooltip\" data-placement=\"top\">pris\u00e3o<\/span>, e multa. Com a proposta, essa pena \u00e9 dobrada nos casos em que a revitimiza\u00e7\u00e3o atingir mulher v\u00edtima de viol\u00eancia dom\u00e9stica.<br \/>\n        A proposta tamb\u00e9m modifica o C\u00f3digo Penal como forma de trazer essa puni\u00e7\u00e3o para os casos de revitimiza\u00e7\u00e3o em institui\u00e7\u00f5es privadas, onde as v\u00edtimas recorrem em busca de prote\u00e7\u00e3o, trabalho, estudo ou lazer.<br \/>\n        Nesse caso, a pena de 2 a 10 meses de pris\u00e3o e multa ser\u00e1 aplicada em dobro para mulheres v\u00edtimas de viol\u00eancia dom\u00e9stica.<br \/>\n        A relatora, deputada S\u00e2mia Bomfim (Psol-SP), recomendou a aprova\u00e7\u00e3o do texto de autoria da deputada Laura Carneiro (PSD-RJ). Bomfim destacou que a cria\u00e7\u00e3o do agravante em casos envolvendo mulheres v\u00edtimas de viol\u00eancia dom\u00e9stica tem um \u201cefeito indireto relevante\u201d ao recolocar a <a href=\"https:\/\/www2.camara.leg.br\/legin\/fed\/lei\/2006\/lei-11340-7-agosto-2006-545133-norma-pl.html\">Lei Maria da Penha<\/a> no centro das refer\u00eancias jur\u00eddicas.<br \/>\n        Segundo a parlamentar, \u00e9 essa legisla\u00e7\u00e3o que orientar\u00e1 a defini\u00e7\u00e3o sobre a ocorr\u00eancia de viol\u00eancia dom\u00e9stica e familiar capaz de justificar o aumento da pena para casos de viol\u00eancia institucional.<br \/>\n        <strong>Pr\u00f3ximos passos<\/strong><br \/>A proposta ser\u00e1 analisada agora pela Comiss\u00e3o de Constitui\u00e7\u00e3o e Justi\u00e7a e de Cidadania. O projeto est\u00e1 sujeito \u00e0 aprecia\u00e7\u00e3o do Plen\u00e1rio. Para virar lei, a proposta precisa ser aprovada por deputados e senadores.<\/p>\n<p style=\"font-size: 0.8rem; font-weight: 700;\">Reportagem \u2013 Emanuelle Brasil<br \/>Edi\u00e7\u00e3o \u2013 Roberto Seabra<\/p>\n<\/p><\/div>\n<p><\/a><\/p>\n<p>Fonte: www.camara.leg.br<\/p>\n","protected":false},"excerpt":{"rendered":"<p>28\/11\/2025 &#8211; 17:29 \u00a0 Renato Ara\u00fajo\/C\u00e2mara dos Deputados Deputada S\u00e2mia Bomfim, relatora do projeto de lei A Comiss\u00e3o de Defesa dos Direitos da Mulher da C\u00e2mara dos Deputados aprovou o Projeto de Lei 185\/25, que tipifica a viol\u00eancia institucional como crime no C\u00f3digo Penal e cria agravante para casos envolvendo mulheres v\u00edtimas de viol\u00eancia dom\u00e9stica [&hellip;]<\/p>\n","protected":false},"author":3,"featured_media":6049,"comment_status":"open","ping_status":"open","sticky":false,"template":"","format":"standard","meta":{"advanced_seo_description":"","jetpack_seo_html_title":"","jetpack_seo_noindex":false,"fifu_image_url":"https:\/\/www.camara.leg.br\/midias\/image\/2025\/11\/img20251015151919776-768x473.jpg","fifu_image_alt":"","_jetpack_memberships_contains_paid_content":false,"footnotes":"","jetpack_publicize_message":"","jetpack_publicize_feature_enabled":true,"jetpack_social_post_already_shared":true,"jetpack_social_options":{"image_generator_settings":{"template":"highway","default_image_id":0,"font":"","enabled":false},"version":2}},"categories":[106,1],"tags":[],"class_list":{"0":"post-6048","1":"post","2":"type-post","3":"status-publish","4":"format-standard","5":"has-post-thumbnail","7":"category-politica","8":"category-uncategorized"},"jetpack_publicize_connections":[],"jetpack_featured_media_url":"https:\/\/i0.wp.com\/www.camara.leg.br\/midias\/image\/2025\/11\/img20251015151919776-768x473.jpg?fit=%2C&ssl=1","jetpack_sharing_enabled":true,"jetpack-related-posts":[],"_links":{"self":[{"href":"https:\/\/friburgonoticias.com.br\/temp\/wp-json\/wp\/v2\/posts\/6048","targetHints":{"allow":["GET"]}}],"collection":[{"href":"https:\/\/friburgonoticias.com.br\/temp\/wp-json\/wp\/v2\/posts"}],"about":[{"href":"https:\/\/friburgonoticias.com.br\/temp\/wp-json\/wp\/v2\/types\/post"}],"author":[{"embeddable":true,"href":"https:\/\/friburgonoticias.com.br\/temp\/wp-json\/wp\/v2\/users\/3"}],"replies":[{"embeddable":true,"href":"https:\/\/friburgonoticias.com.br\/temp\/wp-json\/wp\/v2\/comments?post=6048"}],"version-history":[{"count":0,"href":"https:\/\/friburgonoticias.com.br\/temp\/wp-json\/wp\/v2\/posts\/6048\/revisions"}],"wp:featuredmedia":[{"embeddable":true,"href":"https:\/\/friburgonoticias.com.br\/temp\/wp-json\/wp\/v2\/media\/6049"}],"wp:attachment":[{"href":"https:\/\/friburgonoticias.com.br\/temp\/wp-json\/wp\/v2\/media?parent=6048"}],"wp:term":[{"taxonomy":"category","embeddable":true,"href":"https:\/\/friburgonoticias.com.br\/temp\/wp-json\/wp\/v2\/categories?post=6048"},{"taxonomy":"post_tag","embeddable":true,"href":"https:\/\/friburgonoticias.com.br\/temp\/wp-json\/wp\/v2\/tags?post=6048"}],"curies":[{"name":"wp","href":"https:\/\/api.w.org\/{rel}","templated":true}]}}