{"id":6054,"date":"2025-12-01T12:15:23","date_gmt":"2025-12-01T12:15:23","guid":{"rendered":"https:\/\/friburgonoticias.com.br\/temp\/2025\/12\/01\/carro-fica-com-as-rodas-para-cima-apos-capotamento-em-nova-friburgo\/"},"modified":"2025-12-01T12:15:23","modified_gmt":"2025-12-01T12:15:23","slug":"carro-fica-com-as-rodas-para-cima-apos-capotamento-em-nova-friburgo","status":"publish","type":"post","link":"https:\/\/friburgonoticias.com.br\/temp\/2025\/12\/01\/carro-fica-com-as-rodas-para-cima-apos-capotamento-em-nova-friburgo\/","title":{"rendered":"Carro fica com as rodas para cima ap\u00f3s capotamento em Nova Friburgo"},"content":{"rendered":"<p><\/p>\n<div id=\"post-58263\">\n<div class=\"post-header post-tp-13-header\">\n<div class=\"single-featured\">\n<img loading=\"lazy\" decoding=\"async\" data-lazyloaded=\"1\" src=\"https:\/\/www.serranewsrj.com.br\/wp-content\/uploads\/2025\/12\/593549152_1395451739222248_1489962347193041717_n-1130x580.jpg\" width=\"1130\" height=\"580\" alt=\"Carro fica com as rodas para cima ap\u00f3s capotamento em Nova Friburgo\"\/><\/div>\n<\/div>\n<div class=\"entry-content clearfix single-post-content\">\n<p style=\"text-align: justify;\">Um capotamento foi registrado na madrugada de domingo (30\/11) na Avenida Conselheiro Julius Arp, no Centro de Nova Friburgo. Um Fiat Tipo perdeu o controle, capotou e acabou ficando com as rodas para cima no meio da via.<\/p>\n<div class=\"sxkqopd sxkqopd-post-inline sxkqopd-float-center sxkqopd-align-center sxkqopd-column-1 sxkqopd-clearfix no-bg-box-model\">\n<div id=\"sxkqopd-49250-684500223\" class=\"sxkqopd-container sxkqopd-type-image\" itemscope=\"\" itemtype=\"https:\/\/schema.org\/WPAdBlock\" data-adid=\"49250\" data-type=\"image\"><a itemprop=\"url\" class=\"sxkqopd-link\" href=\"https:\/\/www.evosolar.com.br\/simuladorsolarrj\" target=\"_blank\" rel=\"nofollow\"><img loading=\"lazy\" decoding=\"async\" data-lazyloaded=\"1\" width=\"2560\" height=\"520\" class=\"sxkqopd-image\" src=\"https:\/\/www.serranewsrj.com.br\/wp-content\/uploads\/2025\/05\/BannerdositedaSerraNews1230x250px-ezgif.com-png-to-webp-converter-1-scaled.webp\" alt=\"Evosolar (Maio) WebP \u2013 1230 x 250 px\"\/><\/a><\/div>\n<\/div>\n<p style=\"text-align: justify;\">O impacto foi t\u00e3o forte que o ve\u00edculo arrancou uma pequena \u00e1rvore da cal\u00e7ada e, por muito pouco, n\u00e3o atingiu a fachada de uma resid\u00eancia, o que poderia ter causado um acidente ainda mais grave.<\/p>\n<p style=\"text-align: justify;\">At\u00e9 o momento, n\u00e3o h\u00e1 confirma\u00e7\u00e3o sobre o n\u00famero de ocupantes que estavam no carro nem sobre o estado de sa\u00fade das poss\u00edveis v\u00edtimas. Equipes de socorro foram acionadas e atenderam \u00e0 ocorr\u00eancia.<\/p>\n<\/div>\n<\/div>\n<div id=\"\">\n<a href=\"https:\/\/www.serranewsrj.com.br\/author\/admin-2\" title=\"Artigos de autor\"><br \/>\n<span class=\"post-author-avatar\" itemprop=\"image\"><img loading=\"lazy\" decoding=\"async\" data-lazyloaded=\"1\" alt=\"\" src=\"https:\/\/www.serranewsrj.com.br\/wp-content\/uploads\/2025\/03\/REDONDA-4-180x180.png\" class=\"avatar avatar-80 photo avatar-default\" height=\"80\" width=\"80\"\/><\/span><br \/>\n<\/a><\/p>\n<div class=\"post-author-bio\" itemprop=\"description\">A sua fonte segura de informa\u00e7\u00e3o no interior do Rio de Janeiro.<\/p>\n<\/div>\n<\/div>\n<p><\/a><\/p>\n<p>Fonte: www.serranewsrj.com.br<\/p>\n","protected":false},"excerpt":{"rendered":"<p>Um capotamento foi registrado na madrugada de domingo (30\/11) na Avenida Conselheiro Julius Arp, no Centro de Nova Friburgo. Um Fiat Tipo perdeu o controle, capotou e acabou ficando com as rodas para cima no meio da via. O impacto foi t\u00e3o forte que o ve\u00edculo arrancou uma pequena \u00e1rvore da cal\u00e7ada e, por muito [&hellip;]<\/p>\n","protected":false},"author":3,"featured_media":6055,"comment_status":"open","ping_status":"open","sticky":false,"template":"","format":"standard","meta":{"advanced_seo_description":"","jetpack_seo_html_title":"","jetpack_seo_noindex":false,"fifu_image_url":"https:\/\/www.serranewsrj.com.br\/wp-content\/uploads\/2025\/12\/593549152_1395451739222248_1489962347193041717_n.jpg","fifu_image_alt":"","_jetpack_memberships_contains_paid_content":false,"footnotes":"","jetpack_publicize_message":"","jetpack_publicize_feature_enabled":true,"jetpack_social_post_already_shared":true,"jetpack_social_options":{"image_generator_settings":{"template":"highway","default_image_id":0,"font":"","enabled":false},"version":2}},"categories":[104,1],"tags":[],"class_list":{"0":"post-6054","1":"post","2":"type-post","3":"status-publish","4":"format-standard","5":"has-post-thumbnail","7":"category-cidade","8":"category-uncategorized"},"jetpack_publicize_connections":[],"jetpack_featured_media_url":"https:\/\/i0.wp.com\/www.serranewsrj.com.br\/wp-content\/uploads\/2025\/12\/593549152_1395451739222248_1489962347193041717_n.jpg?fit=%2C&ssl=1","jetpack_sharing_enabled":true,"jetpack-related-posts":[],"_links":{"self":[{"href":"https:\/\/friburgonoticias.com.br\/temp\/wp-json\/wp\/v2\/posts\/6054","targetHints":{"allow":["GET"]}}],"collection":[{"href":"https:\/\/friburgonoticias.com.br\/temp\/wp-json\/wp\/v2\/posts"}],"about":[{"href":"https:\/\/friburgonoticias.com.br\/temp\/wp-json\/wp\/v2\/types\/post"}],"author":[{"embeddable":true,"href":"https:\/\/friburgonoticias.com.br\/temp\/wp-json\/wp\/v2\/users\/3"}],"replies":[{"embeddable":true,"href":"https:\/\/friburgonoticias.com.br\/temp\/wp-json\/wp\/v2\/comments?post=6054"}],"version-history":[{"count":0,"href":"https:\/\/friburgonoticias.com.br\/temp\/wp-json\/wp\/v2\/posts\/6054\/revisions"}],"wp:featuredmedia":[{"embeddable":true,"href":"https:\/\/friburgonoticias.com.br\/temp\/wp-json\/wp\/v2\/media\/6055"}],"wp:attachment":[{"href":"https:\/\/friburgonoticias.com.br\/temp\/wp-json\/wp\/v2\/media?parent=6054"}],"wp:term":[{"taxonomy":"category","embeddable":true,"href":"https:\/\/friburgonoticias.com.br\/temp\/wp-json\/wp\/v2\/categories?post=6054"},{"taxonomy":"post_tag","embeddable":true,"href":"https:\/\/friburgonoticias.com.br\/temp\/wp-json\/wp\/v2\/tags?post=6054"}],"curies":[{"name":"wp","href":"https:\/\/api.w.org\/{rel}","templated":true}]}}