{"id":6058,"date":"2025-12-01T15:22:43","date_gmt":"2025-12-01T15:22:43","guid":{"rendered":"https:\/\/friburgonoticias.com.br\/temp\/2025\/12\/01\/conselho-de-etica-analisa-denuncias-de-quebra-de-decoro-contra-tres-deputados-noticias\/"},"modified":"2025-12-01T15:22:43","modified_gmt":"2025-12-01T15:22:43","slug":"conselho-de-etica-analisa-denuncias-de-quebra-de-decoro-contra-tres-deputados-noticias","status":"publish","type":"post","link":"https:\/\/friburgonoticias.com.br\/temp\/2025\/12\/01\/conselho-de-etica-analisa-denuncias-de-quebra-de-decoro-contra-tres-deputados-noticias\/","title":{"rendered":"Conselho de \u00c9tica analisa den\u00fancias de quebra de decoro contra tr\u00eas deputados &#8211; Not\u00edcias"},"content":{"rendered":"<p><\/p>\n<div>\n<div>\n<p class=\"g-artigo__data-hora\">\n                      01\/12\/2025 &#8211; 12:10 \u00a0\n                    <\/p>\n<div id=\"image-container-1225820\" class=\"image-container\" style=\"float: none; margin: 45px 0px; width: 100%;\" data-midia=\"1225820\">\n        <em>Zeca Ribeiro \/ C\u00e2mara dos Deputados<\/em><\/p>\n<p>        Conselho de \u00c9tica e Decoro Parlamentar duirante reuni\u00e3o\n        <\/p><\/div>\n<p>        O Conselho de \u00c9tica e Decoro Parlamentar da C\u00e2mara dos Deputados re\u00fane-se nesta ter\u00e7a-feira (2), \u00e0s 14h30, no plen\u00e1rio 11, para an\u00e1lise de pareceres relativos a den\u00fancias contra tr\u00eas deputados acusados de quebra de decoro.<br \/>\n        &#8211; <a href=\"https:\/\/www.camara.leg.br\/evento-legislativo\/80586\">Veja a pauta completa<\/a><br \/>\n        <strong>Lindbergh Farias<br \/><\/strong>O parlamentar responde a dois processos:<\/p>\n<ul>\n<li>Na <a href=\"https:\/\/www.camara.leg.br\/proposicoesWeb\/prop_mostrarintegra?codteor=2975403&amp;filename=REP%209\/2025\">REP 9\/25<\/a>, o Novo acusa Lindbergh Farias (PT-RJ) de ter divulgado, em redes sociais, imputa\u00e7\u00f5es falsas ao deputado Marcel van Hattem (Novo-RS).<\/li>\n<li>Na <a href=\"https:\/\/www.camara.leg.br\/proposicoesWeb\/prop_mostrarintegra?codteor=2975427&amp;filename=REP%2012\/2025\">REP 12\/25<\/a>, o PL acusa Lindbergh de ter ofendido o deputado Gustavo Gayer (PL-GO) em mar\u00e7o deste ano e defendido sua cassa\u00e7\u00e3o.<\/li>\n<\/ul>\n<p>        <strong>Andr\u00e9 Janones<\/strong><br \/>O deputado responde a tr\u00eas processos:<\/p>\n<ul>\n<li>Na <a href=\"https:\/\/www.camara.leg.br\/proposicoesWeb\/prop_mostrarintegra?codteor=2955251&amp;filename=REP%203\/2025\">REP 3\/25<\/a>, a Mesa Diretora acusa o deputado Andr\u00e9 Janones (Avante-MG) de quebra de decoro por ofensas dirigidas ao deputado Nikolas Ferreira (PL-MG) e provoca\u00e7\u00f5es \u00e0 bancada do Partido Liberal (PL) durante sess\u00e3o de 9 de julho de 2025.<\/li>\n<li>Na <a href=\"https:\/\/www.camara.leg.br\/proposicoesWeb\/prop_mostrarintegra?codteor=2975349&amp;filename=REP%208\/2025\">REP 8\/25<\/a>, o PL acusa Janones de ter solicitado que servidores devolvessem parte de seus sal\u00e1rios para beneficiar sua campanha.<\/li>\n<li>Na <a href=\"https:\/\/www.camara.leg.br\/proposicoesWeb\/prop_mostrarintegra?codteor=2975439&amp;filename=REP%2014\/2025\">REP 14\/25<\/a>, o PL acusa Janones de ter postado, em suas redes sociais, ofensas graves contra o deputado Gustavo Gayer.<\/li>\n<\/ul>\n<p>        <strong>Guilherme Boulos<\/strong><br \/>O deputado Guilherme Boulos (Psol-SP) \u00e9 acusado pelo PL (<a href=\"https:\/\/www.camara.leg.br\/proposicoesWeb\/prop_mostrarintegra?codteor=2975438&amp;filename=REP%2013\/2025\">REP 13\/25<\/a>) de ter ofendido parlamentares da legenda durante reuni\u00e3o do Conselho de \u00c9tica em abril deste ano.<\/p>\n<p style=\"font-size: 0.8rem; font-weight: 700;\">Da Reda\u00e7\u00e3o \u2013 RL<\/p>\n<\/p><\/div>\n<\/p><\/div>\n<p><\/a><\/p>\n<p>Fonte: www.camara.leg.br<\/p>\n","protected":false},"excerpt":{"rendered":"<p>01\/12\/2025 &#8211; 12:10 \u00a0 Zeca Ribeiro \/ C\u00e2mara dos Deputados Conselho de \u00c9tica e Decoro Parlamentar duirante reuni\u00e3o O Conselho de \u00c9tica e Decoro Parlamentar da C\u00e2mara dos Deputados re\u00fane-se nesta ter\u00e7a-feira (2), \u00e0s 14h30, no plen\u00e1rio 11, para an\u00e1lise de pareceres relativos a den\u00fancias contra tr\u00eas deputados acusados de quebra de decoro. &#8211; Veja [&hellip;]<\/p>\n","protected":false},"author":3,"featured_media":6059,"comment_status":"open","ping_status":"open","sticky":false,"template":"","format":"standard","meta":{"advanced_seo_description":"","jetpack_seo_html_title":"","jetpack_seo_noindex":false,"fifu_image_url":"https:\/\/www.camara.leg.br\/midias\/image\/2025\/11\/img20251022151214713-768x473.jpg","fifu_image_alt":"","_jetpack_memberships_contains_paid_content":false,"footnotes":"","jetpack_publicize_message":"","jetpack_publicize_feature_enabled":true,"jetpack_social_post_already_shared":true,"jetpack_social_options":{"image_generator_settings":{"template":"highway","default_image_id":0,"font":"","enabled":false},"version":2}},"categories":[107],"tags":[],"class_list":{"0":"post-6058","1":"post","2":"type-post","3":"status-publish","4":"format-standard","5":"has-post-thumbnail","7":"category-economia"},"jetpack_publicize_connections":[],"jetpack_featured_media_url":"https:\/\/i0.wp.com\/www.camara.leg.br\/midias\/image\/2025\/11\/img20251022151214713-768x473.jpg?fit=%2C&ssl=1","jetpack_sharing_enabled":true,"jetpack-related-posts":[],"_links":{"self":[{"href":"https:\/\/friburgonoticias.com.br\/temp\/wp-json\/wp\/v2\/posts\/6058","targetHints":{"allow":["GET"]}}],"collection":[{"href":"https:\/\/friburgonoticias.com.br\/temp\/wp-json\/wp\/v2\/posts"}],"about":[{"href":"https:\/\/friburgonoticias.com.br\/temp\/wp-json\/wp\/v2\/types\/post"}],"author":[{"embeddable":true,"href":"https:\/\/friburgonoticias.com.br\/temp\/wp-json\/wp\/v2\/users\/3"}],"replies":[{"embeddable":true,"href":"https:\/\/friburgonoticias.com.br\/temp\/wp-json\/wp\/v2\/comments?post=6058"}],"version-history":[{"count":0,"href":"https:\/\/friburgonoticias.com.br\/temp\/wp-json\/wp\/v2\/posts\/6058\/revisions"}],"wp:featuredmedia":[{"embeddable":true,"href":"https:\/\/friburgonoticias.com.br\/temp\/wp-json\/wp\/v2\/media\/6059"}],"wp:attachment":[{"href":"https:\/\/friburgonoticias.com.br\/temp\/wp-json\/wp\/v2\/media?parent=6058"}],"wp:term":[{"taxonomy":"category","embeddable":true,"href":"https:\/\/friburgonoticias.com.br\/temp\/wp-json\/wp\/v2\/categories?post=6058"},{"taxonomy":"post_tag","embeddable":true,"href":"https:\/\/friburgonoticias.com.br\/temp\/wp-json\/wp\/v2\/tags?post=6058"}],"curies":[{"name":"wp","href":"https:\/\/api.w.org\/{rel}","templated":true}]}}