{"id":6060,"date":"2025-12-01T16:30:19","date_gmt":"2025-12-01T16:30:19","guid":{"rendered":"https:\/\/friburgonoticias.com.br\/temp\/2025\/12\/01\/comissao-aprova-desconto-para-acompanhante-de-pessoa-idosa-em-eventos-culturais\/"},"modified":"2025-12-01T16:30:19","modified_gmt":"2025-12-01T16:30:19","slug":"comissao-aprova-desconto-para-acompanhante-de-pessoa-idosa-em-eventos-culturais","status":"publish","type":"post","link":"https:\/\/friburgonoticias.com.br\/temp\/2025\/12\/01\/comissao-aprova-desconto-para-acompanhante-de-pessoa-idosa-em-eventos-culturais\/","title":{"rendered":"Comiss\u00e3o aprova desconto para acompanhante de pessoa idosa em eventos culturais"},"content":{"rendered":"<p><\/p>\n<div id=\"image-container-1228269\" class=\"image-container\" style=\"float: none;margin: 45px 0px;width: 100%\" data-midia=\"1228269\">\n<div class=\"midia-creditos\"><em>Kayo Magalh\u00e3es \/ C\u00e2mara dos Deputados<\/em><\/div>\n<div class=\"media-wrapper\"><img decoding=\"async\" style=\"width: 100%;height: auto\" src=\"https:\/\/www.camara.leg.br\/midias\/image\/2025\/12\/img20251007165929306-768x473.jpg\" alt=\"Discuss\u00e3o e vota\u00e7\u00e3o de propostas legislativas. Dep. Geraldo Resende (PSDB - MS)\" \/><\/div>\n<div class=\"midia-legenda\">Geraldo Resende transformou meia-entrada em gratuidade nos casos de maior necessidade<\/div>\n<\/div>\n<p>A Comiss\u00e3o de Defesa dos Direitos da Pessoa Idosa da C\u00e2mara dos Deputados aprovou projeto de lei para assegurar ao acompanhante da pessoa idosa desconto m\u00ednimo de 50% no ingresso de eventos art\u00edsticos, culturais, esportivos e de lazer.<\/p>\n<p>A proposta prev\u00ea gratuidade total do ingresso para o acompanhante quando a pessoa idosa comprovar a necessidade de aux\u00edlio ou cuidados especiais para poder participar do evento. Essa comprova\u00e7\u00e3o ser\u00e1 regulamentada pelo Poder Executivo, sendo proibida a exig\u00eancia de laudos ou documentos excessivamente onerosos ou complexos.<\/p>\n<p>O texto aprovado \u00e9 vers\u00e3o do relator (<span id=\"4098\" class=\"termoGlossario\" title=\"Nome que se d\u00e1 ao texto que altera substancialmente o conte\u00fado original da proposta. O substitutivo \u00e9 apresentado pelo relator e tem prefer\u00eancia na vota\u00e7\u00e3o sobre o projeto original.\" data-toggle=\"tooltip\" data-placement=\"top\">substitutivo<\/span>), deputado Geraldo Resende (PSDB-MS), ao <a href=\"https:\/\/www.camara.leg.br\/noticias\/1105911-PROJETO-GARANTE-MEIA-ENTRADA-PARA-ACOMPANHANTE-DE-IDOSO-EM-EVENTOS-CULTURAIS\">Projeto de Lei 3182\/24<\/a>, do deputado Murilo Galdino (Republicanos-PB). A proposta original assegurava apenas a meia-entrada para um acompanhante de pessoa idosa. Geraldo Resende transformou o desconto m\u00ednimo em gratuidade total para os casos de maior necessidade.<\/p>\n<ul>\n<li><a href=\"https:\/\/www.camara.leg.br\/proposicoesWeb\/prop_mostrarintegra?codteor=3031656&amp;filename=SBT+1+CIDOSO+%3D%3E+PL+3182\/2024\">Confira a \u00edntegra do texto aprovado<\/a><\/li>\n<\/ul>\n<p>\u201cAo facilitar a presen\u00e7a do acompanhante, o projeto reconhece a necessidade de suporte para que a pessoa idosa desfrute plenamente das atividades, contribuindo para uma velhice mais ativa, saud\u00e1vel e integrada\u201d, argumentou o relator.<\/p>\n<p>\u201cO acompanhante, nesses casos, n\u00e3o est\u00e1 ali por lazer pr\u00f3prio, mas como um cuidador essencial para o exerc\u00edcio do direito da pessoa idosa, e o custo do ingresso pode ser uma barreira financeira\u201d, acrescentou Geraldo Resende.<\/p>\n<p>O texto altera o <a href=\"https:\/\/www2.camara.leg.br\/legin\/fed\/lei\/2003\/lei-10741-1-outubro-2003-497511-norma-pl.html\">Estatuto da Pessoa Idosa<\/a>, que hoje j\u00e1 assegura \u00e0 pessoa idosa o direito \u00e0 meia-entrada.<\/p>\n<p>Para garantir que o direito do acompanhante seja cumprido, o substitutivo tamb\u00e9m exige que os promotores e produtores de eventos reservem um percentual m\u00ednimo de 10% do total de ingressos para serem comercializados com os descontos previstos, incluindo o benef\u00edcio do acompanhante.<\/p>\n<p><strong>Pr\u00f3ximos passos<br \/>\n<\/strong>Tamb\u00e9m j\u00e1 aprovado pelas comiss\u00f5es do <a href=\"https:\/\/www.camara.leg.br\/noticias\/1126845-COMISSAO-APROVA-PROJETO-QUE-GARANTE-MEIA-ENTRADA-A-ACOMPANHANTES-DE-IDOSOS\">Esporte<\/a>; e de <a href=\"https:\/\/www.camara.leg.br\/noticias\/1199566-COMISSAO-APROVA-MEIA-ENTRADA-PARA-ACOMPANHANTE-DE-PESSOA-IDOSA\">Cultura<\/a>, o projeto ainda ser\u00e1 analisado pela Comiss\u00e3o de Constitui\u00e7\u00e3o e Justi\u00e7a e de Cidadania, em <span id=\"4322\" class=\"termoGlossario\" title=\"Rito de tramita\u00e7\u00e3o pelo qual o projeto \u00e9 votado apenas pelas comiss\u00f5es designadas para analis\u00e1-lo, dispensada a delibera\u00e7\u00e3o do Plen\u00e1rio. O projeto perde o car\u00e1ter conclusivo se houver decis\u00e3o divergente entre as comiss\u00f5es ou se, independentemente de ser aprovado ou rejeitado, houver recurso assinado por 52 deputados para a aprecia\u00e7\u00e3o da mat\u00e9ria no Plen\u00e1rio.\" data-toggle=\"tooltip\" data-placement=\"top\">car\u00e1ter conclusivo<\/span>.<\/p>\n<p>Para virar lei, precisa ser aprovado pela C\u00e2mara e pelo Senado.<\/p>\n<ul>\n<li><a href=\"https:\/\/www.camara.leg.br\/noticias\/573454-SAIBA-MAIS-SOBRE-A-TRAMITACAO-DE-PROJETOS-DE-LEI\">Saiba mais sobre a tramita\u00e7\u00e3o de projetos de lei<\/a><\/li>\n<\/ul>\n<p>&nbsp;<\/p>\n<p>&nbsp;<\/p>\n<div id=\"infografico-container-1214222\" style=\"width: 100%\"><\/div>\n<p>&nbsp;<\/p>\n<p>&nbsp;<\/p>\n<p>&nbsp;<\/p>\n<p><\/a><\/p>\n<p>Fonte: www.camara.leg.br<\/p>\n","protected":false},"excerpt":{"rendered":"<p>Kayo Magalh\u00e3es \/ C\u00e2mara dos Deputados Geraldo Resende transformou meia-entrada em gratuidade nos casos de maior necessidade A Comiss\u00e3o de Defesa dos Direitos da Pessoa Idosa da C\u00e2mara dos Deputados aprovou projeto de lei para assegurar ao acompanhante da pessoa idosa desconto m\u00ednimo de 50% no ingresso de eventos art\u00edsticos, culturais, esportivos e de lazer. [&hellip;]<\/p>\n","protected":false},"author":3,"featured_media":6061,"comment_status":"open","ping_status":"open","sticky":false,"template":"","format":"standard","meta":{"advanced_seo_description":"","jetpack_seo_html_title":"","jetpack_seo_noindex":false,"fifu_image_url":"https:\/\/www.camara.leg.br\/midias\/image\/2025\/12\/img20251007165929306-768x473.jpg","fifu_image_alt":"","_jetpack_memberships_contains_paid_content":false,"footnotes":"","jetpack_publicize_message":"","jetpack_publicize_feature_enabled":true,"jetpack_social_post_already_shared":true,"jetpack_social_options":{"image_generator_settings":{"template":"highway","default_image_id":0,"font":"","enabled":false},"version":2}},"categories":[106,1],"tags":[],"class_list":{"0":"post-6060","1":"post","2":"type-post","3":"status-publish","4":"format-standard","5":"has-post-thumbnail","7":"category-politica","8":"category-uncategorized"},"jetpack_publicize_connections":[],"jetpack_featured_media_url":"https:\/\/i0.wp.com\/www.camara.leg.br\/midias\/image\/2025\/12\/img20251007165929306-768x473.jpg?fit=%2C&ssl=1","jetpack_sharing_enabled":true,"jetpack-related-posts":[],"_links":{"self":[{"href":"https:\/\/friburgonoticias.com.br\/temp\/wp-json\/wp\/v2\/posts\/6060","targetHints":{"allow":["GET"]}}],"collection":[{"href":"https:\/\/friburgonoticias.com.br\/temp\/wp-json\/wp\/v2\/posts"}],"about":[{"href":"https:\/\/friburgonoticias.com.br\/temp\/wp-json\/wp\/v2\/types\/post"}],"author":[{"embeddable":true,"href":"https:\/\/friburgonoticias.com.br\/temp\/wp-json\/wp\/v2\/users\/3"}],"replies":[{"embeddable":true,"href":"https:\/\/friburgonoticias.com.br\/temp\/wp-json\/wp\/v2\/comments?post=6060"}],"version-history":[{"count":0,"href":"https:\/\/friburgonoticias.com.br\/temp\/wp-json\/wp\/v2\/posts\/6060\/revisions"}],"wp:featuredmedia":[{"embeddable":true,"href":"https:\/\/friburgonoticias.com.br\/temp\/wp-json\/wp\/v2\/media\/6061"}],"wp:attachment":[{"href":"https:\/\/friburgonoticias.com.br\/temp\/wp-json\/wp\/v2\/media?parent=6060"}],"wp:term":[{"taxonomy":"category","embeddable":true,"href":"https:\/\/friburgonoticias.com.br\/temp\/wp-json\/wp\/v2\/categories?post=6060"},{"taxonomy":"post_tag","embeddable":true,"href":"https:\/\/friburgonoticias.com.br\/temp\/wp-json\/wp\/v2\/tags?post=6060"}],"curies":[{"name":"wp","href":"https:\/\/api.w.org\/{rel}","templated":true}]}}