{"id":6104,"date":"2025-12-02T23:27:46","date_gmt":"2025-12-02T23:27:46","guid":{"rendered":"https:\/\/friburgonoticias.com.br\/temp\/2025\/12\/02\/relator-recomenda-manutencao-do-mandato-de-carla-zambelli-decisao-e-adiada-noticias\/"},"modified":"2025-12-02T23:27:46","modified_gmt":"2025-12-02T23:27:46","slug":"relator-recomenda-manutencao-do-mandato-de-carla-zambelli-decisao-e-adiada-noticias","status":"publish","type":"post","link":"https:\/\/friburgonoticias.com.br\/temp\/2025\/12\/02\/relator-recomenda-manutencao-do-mandato-de-carla-zambelli-decisao-e-adiada-noticias\/","title":{"rendered":"Relator recomenda manuten\u00e7\u00e3o do mandato de Carla Zambelli; decis\u00e3o \u00e9 adiada &#8211; Not\u00edcias"},"content":{"rendered":"<p><\/p>\n<div>\n<p class=\"g-artigo__data-hora\">\n                      02\/12\/2025 &#8211; 20:02 \u00a0\n                    <\/p>\n<div id=\"image-container-1229107\" class=\"image-container\" style=\"float: none; margin: 45px 0px; width: 100%;\" data-midia=\"1229107\">\n        <em>Zeca Ribeiro \/ C\u00e2mara dos Deputados<\/em><\/p>\n<p>        Reuni\u00e3o da Comiss\u00e3o de Constitui\u00e7\u00e3o e Justi\u00e7a e de Cidadania\n        <\/p><\/div>\n<p>        O relator na Comiss\u00e3o de Constitui\u00e7\u00e3o e Justi\u00e7a (CCJ) do processo de cassa\u00e7\u00e3o da deputada Carla Zambelli (PL-SP), deputado Diego Garcia (Republicanos-PR), apresentou nesta ter\u00e7a-feira (2) parecer contr\u00e1rio \u00e0 perda de mandato da parlamentar. A an\u00e1lise, por\u00e9m, foi interrompida por <span id=\"4460\" class=\"termoGlossario\" title=\"Solicita\u00e7\u00e3o feita por integrante de comiss\u00e3o para exame mais detalhado do processo referente a determinada proposi\u00e7\u00e3o. A concess\u00e3o de vista adia a an\u00e1lise da proposta por duas sess\u00f5es do Plen\u00e1rio da C\u00e2mara quando n\u00e3o se tratar de mat\u00e9ria em regime de urg\u00eancia. Se mais de um deputado, simultaneamente, pedir vista, ela ser\u00e1 conjunta e na pr\u00f3pria comiss\u00e3o.\" contenteditable=\"false\" data-toggle=\"tooltip\" data-placement=\"top\">pedido de vista<\/span> feito por diversos deputados. Com isso, a delibera\u00e7\u00e3o sobre o caso deve acontecer na pr\u00f3xima semana.<br \/>\n        Em seu parecer, Garcia sustenta haver \u201cd\u00favida profunda, grave e leg\u00edtima\u201d sobre o envolvimento da deputada nos crimes pelos quais foi condenada. Ele aponta &#8220;inconsist\u00eancias&#8221; no principal depoimento de acusa\u00e7\u00e3o: o do hacker Walter Delgatti Neto. Segundo per\u00edcia contratada pela defesa, o depoimento teria sido \u201cmodificado ao menos seis vezes\u201d e apresentaria \u201ccontradi\u00e7\u00f5es materiais, omiss\u00f5es e lacunas graves\u201d.<br \/>\n        Para o relator, cassar o mandato de Zambelli nessas condi\u00e7\u00f5es significaria \u201csilenciar quase 1 milh\u00e3o de vozes que depositaram, nas urnas, a esperan\u00e7a de serem representadas neste Parlamento\u201d. Ele tamb\u00e9m alertou para o risco de que a C\u00e2mara se transforme em &#8220;instrumento de persegui\u00e7\u00e3o pol\u00edtica\u201d, caso apenas referende decis\u00f5es externas sem avaliar o m\u00e9rito.<br \/>\n        O parecer refor\u00e7a ainda que a delibera\u00e7\u00e3o do Congresso \u00e9 \u201cconstitutiva, e n\u00e3o meramente declarat\u00f3ria\u201d, ou seja, n\u00e3o se limita a reproduzir automaticamente a determina\u00e7\u00e3o judicial, mas exige ju\u00edzo pr\u00f3prio dos parlamentares.<\/p>\n<div id=\"image-container-1229108\" class=\"image-container\" style=\"float: none; margin: 45px 0px; width: 100%;\" data-midia=\"1229108\">\n        <em>Zeca Ribeiro \/ C\u00e2mara dos Deputados<\/em><\/p>\n<p>        Garcia alertou para o risco de que a C\u00e2mara se transforme em instrumento de \u201cpersegui\u00e7\u00e3o pol\u00edtica\u201d\n        <\/p><\/div>\n<p>        <strong>Revis\u00e3o da senten\u00e7a<\/strong><br \/>Em contraposi\u00e7\u00e3o aos argumentos do relator, o l\u00edder do PT, deputado Lindbergh Farias (PT-RJ), afirmou que a Mesa Diretora deveria ter executado diretamente a perda do mandato, sem transferir a decis\u00e3o \u00e0 CCJ. Ele criticou o colegiado por, ao analisar o caso, colocar-se na posi\u00e7\u00e3o de reavaliar uma senten\u00e7a j\u00e1 <span id=\"4142\" class=\"termoGlossario\" title=\"Express\u00e3o usada para uma decis\u00e3o (senten\u00e7a ou ac\u00f3rd\u00e3o) da qual n\u00e3o se pode mais recorrer, seja porque j\u00e1 passou por todos os recursos poss\u00edveis, seja porque o prazo para recorrer terminou. \" contenteditable=\"false\" data-toggle=\"tooltip\" data-placement=\"top\">transitada em julgado<\/span>, enfatizando que cabe ao Parlamento cumprir a determina\u00e7\u00e3o do Supremo Tribunal Federal (STF).<br \/>\n        \u201cO senhor pode at\u00e9 discordar, mas decis\u00e3o judicial \u00e9 para cumprir\u201d, declarou, dirigindo-se ao relator.<br \/>\n        <span class=\"ng-star-inserted\" data-start-index=\"629\">Na mesma linha, a deputada Maria do Ros\u00e1rio (PT-RS) defendeu que a decis\u00e3o do STF resultou na <\/span>suspens\u00e3o dos direitos pol\u00edticos de Zambelli<span class=\"ng-star-inserted\" data-start-index=\"810\">, o que, segundo ela, deveria levar \u00e0 perda autom\u00e1tica do mandato.<\/span><br \/>\n        <span class=\"ng-star-inserted\" data-start-index=\"810\">&#8220;O direito, a Constitui\u00e7\u00e3o e a lei n\u00e3o autorizam ao relator, a esta comiss\u00e3o ou mesmo ao Plen\u00e1rio a revis\u00e3o de senten\u00e7a proferida transitada em julgado&#8221;, sustentou.<\/span><br \/>\n        <strong>Aus\u00eancia de prova<\/strong><br \/>Em defesa do relat\u00f3rio, a deputada Chris Tonietto (PL-RJ) <span class=\"ng-star-inserted\" data-start-index=\"633\">focou na <\/span>aus\u00eancia de prova material<span class=\"ng-star-inserted\" data-start-index=\"692\"> contra Zambelli, citando o depoimento do assistente t\u00e9cnico da defesa. Ela argumentou que a cassa\u00e7\u00e3o seria uma injusti\u00e7a<\/span> baseada em &#8220;achismos&#8221; e &#8220;ideologias&#8221;. Nesse caso, segundo ela, deve prevalecer a d\u00favida em favor do mandato.<br \/>\n        &#8220;Uma pessoa pode ser cassada por algo quando j\u00e1 se provou que h\u00e1 d\u00favida?&#8221;, disse.<br \/>\n        Zambelli foi condenada pelo STF a dez anos de pris\u00e3o por viola\u00e7\u00e3o do sistema do Conselho Nacional de Justi\u00e7a e \u00e0 perda do mandato parlamentar. Ap\u00f3s a an\u00e1lise na CCJ, o processo dever\u00e1 ser apreciado pelo Plen\u00e1rio. A cassa\u00e7\u00e3o de Zambelli exige pelo menos 257 votos.<br \/>\n        \u00a0<\/p>\n<p style=\"font-size: 0.8rem; font-weight: 700;\">Reportagem &#8211; Emanuelle Brasil<br \/>Edi\u00e7\u00e3o &#8211; Ge\u00f3rgia Moraes<\/p>\n<\/p><\/div>\n<p><\/a><\/p>\n<p>Fonte: www.camara.leg.br<\/p>\n","protected":false},"excerpt":{"rendered":"<p>02\/12\/2025 &#8211; 20:02 \u00a0 Zeca Ribeiro \/ C\u00e2mara dos Deputados Reuni\u00e3o da Comiss\u00e3o de Constitui\u00e7\u00e3o e Justi\u00e7a e de Cidadania O relator na Comiss\u00e3o de Constitui\u00e7\u00e3o e Justi\u00e7a (CCJ) do processo de cassa\u00e7\u00e3o da deputada Carla Zambelli (PL-SP), deputado Diego Garcia (Republicanos-PR), apresentou nesta ter\u00e7a-feira (2) parecer contr\u00e1rio \u00e0 perda de mandato da parlamentar. A [&hellip;]<\/p>\n","protected":false},"author":3,"featured_media":6105,"comment_status":"open","ping_status":"open","sticky":false,"template":"","format":"standard","meta":{"advanced_seo_description":"","jetpack_seo_html_title":"","jetpack_seo_noindex":false,"fifu_image_url":"https:\/\/www.camara.leg.br\/midias\/image\/2025\/12\/img20251202171804357-768x473.jpg","fifu_image_alt":"","_jetpack_memberships_contains_paid_content":false,"footnotes":"","jetpack_publicize_message":"","jetpack_publicize_feature_enabled":true,"jetpack_social_post_already_shared":true,"jetpack_social_options":{"image_generator_settings":{"template":"highway","default_image_id":0,"font":"","enabled":false},"version":2}},"categories":[106,1],"tags":[],"class_list":{"0":"post-6104","1":"post","2":"type-post","3":"status-publish","4":"format-standard","5":"has-post-thumbnail","7":"category-politica","8":"category-uncategorized"},"jetpack_publicize_connections":[],"jetpack_featured_media_url":"https:\/\/i0.wp.com\/www.camara.leg.br\/midias\/image\/2025\/12\/img20251202171804357-768x473.jpg?fit=%2C&ssl=1","jetpack_sharing_enabled":true,"jetpack-related-posts":[],"_links":{"self":[{"href":"https:\/\/friburgonoticias.com.br\/temp\/wp-json\/wp\/v2\/posts\/6104","targetHints":{"allow":["GET"]}}],"collection":[{"href":"https:\/\/friburgonoticias.com.br\/temp\/wp-json\/wp\/v2\/posts"}],"about":[{"href":"https:\/\/friburgonoticias.com.br\/temp\/wp-json\/wp\/v2\/types\/post"}],"author":[{"embeddable":true,"href":"https:\/\/friburgonoticias.com.br\/temp\/wp-json\/wp\/v2\/users\/3"}],"replies":[{"embeddable":true,"href":"https:\/\/friburgonoticias.com.br\/temp\/wp-json\/wp\/v2\/comments?post=6104"}],"version-history":[{"count":0,"href":"https:\/\/friburgonoticias.com.br\/temp\/wp-json\/wp\/v2\/posts\/6104\/revisions"}],"wp:featuredmedia":[{"embeddable":true,"href":"https:\/\/friburgonoticias.com.br\/temp\/wp-json\/wp\/v2\/media\/6105"}],"wp:attachment":[{"href":"https:\/\/friburgonoticias.com.br\/temp\/wp-json\/wp\/v2\/media?parent=6104"}],"wp:term":[{"taxonomy":"category","embeddable":true,"href":"https:\/\/friburgonoticias.com.br\/temp\/wp-json\/wp\/v2\/categories?post=6104"},{"taxonomy":"post_tag","embeddable":true,"href":"https:\/\/friburgonoticias.com.br\/temp\/wp-json\/wp\/v2\/tags?post=6104"}],"curies":[{"name":"wp","href":"https:\/\/api.w.org\/{rel}","templated":true}]}}