{"id":6112,"date":"2025-12-03T11:47:56","date_gmt":"2025-12-03T11:47:56","guid":{"rendered":"https:\/\/friburgonoticias.com.br\/temp\/2025\/12\/03\/transporte-na-lagoa-da-barra-paes-sanciona-regulamentacao-de-servico-com-vetos\/"},"modified":"2025-12-03T11:47:56","modified_gmt":"2025-12-03T11:47:56","slug":"transporte-na-lagoa-da-barra-paes-sanciona-regulamentacao-de-servico-com-vetos","status":"publish","type":"post","link":"https:\/\/friburgonoticias.com.br\/temp\/2025\/12\/03\/transporte-na-lagoa-da-barra-paes-sanciona-regulamentacao-de-servico-com-vetos\/","title":{"rendered":"Transporte na lagoa da Barra: Paes sanciona regulamenta\u00e7\u00e3o de servi\u00e7o com vetos"},"content":{"rendered":"<p><\/p>\n<div itemprop=\"articleBody\">\nO projeto que <a href=\"https:\/\/temporealrj.com\/regulamentacao-do-transporte-nas-lagoas-da-barra-e-de-jacarepagua-e-aprovada-pela-camara-do-rio\/\">regulamenta o transporte aquavi\u00e1rio na Lagoa da Tijuca, no Canal de Marapendi e no Canal da Barra<\/a> foi sancionado pelo prefeito Eduardo Paes (PSD). Em publica\u00e7\u00e3o no Di\u00e1rio Oficial desta quarta-feira (03), ele deu aval para a lei aprovada pela C\u00e2mara do Rio, mas vetou parte do texto. Segundo Paes, a norma enviada pelos vereadores \u201cinvadia\u201d temas de compet\u00eancia do Executivo.<\/p>\n<p>A lei estabelece o <a href=\"https:\/\/temporealrj.com\/regulamentacao-do-transporte-nas-lagoas-da-barra-e-de-jacarepagua-e-aprovada-pela-camara-do-rio\/\">transporte de passageiros<\/a> em barcos expressos \u2014 que carregam de 8 a 25 pessoas \u2014 ou chalanas \u2014 com capacidade para comportar de 15 e 45 pessoas. Um dos artigos do projeto estabelecia regras de credenciamento para os barqueiros; foi este trecho que a Prefeitura vetou.<\/p>\n<h2 class=\"wp-block-heading\">Paes elogiou texto, mas reiterou que decis\u00e3o sobre credenciamento do transporte \u00e9 do Executivo<\/h2>\n<p>Apesar de elogiar a iniciativa do projeto, Paes destacou que a decis\u00e3o sobre como esse credenciamento vai funcionar \u00e9 exclusiva do Executivo, segundo a legisla\u00e7\u00e3o municipal e a Constitui\u00e7\u00e3o.<\/p>\n<p>O texto aprovado na C\u00e2mara \u2014 de autoria do presidente do Legislativo Carlo Caiado (PSD) e de outros 10 parlamentares \u2014 decidia credenciar barqueiros que j\u00e1 atuam, de maneira informal, na opera\u00e7\u00e3o de barcos no trecho e determinava a participa\u00e7\u00e3o obrigat\u00f3ria de cooperativas na gest\u00e3o do servi\u00e7o. Detalhes sobre essa opera\u00e7\u00e3o devem ser regulamentados pela Prefeitura em breve.<\/p>\n<p>As outras medidas foram sancionadas e j\u00e1 passam a valer. Entre elas, est\u00e3o as normas de seguran\u00e7a para o trajeto, que preveem barras de apoio e corrim\u00e3os nas partes laterais e frontal, e seguro de responsabilidade civil para terceiros, cobrindo danos materiais e pessoais no valor de R$ 25 mil, al\u00e9m do seguro de acidentes pessoais para passageiros no mesmo valor.<\/p>\n<div class=\"wp-block-image\">\n<figure class=\"aligncenter size-large is-resized\"><img loading=\"lazy\" decoding=\"async\" width=\"1024\" height=\"873\" src=\"https:\/\/temporealrj.com\/wp-content\/uploads\/2025\/12\/WhatsApp-Image-2025-12-03-at-07.06.41-1024x873.jpeg\" alt=\"WhatsApp Image 2025 12 03 at 07.06.41\" class=\"wp-image-108611\" style=\"width:730px;height:auto\" title=\"Transporte na lagoa da Barra: Paes sanciona regulamenta\u00e7\u00e3o de servi\u00e7o com vetos 62\" srcset=\"https:\/\/temporealrj.com\/wp-content\/uploads\/2025\/12\/WhatsApp-Image-2025-12-03-at-07.06.41-1024x873.jpeg 1024w, https:\/\/temporealrj.com\/wp-content\/uploads\/2025\/12\/WhatsApp-Image-2025-12-03-at-07.06.41-300x256.jpeg 300w, https:\/\/temporealrj.com\/wp-content\/uploads\/2025\/12\/WhatsApp-Image-2025-12-03-at-07.06.41-768x655.jpeg 768w, https:\/\/temporealrj.com\/wp-content\/uploads\/2025\/12\/WhatsApp-Image-2025-12-03-at-07.06.41-1536x1309.jpeg 1536w, https:\/\/temporealrj.com\/wp-content\/uploads\/2025\/12\/WhatsApp-Image-2025-12-03-at-07.06.41-860x733.jpeg 860w, https:\/\/temporealrj.com\/wp-content\/uploads\/2025\/12\/WhatsApp-Image-2025-12-03-at-07.06.41.jpeg 1600w\" sizes=\"auto, (max-width: 1024px) 100vw, 1024px\"\/><\/figure>\n<\/div>\n<div class=\"wp-block-image\">\n<figure class=\"aligncenter size-large is-resized\"><img loading=\"lazy\" decoding=\"async\" width=\"1019\" height=\"1024\" src=\"https:\/\/temporealrj.com\/wp-content\/uploads\/2025\/12\/WhatsApp-Image-2025-12-03-at-07.06.41-1-1019x1024.jpeg\" alt=\"WhatsApp Image 2025 12 03 at 07.06.41 1\" class=\"wp-image-108617\" style=\"width:748px;height:auto\" title=\"Transporte na lagoa da Barra: Paes sanciona regulamenta\u00e7\u00e3o de servi\u00e7o com vetos 63\" srcset=\"https:\/\/temporealrj.com\/wp-content\/uploads\/2025\/12\/WhatsApp-Image-2025-12-03-at-07.06.41-1-1019x1024.jpeg 1019w, https:\/\/temporealrj.com\/wp-content\/uploads\/2025\/12\/WhatsApp-Image-2025-12-03-at-07.06.41-1-300x300.jpeg 300w, https:\/\/temporealrj.com\/wp-content\/uploads\/2025\/12\/WhatsApp-Image-2025-12-03-at-07.06.41-1-150x150.jpeg 150w, https:\/\/temporealrj.com\/wp-content\/uploads\/2025\/12\/WhatsApp-Image-2025-12-03-at-07.06.41-1-768x772.jpeg 768w, https:\/\/temporealrj.com\/wp-content\/uploads\/2025\/12\/WhatsApp-Image-2025-12-03-at-07.06.41-1-860x864.jpeg 860w, https:\/\/temporealrj.com\/wp-content\/uploads\/2025\/12\/WhatsApp-Image-2025-12-03-at-07.06.41-1.jpeg 1080w\" sizes=\"auto, (max-width: 1019px) 100vw, 1019px\"\/><\/figure>\n<\/div>\n<\/div>\n<p><\/a><\/p>\n<p>Fonte: temporealrj.com<\/p>\n","protected":false},"excerpt":{"rendered":"<p>O projeto que regulamenta o transporte aquavi\u00e1rio na Lagoa da Tijuca, no Canal de Marapendi e no Canal da Barra foi sancionado pelo prefeito Eduardo Paes (PSD). Em publica\u00e7\u00e3o no Di\u00e1rio Oficial desta quarta-feira (03), ele deu aval para a lei aprovada pela C\u00e2mara do Rio, mas vetou parte do texto. Segundo Paes, a norma [&hellip;]<\/p>\n","protected":false},"author":3,"featured_media":6113,"comment_status":"open","ping_status":"open","sticky":false,"template":"","format":"standard","meta":{"advanced_seo_description":"","jetpack_seo_html_title":"","jetpack_seo_noindex":false,"fifu_image_url":"https:\/\/temporealrj.com\/wp-content\/uploads\/2025\/12\/embarcacao-transporte-lagoa-barra-e1764759599135.jpeg","fifu_image_alt":"","_jetpack_memberships_contains_paid_content":false,"footnotes":"","jetpack_publicize_message":"","jetpack_publicize_feature_enabled":true,"jetpack_social_post_already_shared":true,"jetpack_social_options":{"image_generator_settings":{"template":"highway","default_image_id":0,"font":"","enabled":false},"version":2}},"categories":[107],"tags":[],"class_list":{"0":"post-6112","1":"post","2":"type-post","3":"status-publish","4":"format-standard","5":"has-post-thumbnail","7":"category-economia"},"jetpack_publicize_connections":[],"jetpack_featured_media_url":"https:\/\/i0.wp.com\/temporealrj.com\/wp-content\/uploads\/2025\/12\/embarcacao-transporte-lagoa-barra-e1764759599135.jpeg?fit=%2C&ssl=1","jetpack_sharing_enabled":true,"jetpack-related-posts":[],"_links":{"self":[{"href":"https:\/\/friburgonoticias.com.br\/temp\/wp-json\/wp\/v2\/posts\/6112","targetHints":{"allow":["GET"]}}],"collection":[{"href":"https:\/\/friburgonoticias.com.br\/temp\/wp-json\/wp\/v2\/posts"}],"about":[{"href":"https:\/\/friburgonoticias.com.br\/temp\/wp-json\/wp\/v2\/types\/post"}],"author":[{"embeddable":true,"href":"https:\/\/friburgonoticias.com.br\/temp\/wp-json\/wp\/v2\/users\/3"}],"replies":[{"embeddable":true,"href":"https:\/\/friburgonoticias.com.br\/temp\/wp-json\/wp\/v2\/comments?post=6112"}],"version-history":[{"count":0,"href":"https:\/\/friburgonoticias.com.br\/temp\/wp-json\/wp\/v2\/posts\/6112\/revisions"}],"wp:featuredmedia":[{"embeddable":true,"href":"https:\/\/friburgonoticias.com.br\/temp\/wp-json\/wp\/v2\/media\/6113"}],"wp:attachment":[{"href":"https:\/\/friburgonoticias.com.br\/temp\/wp-json\/wp\/v2\/media?parent=6112"}],"wp:term":[{"taxonomy":"category","embeddable":true,"href":"https:\/\/friburgonoticias.com.br\/temp\/wp-json\/wp\/v2\/categories?post=6112"},{"taxonomy":"post_tag","embeddable":true,"href":"https:\/\/friburgonoticias.com.br\/temp\/wp-json\/wp\/v2\/tags?post=6112"}],"curies":[{"name":"wp","href":"https:\/\/api.w.org\/{rel}","templated":true}]}}