{"id":6146,"date":"2025-12-03T20:57:41","date_gmt":"2025-12-03T20:57:41","guid":{"rendered":"https:\/\/friburgonoticias.com.br\/temp\/2025\/12\/03\/oposicao-critica-decisao-que-altera-o-rito-de-impeachment-de-ministros-do-stf-noticias\/"},"modified":"2025-12-03T20:57:41","modified_gmt":"2025-12-03T20:57:41","slug":"oposicao-critica-decisao-que-altera-o-rito-de-impeachment-de-ministros-do-stf-noticias","status":"publish","type":"post","link":"https:\/\/friburgonoticias.com.br\/temp\/2025\/12\/03\/oposicao-critica-decisao-que-altera-o-rito-de-impeachment-de-ministros-do-stf-noticias\/","title":{"rendered":"Oposi\u00e7\u00e3o critica decis\u00e3o que altera o rito de impeachment de ministros do STF &#8211; Not\u00edcias"},"content":{"rendered":"<p><\/p>\n<div>\n<p class=\"g-artigo__data-hora\">\n                      03\/12\/2025 &#8211; 17:03 \u00a0\n                    <\/p>\n<div id=\"image-container-1229519\" class=\"image-container\" style=\"float: none; margin: 45px 0px; width: 100%;\" data-midia=\"1229519\">\n        <em>Reprodu\u00e7\u00e3o\/TV C\u00e2mara<\/em><\/p>\n<p>        Entrevista de lideran\u00e7as da oposi\u00e7\u00e3o\n        <\/p><\/div>\n<p>        L\u00edderes da oposi\u00e7\u00e3o na C\u00e2mara dos Deputados e no Senado criticaram a decis\u00e3o liminar do ministro do Supremo Tribunal Federal (STF) Gilmar Mendes, que alterou o rito de impeachment de ministros daquela Corte.<br \/>\n        O ministro considerou que v\u00e1rios trechos da Lei do Impeachment, que \u00e9 de 1950, n\u00e3o foram recepcionados pela Constitui\u00e7\u00e3o de 1988 \u2013 entre eles, a possibilidade de qualquer pessoa apresentar pedido de impeachment. Conforme essa decis\u00e3o, que ainda ser\u00e1 analisada pelo Plen\u00e1rio do Supremo, a prerrogativa de denunciar ministro do STF caberia apenas ao procurador-geral da Rep\u00fablica.<br \/>\n        Gilmar Mendes tamb\u00e9m aumentou o qu\u00f3rum necess\u00e1rio no Senado para a abertura de processo de impeachment contra ministros do STF (de maioria dos presentes para 2\/3, ou seja, 54 votos) e excluiu a possibilidade de interpretar o m\u00e9rito de decis\u00f5es judiciais como conduta t\u00edpica de crime de responsabilidade.<br \/>\n        O l\u00edder da oposi\u00e7\u00e3o na C\u00e2mara, deputado Zucco (PL-RS), afirmou que o ato de Gilmar Mendes confere uma prote\u00e7\u00e3o absoluta ao STF e retira o direito de qualquer brasileiro de denunciar os crimes de responsabilidade dos ministros do Supremo.<br \/>\n        &#8220;Gilmar ultrapassa todos os limites, concentrando o poder e rasgando a Constitui\u00e7\u00e3o. O que resta da democracia quando o direito de fiscalizar os Poderes \u00e9 arrancado da m\u00e3o do povo?\u201d, questionou o parlamentar.<br \/>\n        O l\u00edder da oposi\u00e7\u00e3o no Senado, deputado Rogerio Marinho (PL-RN), disse que o ministro Gilmar Mendes legislou no lugar do Parlamento. Segundo Marinho, trata-se de uma blindagem aos ministros.<br \/>\n        \u201cEles, os senhores do Olimpo, n\u00e3o praticaram a autoconten\u00e7\u00e3o e praticam uma blindagem, como se esse poder estivesse acima da lei. Quando votaram a &#8216;PEC da Blindagem&#8217;, a imprensa criticou, e espero que a imprensa critique essa tentativa de morte da democracia brasileira\u201d, afirmou.<br \/>\n        <strong>Lei do Impeachment<\/strong><br \/>A suspens\u00e3o dos dispositivos da Lei do Impeachment relativos ao afastamento de ministros do STF foi dada ap\u00f3s decis\u00e3o sobre a\u00e7\u00f5es de descumprimento de preceito fundamental (ADPFs) propostas pelo Solidariedade e pela Associa\u00e7\u00e3o dos Magistrados Brasileiros.<br \/>\n        Na decis\u00e3o, Gilmar Mendes afirmou que o impeachment tem um papel importante no equil\u00edbrio entre os Poderes, mas destacou que esse instrumento n\u00e3o pode ser usado como forma de intimida\u00e7\u00e3o, sob pena de gerar inseguran\u00e7a jur\u00eddica e pressionar ju\u00edzes a atuar de forma parcial ou alinhada a interesses pol\u00edticos.<\/p>\n<p style=\"font-size: 0.8rem; font-weight: 700;\">Reportagem \u2013 Luiz Gustavo Xavier<br \/>Edi\u00e7\u00e3o \u2013 Wilson Silveira<\/p>\n<\/p><\/div>\n<p><\/a><\/p>\n<p>Fonte: www.camara.leg.br<\/p>\n","protected":false},"excerpt":{"rendered":"<p>03\/12\/2025 &#8211; 17:03 \u00a0 Reprodu\u00e7\u00e3o\/TV C\u00e2mara Entrevista de lideran\u00e7as da oposi\u00e7\u00e3o L\u00edderes da oposi\u00e7\u00e3o na C\u00e2mara dos Deputados e no Senado criticaram a decis\u00e3o liminar do ministro do Supremo Tribunal Federal (STF) Gilmar Mendes, que alterou o rito de impeachment de ministros daquela Corte. O ministro considerou que v\u00e1rios trechos da Lei do Impeachment, que [&hellip;]<\/p>\n","protected":false},"author":3,"featured_media":6147,"comment_status":"open","ping_status":"open","sticky":false,"template":"","format":"standard","meta":{"advanced_seo_description":"","jetpack_seo_html_title":"","jetpack_seo_noindex":false,"fifu_image_url":"https:\/\/www.camara.leg.br\/midias\/image\/2025\/12\/oposio-1-768x492.jpg","fifu_image_alt":"","_jetpack_memberships_contains_paid_content":false,"footnotes":"","jetpack_publicize_message":"","jetpack_publicize_feature_enabled":true,"jetpack_social_post_already_shared":true,"jetpack_social_options":{"image_generator_settings":{"template":"highway","default_image_id":0,"font":"","enabled":false},"version":2}},"categories":[106,1],"tags":[],"class_list":{"0":"post-6146","1":"post","2":"type-post","3":"status-publish","4":"format-standard","5":"has-post-thumbnail","7":"category-politica","8":"category-uncategorized"},"jetpack_publicize_connections":[],"jetpack_featured_media_url":"https:\/\/i0.wp.com\/www.camara.leg.br\/midias\/image\/2025\/12\/oposio-1-768x492.jpg?fit=%2C&ssl=1","jetpack_sharing_enabled":true,"jetpack-related-posts":[],"_links":{"self":[{"href":"https:\/\/friburgonoticias.com.br\/temp\/wp-json\/wp\/v2\/posts\/6146","targetHints":{"allow":["GET"]}}],"collection":[{"href":"https:\/\/friburgonoticias.com.br\/temp\/wp-json\/wp\/v2\/posts"}],"about":[{"href":"https:\/\/friburgonoticias.com.br\/temp\/wp-json\/wp\/v2\/types\/post"}],"author":[{"embeddable":true,"href":"https:\/\/friburgonoticias.com.br\/temp\/wp-json\/wp\/v2\/users\/3"}],"replies":[{"embeddable":true,"href":"https:\/\/friburgonoticias.com.br\/temp\/wp-json\/wp\/v2\/comments?post=6146"}],"version-history":[{"count":0,"href":"https:\/\/friburgonoticias.com.br\/temp\/wp-json\/wp\/v2\/posts\/6146\/revisions"}],"wp:featuredmedia":[{"embeddable":true,"href":"https:\/\/friburgonoticias.com.br\/temp\/wp-json\/wp\/v2\/media\/6147"}],"wp:attachment":[{"href":"https:\/\/friburgonoticias.com.br\/temp\/wp-json\/wp\/v2\/media?parent=6146"}],"wp:term":[{"taxonomy":"category","embeddable":true,"href":"https:\/\/friburgonoticias.com.br\/temp\/wp-json\/wp\/v2\/categories?post=6146"},{"taxonomy":"post_tag","embeddable":true,"href":"https:\/\/friburgonoticias.com.br\/temp\/wp-json\/wp\/v2\/tags?post=6146"}],"curies":[{"name":"wp","href":"https:\/\/api.w.org\/{rel}","templated":true}]}}