{"id":6168,"date":"2025-12-04T16:52:49","date_gmt":"2025-12-04T16:52:49","guid":{"rendered":"https:\/\/friburgonoticias.com.br\/temp\/2025\/12\/04\/comissao-aprova-projeto-que-sugere-sala-exclusiva-para-exames-periciais-de-criancas-vitimas-de-violencia-noticias\/"},"modified":"2025-12-04T16:52:49","modified_gmt":"2025-12-04T16:52:49","slug":"comissao-aprova-projeto-que-sugere-sala-exclusiva-para-exames-periciais-de-criancas-vitimas-de-violencia-noticias","status":"publish","type":"post","link":"https:\/\/friburgonoticias.com.br\/temp\/2025\/12\/04\/comissao-aprova-projeto-que-sugere-sala-exclusiva-para-exames-periciais-de-criancas-vitimas-de-violencia-noticias\/","title":{"rendered":"Comiss\u00e3o aprova projeto que sugere sala exclusiva para exames periciais de crian\u00e7as v\u00edtimas de viol\u00eancia &#8211; Not\u00edcias"},"content":{"rendered":"<p><\/p>\n<div>\n<div>\n<p class=\"g-artigo__data-hora\">\n                      04\/12\/2025 &#8211; 13:09 \u00a0\n                    <\/p>\n<div id=\"image-container-1229871\" class=\"image-container\" style=\"float: none; margin: 45px 0px; width: 100%;\" data-midia=\"1229871\">\n        <em>Kayo Magalh\u00e3es\/C\u00e2mara dos Deputados<\/em><\/p>\n<p>        Dr. Fernando M\u00e1ximo: proposta busca proteger crian\u00e7as e adolescentes da retraumatiza\u00e7\u00e3o\n        <\/p><\/div>\n<p>        A Comiss\u00e3o de Previd\u00eancia, Assist\u00eancia Social, Inf\u00e2ncia, Adolesc\u00eancia e Fam\u00edlia da C\u00e2mara dos Deputados aprovou projeto de lei que recomenda a adapta\u00e7\u00e3o ou cria\u00e7\u00e3o de sala reservada para o atendimento e a realiza\u00e7\u00e3o de exames periciais julgados necess\u00e1rios em crian\u00e7as e adolescentes v\u00edtimas de viol\u00eancia.<br \/>\n        Por recomenda\u00e7\u00e3o do relator, deputado Dr. Fernando M\u00e1ximo (Uni\u00e3o-RO), foi aprovada a vers\u00e3o <a href=\"https:\/\/www.camara.leg.br\/noticias\/987882-COMISSAO-APROVA-PROJETO-QUE-SUGERE-SALA-EXCLUSIVA-PARA-EXAMES-PERICIAIS-DE-CRIANCAS-VITIMAS-DE-VIOLENCIA\">da Comiss\u00e3o de Seguran\u00e7a P\u00fablica e Combate ao Crime Organizado<\/a> para o <a class=\"linkProposicao\" href=\"https:\/\/www.camara.leg.br\/noticias\/854318-projeto-torna-obrigatoria-criacao-de-sala-para-atendimento-de-criancas-vitimas-de-violencia-nos-imls\">Projeto de Lei 204\/22<\/a>, do ex-deputado Francisco Jr. (GO).<br \/>\n        Segundo o relator, a ideia \u00e9 preservar a intimidade, a imagem e a dignidade. \u201cEste projeto busca proteger crian\u00e7as e adolescentes v\u00edtimas de viol\u00eancia da retraumatiza\u00e7\u00e3o quando dos exames periciais necess\u00e1rios\u201d, avaliou ele.<br \/>\n        O <span id=\"4098\" class=\"termoGlossario\" title=\"Nome que se d\u00e1 ao texto que altera substancialmente o conte\u00fado original da proposta. O substitutivo \u00e9 apresentado pelo relator e tem prefer\u00eancia na vota\u00e7\u00e3o sobre o projeto original.\" contenteditable=\"false\" data-toggle=\"tooltip\" data-placement=\"top\">substitutivo<\/span> altera o <a href=\"https:\/\/www2.camara.leg.br\/legin\/fed\/lei\/1990\/lei-8069-13-julho-1990-372211-norma-pl.html\">Estatuto da Crian\u00e7a e do Adolescente (ECA)<\/a>. Cada unidade de servi\u00e7o de medicina legal dos \u00f3rg\u00e3os centrais de per\u00edcia oficial de natureza criminal, ligados aos governos estaduais, dever\u00e1 oferecer pelo menos uma sala adaptada ou reservada para crian\u00e7as e adolescentes v\u00edtimas de viol\u00eancia.<br \/>\n        \u201cN\u00e3o devemos promover novo trauma durante a realiza\u00e7\u00e3o dos exames periciais necess\u00e1rios, obrigando as v\u00edtimas a passar por grande constrangimento\u201d, afirmou o ex-deputado Francisco Jr., autor da vers\u00e3o original da proposta. \u201cEssas crian\u00e7as e adolescentes j\u00e1 vivenciaram um grande trauma: a viol\u00eancia\u201d, justificou.<br \/>\n        <strong>Pr\u00f3ximos passos<\/strong><br \/>A proposta tramita em <span id=\"4322\" class=\"termoGlossario\" title=\"Rito de tramita\u00e7\u00e3o pelo qual o projeto \u00e9 votado apenas pelas comiss\u00f5es designadas para analis\u00e1-lo, dispensada a delibera\u00e7\u00e3o do Plen\u00e1rio. O projeto perde o car\u00e1ter conclusivo se houver decis\u00e3o divergente entre as comiss\u00f5es ou se, independentemente de ser aprovado ou rejeitado, houver recurso assinado por 52 deputados para a aprecia\u00e7\u00e3o da mat\u00e9ria no Plen\u00e1rio.\" contenteditable=\"false\" data-toggle=\"tooltip\" data-placement=\"top\">car\u00e1ter conclusivo<\/span> e ainda ser\u00e1 analisada pela Comiss\u00e3o de Constitui\u00e7\u00e3o e Justi\u00e7a e de Cidadania.<br \/>\n        Para virar lei, ter\u00e1 de ser aprovado pela C\u00e2mara e pelo Senado.<\/p>\n<p>        \u00a0<\/p>\n<p style=\"font-size: 0.8rem; font-weight: 700;\">Da Reportagem\/RM<br \/>Edi\u00e7\u00e3o \u2013 Marcia Becker<\/p>\n<\/p><\/div>\n<\/p><\/div>\n<p><\/a><\/p>\n<p>Fonte: www.camara.leg.br<\/p>\n","protected":false},"excerpt":{"rendered":"<p>04\/12\/2025 &#8211; 13:09 \u00a0 Kayo Magalh\u00e3es\/C\u00e2mara dos Deputados Dr. Fernando M\u00e1ximo: proposta busca proteger crian\u00e7as e adolescentes da retraumatiza\u00e7\u00e3o A Comiss\u00e3o de Previd\u00eancia, Assist\u00eancia Social, Inf\u00e2ncia, Adolesc\u00eancia e Fam\u00edlia da C\u00e2mara dos Deputados aprovou projeto de lei que recomenda a adapta\u00e7\u00e3o ou cria\u00e7\u00e3o de sala reservada para o atendimento e a realiza\u00e7\u00e3o de exames periciais [&hellip;]<\/p>\n","protected":false},"author":3,"featured_media":6169,"comment_status":"open","ping_status":"open","sticky":false,"template":"","format":"standard","meta":{"advanced_seo_description":"","jetpack_seo_html_title":"","jetpack_seo_noindex":false,"fifu_image_url":"https:\/\/www.camara.leg.br\/midias\/image\/2025\/12\/img20250522115206079-768x473.jpg","fifu_image_alt":"","_jetpack_memberships_contains_paid_content":false,"footnotes":"","jetpack_publicize_message":"","jetpack_publicize_feature_enabled":true,"jetpack_social_post_already_shared":true,"jetpack_social_options":{"image_generator_settings":{"template":"highway","default_image_id":0,"font":"","enabled":false},"version":2}},"categories":[106,1],"tags":[],"class_list":{"0":"post-6168","1":"post","2":"type-post","3":"status-publish","4":"format-standard","5":"has-post-thumbnail","7":"category-politica","8":"category-uncategorized"},"jetpack_publicize_connections":[],"jetpack_featured_media_url":"https:\/\/i0.wp.com\/www.camara.leg.br\/midias\/image\/2025\/12\/img20250522115206079-768x473.jpg?fit=%2C&ssl=1","jetpack_sharing_enabled":true,"jetpack-related-posts":[],"_links":{"self":[{"href":"https:\/\/friburgonoticias.com.br\/temp\/wp-json\/wp\/v2\/posts\/6168","targetHints":{"allow":["GET"]}}],"collection":[{"href":"https:\/\/friburgonoticias.com.br\/temp\/wp-json\/wp\/v2\/posts"}],"about":[{"href":"https:\/\/friburgonoticias.com.br\/temp\/wp-json\/wp\/v2\/types\/post"}],"author":[{"embeddable":true,"href":"https:\/\/friburgonoticias.com.br\/temp\/wp-json\/wp\/v2\/users\/3"}],"replies":[{"embeddable":true,"href":"https:\/\/friburgonoticias.com.br\/temp\/wp-json\/wp\/v2\/comments?post=6168"}],"version-history":[{"count":0,"href":"https:\/\/friburgonoticias.com.br\/temp\/wp-json\/wp\/v2\/posts\/6168\/revisions"}],"wp:featuredmedia":[{"embeddable":true,"href":"https:\/\/friburgonoticias.com.br\/temp\/wp-json\/wp\/v2\/media\/6169"}],"wp:attachment":[{"href":"https:\/\/friburgonoticias.com.br\/temp\/wp-json\/wp\/v2\/media?parent=6168"}],"wp:term":[{"taxonomy":"category","embeddable":true,"href":"https:\/\/friburgonoticias.com.br\/temp\/wp-json\/wp\/v2\/categories?post=6168"},{"taxonomy":"post_tag","embeddable":true,"href":"https:\/\/friburgonoticias.com.br\/temp\/wp-json\/wp\/v2\/tags?post=6168"}],"curies":[{"name":"wp","href":"https:\/\/api.w.org\/{rel}","templated":true}]}}