{"id":6170,"date":"2025-12-04T16:59:38","date_gmt":"2025-12-04T16:59:38","guid":{"rendered":"https:\/\/friburgonoticias.com.br\/temp\/2025\/12\/04\/deputado-do-psol-rompe-silencio-em-plenario-sobre-prisao-de-bacellar-mas-evita-oposicao-firme\/"},"modified":"2025-12-04T16:59:38","modified_gmt":"2025-12-04T16:59:38","slug":"deputado-do-psol-rompe-silencio-em-plenario-sobre-prisao-de-bacellar-mas-evita-oposicao-firme","status":"publish","type":"post","link":"https:\/\/friburgonoticias.com.br\/temp\/2025\/12\/04\/deputado-do-psol-rompe-silencio-em-plenario-sobre-prisao-de-bacellar-mas-evita-oposicao-firme\/","title":{"rendered":"Deputado do Psol rompe sil\u00eancio em plen\u00e1rio sobre pris\u00e3o de Bacellar, mas evita oposi\u00e7\u00e3o firme"},"content":{"rendered":"<p><\/p>\n<div itemprop=\"articleBody\">\nO deputado Fl\u00e1vio Serafini (Psol) foi o primeiro a levar ao microfone do plen\u00e1rio da Assembleia Legislativa a pris\u00e3o do presidente Rodrigo Bacellar (Uni\u00e3o). O gesto, por si s\u00f3, rompeu o sil\u00eancio que reinava na Alerj \u2014 mas o tom do discurso deixou clara uma postura cautelosa, apesar de ser um deputado de oposi\u00e7\u00e3o.<\/p>\n<p>Ele aproveitou o expediente final para resgatar a decis\u00e3o do governador Cl\u00e1udio Castro (PL) de <a href=\"https:\/\/temporealrj.com\/caso-bacellar-a-movimentacao-de-rafael-picciani-entra-no-radar-do-stf-e-agora-o-alvo-e-o-sistema-de-informacoes-do-estado\/\">manter Rafael Picciani (MDB) como secret\u00e1rio<\/a> \u2014 o que preservou a vaga de TH Joias na Alerj mesmo quando ele j\u00e1 era investigado por tr\u00e1fico e lavagem de dinheiro.<\/p>\n<h2 class=\"wp-block-heading\">Parlamentar refor\u00e7ou que ainda n\u00e3o teve acesso ao processo que levou Bacellar \u00e0 pris\u00e3o<\/h2>\n<p>Mas, ao tratar da pris\u00e3o de Bacellar, Serafini refor\u00e7ou v\u00e1rias vezes que ainda n\u00e3o teve acesso ao processo completo. Chamou aten\u00e7\u00e3o para a diferen\u00e7a entre o teor da decis\u00e3o judicial j\u00e1 divulgada e os v\u00eddeos que circulam na imprensa \u2014 e sinalizou que <a href=\"https:\/\/temporealrj.com\/alerj-deve-aprovar-a-liberacao-de-bacellar-mas-decisao-sobre-o-afastamento-volta-as-maos-de-alexandre-de-moraes\/\">o Psol s\u00f3 definir\u00e1 sua posi\u00e7\u00e3o na vota\u00e7\u00e3o que pode soltar o presidente<\/a> quando todos os autos chegarem.<\/p>\n<p>\u00c9 um gesto cauteloso: Serafini foi o primeiro a ocupar o espa\u00e7o que estava vazio, marcou posi\u00e7\u00e3o sobre a gravidade do cen\u00e1rio, mas deixou aberta a avalia\u00e7\u00e3o final, condicionando tudo \u00e0 chegada de mais informa\u00e7\u00f5es.\n<\/p><\/div>\n<p><\/a><\/p>\n<p>Fonte: temporealrj.com<\/p>\n","protected":false},"excerpt":{"rendered":"<p>O deputado Fl\u00e1vio Serafini (Psol) foi o primeiro a levar ao microfone do plen\u00e1rio da Assembleia Legislativa a pris\u00e3o do presidente Rodrigo Bacellar (Uni\u00e3o). O gesto, por si s\u00f3, rompeu o sil\u00eancio que reinava na Alerj \u2014 mas o tom do discurso deixou clara uma postura cautelosa, apesar de ser um deputado de oposi\u00e7\u00e3o. Ele [&hellip;]<\/p>\n","protected":false},"author":3,"featured_media":6171,"comment_status":"open","ping_status":"open","sticky":false,"template":"","format":"standard","meta":{"advanced_seo_description":"","jetpack_seo_html_title":"","jetpack_seo_noindex":false,"fifu_image_url":"https:\/\/temporealrj.com\/wp-content\/uploads\/2025\/12\/SERAFINI-e1764866621612.jpg","fifu_image_alt":"","_jetpack_memberships_contains_paid_content":false,"footnotes":"","jetpack_publicize_message":"","jetpack_publicize_feature_enabled":true,"jetpack_social_post_already_shared":true,"jetpack_social_options":{"image_generator_settings":{"template":"highway","default_image_id":0,"font":"","enabled":false},"version":2}},"categories":[107],"tags":[],"class_list":{"0":"post-6170","1":"post","2":"type-post","3":"status-publish","4":"format-standard","5":"has-post-thumbnail","7":"category-economia"},"jetpack_publicize_connections":[],"jetpack_featured_media_url":"https:\/\/i0.wp.com\/temporealrj.com\/wp-content\/uploads\/2025\/12\/SERAFINI-e1764866621612.jpg?fit=%2C&ssl=1","jetpack_sharing_enabled":true,"jetpack-related-posts":[],"_links":{"self":[{"href":"https:\/\/friburgonoticias.com.br\/temp\/wp-json\/wp\/v2\/posts\/6170","targetHints":{"allow":["GET"]}}],"collection":[{"href":"https:\/\/friburgonoticias.com.br\/temp\/wp-json\/wp\/v2\/posts"}],"about":[{"href":"https:\/\/friburgonoticias.com.br\/temp\/wp-json\/wp\/v2\/types\/post"}],"author":[{"embeddable":true,"href":"https:\/\/friburgonoticias.com.br\/temp\/wp-json\/wp\/v2\/users\/3"}],"replies":[{"embeddable":true,"href":"https:\/\/friburgonoticias.com.br\/temp\/wp-json\/wp\/v2\/comments?post=6170"}],"version-history":[{"count":0,"href":"https:\/\/friburgonoticias.com.br\/temp\/wp-json\/wp\/v2\/posts\/6170\/revisions"}],"wp:featuredmedia":[{"embeddable":true,"href":"https:\/\/friburgonoticias.com.br\/temp\/wp-json\/wp\/v2\/media\/6171"}],"wp:attachment":[{"href":"https:\/\/friburgonoticias.com.br\/temp\/wp-json\/wp\/v2\/media?parent=6170"}],"wp:term":[{"taxonomy":"category","embeddable":true,"href":"https:\/\/friburgonoticias.com.br\/temp\/wp-json\/wp\/v2\/categories?post=6170"},{"taxonomy":"post_tag","embeddable":true,"href":"https:\/\/friburgonoticias.com.br\/temp\/wp-json\/wp\/v2\/tags?post=6170"}],"curies":[{"name":"wp","href":"https:\/\/api.w.org\/{rel}","templated":true}]}}