{"id":6174,"date":"2025-12-04T20:26:48","date_gmt":"2025-12-04T20:26:48","guid":{"rendered":"https:\/\/friburgonoticias.com.br\/temp\/2025\/12\/04\/deputada-aciona-mp-para-investigar-responsaveis-por-aplicacoes-da-cedae-no-banco-master\/"},"modified":"2025-12-04T20:26:48","modified_gmt":"2025-12-04T20:26:48","slug":"deputada-aciona-mp-para-investigar-responsaveis-por-aplicacoes-da-cedae-no-banco-master","status":"publish","type":"post","link":"https:\/\/friburgonoticias.com.br\/temp\/2025\/12\/04\/deputada-aciona-mp-para-investigar-responsaveis-por-aplicacoes-da-cedae-no-banco-master\/","title":{"rendered":"Deputada aciona MP para investigar respons\u00e1veis por aplica\u00e7\u00f5es da Cedae no Banco Master"},"content":{"rendered":"<p><\/p>\n<div itemprop=\"articleBody\">\nA deputada Marina do MST (PT) acionou o Minist\u00e9rio P\u00fablico do Rio, nesta quarta-feira (03), para investigar as <a href=\"https:\/\/temporealrj.com\/a-menos-de-duas-semanas-para-o-recesso-alerj-pode-emplacar-tres-cpis-a-que-vai-investigar-os-contratos-da-saude-ja-foi-ate-protocolada\/\">aplica\u00e7\u00f5es financeiras feitas pela Cedae<\/a> no Banco Master, liquidado extrajudicialmente em 18 de novembro.<\/p>\n<p>A representa\u00e7\u00e3o pede que o MP apure quem autorizou os investimentos, quais crit\u00e9rios t\u00e9cnicos foram adotados e se houve descumprimento de normas de governan\u00e7a da estatal.<\/p>\n<h2 class=\"wp-block-heading\">Aplica\u00e7\u00e3o milion\u00e1ria chega a quase 10% dos investimentos da Cedae<\/h2>\n<p>O documento refor\u00e7a que <a href=\"https:\/\/temporealrj.com\/cedae-investiu-mais-de-r-230-milhoes-em-cdb-do-banco-master-liquidado-pelo-bc-resgate-nao-foi-pago\/\">a Cedae aplicou cerca de R$ 224 milh\u00f5es na institui\u00e7\u00e3o<\/a> \u2014 com estimativas que chegam a at\u00e9 R$ 255 milh\u00f5es \u2014 valores que agora est\u00e3o bloqueados por causa da liquida\u00e7\u00e3o.<\/p>\n<p>Como as aplica\u00e7\u00f5es superam o limite de cobertura do Fundo Garantidor de Cr\u00e9ditos (R$ 250 mil), praticamente todo o montante corre risco de n\u00e3o ser recuperado<\/p>\n<p> A deputada sustenta que a opera\u00e7\u00e3o pode ter exposto indevidamente recursos p\u00fablicos e pede que o MP avalie a possibilidade de improbidade administrativa ou gest\u00e3o temer\u00e1ria, caso sejam identificadas irregularidades.\n<\/p><\/div>\n<p><\/a><\/p>\n<p>Fonte: temporealrj.com<\/p>\n","protected":false},"excerpt":{"rendered":"<p>A deputada Marina do MST (PT) acionou o Minist\u00e9rio P\u00fablico do Rio, nesta quarta-feira (03), para investigar as aplica\u00e7\u00f5es financeiras feitas pela Cedae no Banco Master, liquidado extrajudicialmente em 18 de novembro. A representa\u00e7\u00e3o pede que o MP apure quem autorizou os investimentos, quais crit\u00e9rios t\u00e9cnicos foram adotados e se houve descumprimento de normas de [&hellip;]<\/p>\n","protected":false},"author":3,"featured_media":6175,"comment_status":"open","ping_status":"open","sticky":false,"template":"","format":"standard","meta":{"advanced_seo_description":"","jetpack_seo_html_title":"","jetpack_seo_noindex":false,"fifu_image_url":"https:\/\/temporealrj.com\/wp-content\/uploads\/2025\/12\/115541__MGL4970-1-1024x683.jpg","fifu_image_alt":"","_jetpack_memberships_contains_paid_content":false,"footnotes":"","jetpack_publicize_message":"","jetpack_publicize_feature_enabled":true,"jetpack_social_post_already_shared":true,"jetpack_social_options":{"image_generator_settings":{"template":"highway","default_image_id":0,"font":"","enabled":false},"version":2}},"categories":[107],"tags":[],"class_list":{"0":"post-6174","1":"post","2":"type-post","3":"status-publish","4":"format-standard","5":"has-post-thumbnail","7":"category-economia"},"jetpack_publicize_connections":[],"jetpack_featured_media_url":"https:\/\/i0.wp.com\/temporealrj.com\/wp-content\/uploads\/2025\/12\/115541__MGL4970-1-1024x683.jpg?fit=%2C&ssl=1","jetpack_sharing_enabled":true,"jetpack-related-posts":[],"_links":{"self":[{"href":"https:\/\/friburgonoticias.com.br\/temp\/wp-json\/wp\/v2\/posts\/6174","targetHints":{"allow":["GET"]}}],"collection":[{"href":"https:\/\/friburgonoticias.com.br\/temp\/wp-json\/wp\/v2\/posts"}],"about":[{"href":"https:\/\/friburgonoticias.com.br\/temp\/wp-json\/wp\/v2\/types\/post"}],"author":[{"embeddable":true,"href":"https:\/\/friburgonoticias.com.br\/temp\/wp-json\/wp\/v2\/users\/3"}],"replies":[{"embeddable":true,"href":"https:\/\/friburgonoticias.com.br\/temp\/wp-json\/wp\/v2\/comments?post=6174"}],"version-history":[{"count":0,"href":"https:\/\/friburgonoticias.com.br\/temp\/wp-json\/wp\/v2\/posts\/6174\/revisions"}],"wp:featuredmedia":[{"embeddable":true,"href":"https:\/\/friburgonoticias.com.br\/temp\/wp-json\/wp\/v2\/media\/6175"}],"wp:attachment":[{"href":"https:\/\/friburgonoticias.com.br\/temp\/wp-json\/wp\/v2\/media?parent=6174"}],"wp:term":[{"taxonomy":"category","embeddable":true,"href":"https:\/\/friburgonoticias.com.br\/temp\/wp-json\/wp\/v2\/categories?post=6174"},{"taxonomy":"post_tag","embeddable":true,"href":"https:\/\/friburgonoticias.com.br\/temp\/wp-json\/wp\/v2\/tags?post=6174"}],"curies":[{"name":"wp","href":"https:\/\/api.w.org\/{rel}","templated":true}]}}