{"id":6236,"date":"2025-12-08T13:44:53","date_gmt":"2025-12-08T13:44:53","guid":{"rendered":"https:\/\/friburgonoticias.com.br\/temp\/2025\/12\/08\/comissao-de-financas-aprova-acessibilidade-como-criterio-de-desempate-em-licitacoes-noticias\/"},"modified":"2025-12-08T13:44:53","modified_gmt":"2025-12-08T13:44:53","slug":"comissao-de-financas-aprova-acessibilidade-como-criterio-de-desempate-em-licitacoes-noticias","status":"publish","type":"post","link":"https:\/\/friburgonoticias.com.br\/temp\/2025\/12\/08\/comissao-de-financas-aprova-acessibilidade-como-criterio-de-desempate-em-licitacoes-noticias\/","title":{"rendered":"Comiss\u00e3o de Finan\u00e7as aprova acessibilidade como crit\u00e9rio de desempate em licita\u00e7\u00f5es &#8211; Not\u00edcias"},"content":{"rendered":"<p><\/p>\n<div>\n<div>\n<p class=\"g-artigo__data-hora\">\n                      08\/12\/2025 &#8211; 10:26 \u00a0\n                    <\/p>\n<div id=\"image-container-1230540\" class=\"image-container\" style=\"float: none; margin: 45px 0px; width: 100%;\" data-midia=\"1230540\">\n        <em>Vinicius Loures \/ C\u00e2mara dos Deputados<\/em><\/p>\n<p>        Laura Carneiro: proposta estimula responsabilidade social das empresas\n        <\/p><\/div>\n<p>        A Comiss\u00e3o de Finan\u00e7as e Tributa\u00e7\u00e3o da C\u00e2mara dos Deputados aprovou projeto que inclui como crit\u00e9rio de desempate nos processos licitat\u00f3rios a ado\u00e7\u00e3o, pelo licitante, de a\u00e7\u00f5es que promovam a acessibilidade para pessoas com defici\u00eancia.<br \/>\n        Os parlamentares acolheram o <a href=\"https:\/\/www.camara.leg.br\/proposicoesWeb\/prop_mostrarintegra?codteor=3023792&amp;filename=Parecer-CFT-2025-10-15\">parecer da relatora<\/a>, deputada Laura Carneiro (PSD-RJ), pela aprova\u00e7\u00e3o do <a class=\"linkProposicao\" href=\"https:\/\/www.camara.leg.br\/noticias\/1135523-projeto-inclui-desenvolvimento-de-acoes-de-acessibilidade-como-criterio-de-desempate-em-licitacoes\">Projeto de Lei 4256\/24<\/a>, da deputada Dayany Bittencourt (Uni\u00e3o-CE).<br \/>\n        A relatora observou que a proposta n\u00e3o acarreta aumento ou diminui\u00e7\u00e3o de receita ou despesa p\u00fablica.<br \/>\n        \u201cAo incluir a promo\u00e7\u00e3o da acessibilidade entre os crit\u00e9rios de desempate, o projeto amplia o papel social das compras p\u00fablicas, utilizando o poder de compra estatal como instrumento de inclus\u00e3o e de fomento \u00e0 responsabilidade social empresarial\u201d, disse Laura Carneiro.<br \/>\n        Ela acrescentou que a medida harmoniza-se com outros crit\u00e9rios de desempate j\u00e1 previstos, como a promo\u00e7\u00e3o da igualdade entre homens e mulheres e a exist\u00eancia de programas de integridade.<br \/>\n        A proposta altera a <a href=\"https:\/\/www2.camara.leg.br\/legin\/fed\/lei\/2021\/lei-14133-1-abril-2021-791222-norma-pl.html\">Lei de Licita\u00e7\u00f5es e Contratos Administrativos<\/a>.<br \/>\n        <strong>Pr\u00f3ximos passos<\/strong><br \/><a href=\"https:\/\/www.camara.leg.br\/noticias\/1192412-comissao-aprova-acessibilidade-como-criterio-de-desempate-em-licitacoes\/\">Tamb\u00e9m j\u00e1 aprovado pela Comiss\u00e3o Defesa dos Direitos das Pessoas com Defici\u00eancia<\/a>, o projeto ainda ser\u00e1 analisado, em <span id=\"4322\" class=\"termoGlossario\" title=\"Rito de tramita\u00e7\u00e3o pelo qual o projeto \u00e9 votado apenas pelas comiss\u00f5es designadas para analis\u00e1-lo, dispensada a delibera\u00e7\u00e3o do Plen\u00e1rio. O projeto perde o car\u00e1ter conclusivo se houver decis\u00e3o divergente entre as comiss\u00f5es ou se, independentemente de ser aprovado ou rejeitado, houver recurso assinado por 52 deputados para a aprecia\u00e7\u00e3o da mat\u00e9ria no Plen\u00e1rio.\" contenteditable=\"false\" data-toggle=\"tooltip\" data-placement=\"top\">car\u00e1ter conclusivo<\/span>, pela Comiss\u00e3o de Constitui\u00e7\u00e3o e Justi\u00e7a e de Cidadania.<br \/>\n        Para virar lei, precisa ser aprovado pela C\u00e2mara e pelo Senado.<\/p>\n<p>        \u00a0<\/p>\n<p style=\"font-size: 0.8rem; font-weight: 700;\">Reportagem \u2013 No\u00e9li Nobre<br \/>Edi\u00e7\u00e3o \u2013 Marcelo Oliveira<\/p>\n<\/p><\/div>\n<\/p><\/div>\n<p><\/a><\/p>\n<p>Fonte: www.camara.leg.br<\/p>\n","protected":false},"excerpt":{"rendered":"<p>08\/12\/2025 &#8211; 10:26 \u00a0 Vinicius Loures \/ C\u00e2mara dos Deputados Laura Carneiro: proposta estimula responsabilidade social das empresas A Comiss\u00e3o de Finan\u00e7as e Tributa\u00e7\u00e3o da C\u00e2mara dos Deputados aprovou projeto que inclui como crit\u00e9rio de desempate nos processos licitat\u00f3rios a ado\u00e7\u00e3o, pelo licitante, de a\u00e7\u00f5es que promovam a acessibilidade para pessoas com defici\u00eancia. Os parlamentares [&hellip;]<\/p>\n","protected":false},"author":3,"featured_media":6237,"comment_status":"open","ping_status":"open","sticky":false,"template":"","format":"standard","meta":{"advanced_seo_description":"","jetpack_seo_html_title":"","jetpack_seo_noindex":false,"fifu_image_url":"https:\/\/www.camara.leg.br\/midias\/image\/2025\/12\/img20251112132941374-768x473.jpg","fifu_image_alt":"","_jetpack_memberships_contains_paid_content":false,"footnotes":"","jetpack_publicize_message":"","jetpack_publicize_feature_enabled":true,"jetpack_social_post_already_shared":true,"jetpack_social_options":{"image_generator_settings":{"template":"highway","default_image_id":0,"font":"","enabled":false},"version":2}},"categories":[106,1],"tags":[],"class_list":{"0":"post-6236","1":"post","2":"type-post","3":"status-publish","4":"format-standard","5":"has-post-thumbnail","7":"category-politica","8":"category-uncategorized"},"jetpack_publicize_connections":[],"jetpack_featured_media_url":"https:\/\/i0.wp.com\/www.camara.leg.br\/midias\/image\/2025\/12\/img20251112132941374-768x473.jpg?fit=%2C&ssl=1","jetpack_sharing_enabled":true,"jetpack-related-posts":[],"_links":{"self":[{"href":"https:\/\/friburgonoticias.com.br\/temp\/wp-json\/wp\/v2\/posts\/6236","targetHints":{"allow":["GET"]}}],"collection":[{"href":"https:\/\/friburgonoticias.com.br\/temp\/wp-json\/wp\/v2\/posts"}],"about":[{"href":"https:\/\/friburgonoticias.com.br\/temp\/wp-json\/wp\/v2\/types\/post"}],"author":[{"embeddable":true,"href":"https:\/\/friburgonoticias.com.br\/temp\/wp-json\/wp\/v2\/users\/3"}],"replies":[{"embeddable":true,"href":"https:\/\/friburgonoticias.com.br\/temp\/wp-json\/wp\/v2\/comments?post=6236"}],"version-history":[{"count":0,"href":"https:\/\/friburgonoticias.com.br\/temp\/wp-json\/wp\/v2\/posts\/6236\/revisions"}],"wp:featuredmedia":[{"embeddable":true,"href":"https:\/\/friburgonoticias.com.br\/temp\/wp-json\/wp\/v2\/media\/6237"}],"wp:attachment":[{"href":"https:\/\/friburgonoticias.com.br\/temp\/wp-json\/wp\/v2\/media?parent=6236"}],"wp:term":[{"taxonomy":"category","embeddable":true,"href":"https:\/\/friburgonoticias.com.br\/temp\/wp-json\/wp\/v2\/categories?post=6236"},{"taxonomy":"post_tag","embeddable":true,"href":"https:\/\/friburgonoticias.com.br\/temp\/wp-json\/wp\/v2\/tags?post=6236"}],"curies":[{"name":"wp","href":"https:\/\/api.w.org\/{rel}","templated":true}]}}