{"id":6238,"date":"2025-12-08T14:28:11","date_gmt":"2025-12-08T14:28:11","guid":{"rendered":"https:\/\/friburgonoticias.com.br\/temp\/2025\/12\/08\/acidente-deixa-tres-mortos-incluindo-crianca\/"},"modified":"2025-12-08T14:28:11","modified_gmt":"2025-12-08T14:28:11","slug":"acidente-deixa-tres-mortos-incluindo-crianca","status":"publish","type":"post","link":"https:\/\/friburgonoticias.com.br\/temp\/2025\/12\/08\/acidente-deixa-tres-mortos-incluindo-crianca\/","title":{"rendered":"acidente deixa tr\u00eas mortos, incluindo crian\u00e7a"},"content":{"rendered":"<p><\/p>\n<div id=\"post-58458\">\n<div class=\"post-header post-tp-13-header\">\n<div class=\"single-featured\">\n<img loading=\"lazy\" decoding=\"async\" data-lazyloaded=\"1\" src=\"https:\/\/www.serranewsrj.com.br\/wp-content\/uploads\/2025\/12\/acidente-grave-1130x580.png\" width=\"1130\" height=\"580\" alt=\"Trag\u00e9dia na RJ-130: acidente deixa tr\u00eas mortos, incluindo crian\u00e7a\"\/>                                           <span class=\"image-credit\">Imagens de Cacau Rep\u00f3rter. <\/span><\/div>\n<\/div>\n<div class=\"entry-content clearfix single-post-content\">\n<p style=\"text-align: justify;\" data-start=\"219\" data-end=\"541\">Um grave acidente de tr\u00e2nsito registrado na manh\u00e3 de segunda-feira (8\/12) na RJ-130, rodovia que liga <a href=\"https:\/\/www.serranewsrj.com.br\/noticias\/regiao-serrana\/teresopolis\">Teres\u00f3polis<\/a> a <a href=\"https:\/\/www.serranewsrj.com.br\/noticias\/regiao-serrana\/nova-friburgo\">Nova Friburgo<\/a>, deixou tr\u00eas pessoas mortas, entre elas uma crian\u00e7a de aproximadamente tr\u00eas anos e sua m\u00e3e. A colis\u00e3o aconteceu na altura do bairro Boa F\u00e9 e envolveu dois ve\u00edculos.<\/p>\n<div class=\"rfh rfh-post-inline rfh-float-center rfh-align-center rfh-column-1 rfh-clearfix no-bg-box-model\">\n<div id=\"rfh-56146-552726967\" class=\"rfh-container rfh-type-image\" itemscope=\"\" itemtype=\"https:\/\/schema.org\/WPAdBlock\" data-adid=\"56146\" data-type=\"image\"><a itemprop=\"url\" class=\"rfh-link\" href=\"https:\/\/macae.rj.gov.br\/\" target=\"_blank\" rel=\"nofollow\"><img loading=\"lazy\" decoding=\"async\" data-lazyloaded=\"1\" width=\"1201\" height=\"301\" class=\"rfh-image\" src=\"https:\/\/www.serranewsrj.com.br\/wp-content\/uploads\/2025\/12\/1200x3001-ezgif.com-png-to-webp-converter.webp\" alt=\"Prefeitura de Maca\u00e9 \u2013 PI 20544 (Dezembro) \u2013 1230\u00d7200 pxl\"\/><\/a><\/div>\n<\/div>\n<p style=\"text-align: justify;\" data-start=\"543\" data-end=\"823\">De acordo com as primeiras informa\u00e7\u00f5es apuradas no local, o condutor de um Chevrolet Kadett, um dos autom\u00f3veis envolvidos no acidente, n\u00e3o resistiu aos ferimentos e morreu ainda no local. As outras duas v\u00edtimas fatais seriam a m\u00e3e e a crian\u00e7a que estavam no outro ve\u00edculo.<\/p>\n<p style=\"text-align: justify;\" data-start=\"825\" data-end=\"1090\">Equipes do Corpo de Bombeiros e do SAMU foram acionadas rapidamente para prestar socorro \u00e0s v\u00edtimas. Os feridos foram encaminhados para o Hospital das Cl\u00ednicas Constantino Ottaviano (HCTCO), unidade de refer\u00eancia em atendimento a traumas em Teres\u00f3polis.<\/p>\n<p style=\"text-align: justify;\" data-start=\"1092\" data-end=\"1344\">Por conta do acidente, o tr\u00e2nsito na RJ-130 est\u00e1 operando em sistema de pare e siga, causando lentid\u00e3o no trecho durante o trabalho de remo\u00e7\u00e3o dos ve\u00edculos e limpeza da pista. As causas da colis\u00e3o ainda ser\u00e3o apuradas pelas autoridades competentes.<\/p>\n<div class=\"rfh rfh-post-inline rfh-float-center rfh-align-center rfh-column-1 rfh-clearfix no-bg-box-model\">\n<div id=\"rfh-56737-1374147969\" class=\"rfh-container rfh-type-image\" itemscope=\"\" itemtype=\"https:\/\/schema.org\/WPAdBlock\" data-adid=\"56737\" data-type=\"image\"><a itemprop=\"url\" class=\"rfh-link\" href=\"https:\/\/www.instagram.com\/euclidesemfoco?utm_source=ig_web_button_share_sheet&amp;igsh=ZDNlZDc0MzIxNw==\" target=\"_blank\" rel=\"nofollow\"><img loading=\"lazy\" decoding=\"async\" data-lazyloaded=\"1\" width=\"1200\" height=\"400\" class=\"rfh-image\" src=\"https:\/\/www.serranewsrj.com.br\/wp-content\/uploads\/2025\/12\/IMG_4879-ezgif.com-png-to-webp-converter.webp\" alt=\"Euclides em Foco \u2013 Outubro (1200\u00d7400 pxl) WebP\"\/><\/a><\/div>\n<\/div>\n<\/div>\n<\/div>\n<div id=\"\">\n<a href=\"https:\/\/www.serranewsrj.com.br\/author\/admin-2\" title=\"Artigos de autor\"><br \/>\n<span class=\"post-author-avatar\" itemprop=\"image\"><img loading=\"lazy\" decoding=\"async\" data-lazyloaded=\"1\" alt=\"\" src=\"https:\/\/www.serranewsrj.com.br\/wp-content\/uploads\/2025\/03\/REDONDA-4-180x180.png\" class=\"avatar avatar-80 photo avatar-default\" height=\"80\" width=\"80\"\/><\/span><br \/>\n<\/a><\/p>\n<div class=\"post-author-bio\" itemprop=\"description\">A sua fonte segura de informa\u00e7\u00e3o no interior do Rio de Janeiro.<\/p>\n<\/div>\n<\/div>\n<p><script async src=\"\/\/www.instagram.com\/embed.js\"><\/script><br \/>\n<br \/><\/a><\/p>\n<p>Fonte: www.serranewsrj.com.br<\/p>\n","protected":false},"excerpt":{"rendered":"<p>Imagens de Cacau Rep\u00f3rter. Um grave acidente de tr\u00e2nsito registrado na manh\u00e3 de segunda-feira (8\/12) na RJ-130, rodovia que liga Teres\u00f3polis a Nova Friburgo, deixou tr\u00eas pessoas mortas, entre elas uma crian\u00e7a de aproximadamente tr\u00eas anos e sua m\u00e3e. A colis\u00e3o aconteceu na altura do bairro Boa F\u00e9 e envolveu dois ve\u00edculos. De acordo com [&hellip;]<\/p>\n","protected":false},"author":3,"featured_media":6239,"comment_status":"open","ping_status":"open","sticky":false,"template":"","format":"standard","meta":{"advanced_seo_description":"","jetpack_seo_html_title":"","jetpack_seo_noindex":false,"fifu_image_url":"https:\/\/www.serranewsrj.com.br\/wp-content\/uploads\/2025\/12\/acidente-grave.png","fifu_image_alt":"","_jetpack_memberships_contains_paid_content":false,"footnotes":"","jetpack_publicize_message":"","jetpack_publicize_feature_enabled":true,"jetpack_social_post_already_shared":true,"jetpack_social_options":{"image_generator_settings":{"template":"highway","default_image_id":0,"font":"","enabled":false},"version":2}},"categories":[104,1],"tags":[],"class_list":{"0":"post-6238","1":"post","2":"type-post","3":"status-publish","4":"format-standard","5":"has-post-thumbnail","7":"category-cidade","8":"category-uncategorized"},"jetpack_publicize_connections":[],"jetpack_featured_media_url":"https:\/\/i0.wp.com\/www.serranewsrj.com.br\/wp-content\/uploads\/2025\/12\/acidente-grave.png?fit=%2C&ssl=1","jetpack_sharing_enabled":true,"jetpack-related-posts":[],"_links":{"self":[{"href":"https:\/\/friburgonoticias.com.br\/temp\/wp-json\/wp\/v2\/posts\/6238","targetHints":{"allow":["GET"]}}],"collection":[{"href":"https:\/\/friburgonoticias.com.br\/temp\/wp-json\/wp\/v2\/posts"}],"about":[{"href":"https:\/\/friburgonoticias.com.br\/temp\/wp-json\/wp\/v2\/types\/post"}],"author":[{"embeddable":true,"href":"https:\/\/friburgonoticias.com.br\/temp\/wp-json\/wp\/v2\/users\/3"}],"replies":[{"embeddable":true,"href":"https:\/\/friburgonoticias.com.br\/temp\/wp-json\/wp\/v2\/comments?post=6238"}],"version-history":[{"count":0,"href":"https:\/\/friburgonoticias.com.br\/temp\/wp-json\/wp\/v2\/posts\/6238\/revisions"}],"wp:featuredmedia":[{"embeddable":true,"href":"https:\/\/friburgonoticias.com.br\/temp\/wp-json\/wp\/v2\/media\/6239"}],"wp:attachment":[{"href":"https:\/\/friburgonoticias.com.br\/temp\/wp-json\/wp\/v2\/media?parent=6238"}],"wp:term":[{"taxonomy":"category","embeddable":true,"href":"https:\/\/friburgonoticias.com.br\/temp\/wp-json\/wp\/v2\/categories?post=6238"},{"taxonomy":"post_tag","embeddable":true,"href":"https:\/\/friburgonoticias.com.br\/temp\/wp-json\/wp\/v2\/tags?post=6238"}],"curies":[{"name":"wp","href":"https:\/\/api.w.org\/{rel}","templated":true}]}}