{"id":6246,"date":"2025-12-08T18:04:23","date_gmt":"2025-12-08T18:04:23","guid":{"rendered":"https:\/\/friburgonoticias.com.br\/temp\/2025\/12\/08\/prorrogadas-as-inscricoes-para-mapear-experiencias-exitosas-em-protecao-social-as-pessoas-com-tuberculose\/"},"modified":"2025-12-08T18:04:23","modified_gmt":"2025-12-08T18:04:23","slug":"prorrogadas-as-inscricoes-para-mapear-experiencias-exitosas-em-protecao-social-as-pessoas-com-tuberculose","status":"publish","type":"post","link":"https:\/\/friburgonoticias.com.br\/temp\/2025\/12\/08\/prorrogadas-as-inscricoes-para-mapear-experiencias-exitosas-em-protecao-social-as-pessoas-com-tuberculose\/","title":{"rendered":"Prorrogadas as inscri\u00e7\u00f5es para mapear experi\u00eancias exitosas em prote\u00e7\u00e3o social \u00e0s pessoas com tuberculose"},"content":{"rendered":"<p><\/p>\n<div id=\"parent-fieldname-text\">\n<div property=\"rnews:articleBody\">O Minist\u00e9rio da Sa\u00fade prorrogou o prazo para inscri\u00e7\u00f5es da\u00a0<a class=\"external-link\" href=\"https:\/\/www.gov.br\/aids\/pt-br\/assuntos\/noticias\/2025\/outubro\/ministerio-da-saude-lanca-chamada-publica-para-mapear-experiencias-exitosas-em-protecao-social-as-pessoas-com-tuberculose\" target=\"_blank\" title=\"\" data-tippreview-enabled=\"false\" data-tippreview-image=\"\" data-tippreview-title=\"\">Chamada p\u00fablica para mapeamento de experi\u00eancias exitosas em prote\u00e7\u00e3o social voltadas \u00e0s pessoas com tuberculose<\/a>. Agora, interessados t\u00eam at\u00e9 o dia 12 de dezembro para enviar iniciativas que fortale\u00e7am a articula\u00e7\u00e3o entre sa\u00fade e assist\u00eancia social, promovam direitos e enfrentem o estigma da doen\u00e7a.<\/p>\n<p>A iniciativa faz parte do\u00a0<a class=\"external-link\" href=\"https:\/\/www.gov.br\/saude\/pt-br\/assuntos\/brasil-saudavel\/planos-de-trabalho\/plano-de-trabalho-do-estado-de-roraima-programa-brasil-saudavel.pdf\" target=\"_blank\" title=\"\" data-tippreview-enabled=\"false\" data-tippreview-image=\"\" data-tippreview-title=\"\">Programa Brasil Saud\u00e1vel \u2013 Unir para Cuidar<\/a>. Podem participar secretarias de sa\u00fade, coordena\u00e7\u00f5es estaduais e municipais de tuberculose, servi\u00e7os do\u00a0<a class=\"internal-link\" href=\"https:\/\/www.gov.br\/saude\/pt-br\/sus\" target=\"_blank\" title=\"\" data-tippreview-image=\"\" data-tippreview-title=\"\" data-tippreview-enabled=\"false\">Sistema \u00danico de Sa\u00fade (SUS)<\/a>, secretarias de assist\u00eancia social, organiza\u00e7\u00f5es da sociedade civil e institui\u00e7\u00f5es acad\u00eamicas. As experi\u00eancias selecionadas ser\u00e3o apresentadas em evento virtual e publicadas pelo Minist\u00e9rio da Sa\u00fade.<\/p>\n<p>As iniciativas devem estar alinhadas \u00e0s diretrizes do Programa Brasil Saud\u00e1vel, \u00e0 Instru\u00e7\u00e3o Operacional Conjunta n\u00ba 01\/2019 (IOC) e ao Plano Nacional pelo Fim da\u00a0<a class=\"internal-link\" href=\"https:\/\/www.gov.br\/saude\/pt-br\/assuntos\/saude-de-a-a-z\/t\/tuberculose\" target=\"_blank\" title=\"\" data-tippreview-image=\"\" data-tippreview-title=\"\" data-tippreview-enabled=\"false\">Tuberculose,<\/a>\u00a0podendo envolver a\u00e7\u00f5es de seguran\u00e7a alimentar, apoio socioecon\u00f4mico, transporte, habita\u00e7\u00e3o, enfrentamento do estigma, inova\u00e7\u00e3o, pesquisa e articula\u00e7\u00e3o intersetorial.<\/p>\n<p><strong>Inscri\u00e7\u00f5es<\/strong><\/p>\n<p>As inscri\u00e7\u00f5es s\u00e3o exclusivas pelo\u00a0<a class=\"external-link\" href=\"https:\/\/edital.aids.gov.br\/\" target=\"_blank\" title=\"\" data-tippreview-enabled=\"false\" data-tippreview-image=\"\" data-tippreview-title=\"\">formul\u00e1rio eletr\u00f4nico<\/a>, at\u00e9 23h59 do dia 12 de dezembro de 2025. Cada institui\u00e7\u00e3o pode inscrever apenas uma experi\u00eancia, que ser\u00e1 avaliada por um Comit\u00ea de Sele\u00e7\u00e3o composto por especialistas, membros da academia e da sociedade civil.<\/p>\n<p>Ser\u00e3o escolhidas dez experi\u00eancias, com representantes de todas as regi\u00f5es do pa\u00eds, que receber\u00e3o certificado, convite para apresenta\u00e7\u00e3o em evento virtual e coautoria na publica\u00e7\u00e3o oficial. Iniciativas com pontua\u00e7\u00e3o m\u00ednima, mas n\u00e3o selecionadas, receber\u00e3o men\u00e7\u00e3o honrosa.<\/p>\n<p>O cronograma prev\u00ea t\u00e9rmino das inscri\u00e7\u00f5es em 12 de dezembro de 2025, in\u00edcio da avalia\u00e7\u00e3o em 22 de dezembro de 2025 e divulga\u00e7\u00e3o do resultado em 10 de fevereiro de 2026. D\u00favidas podem ser enviadas para tuberculose@saude.gov.br.<\/p>\n<p><em>Minist\u00e9rio da Sa\u00fade<\/em><\/p>\n<\/div><\/div>\n<p><script type=\"text\">\n    (function() {\n        var po = document.createElement('script');\n        po.async = true;\n        po.src = document.location.protocol + '\/\/connect.facebook.net\/pt_BR\/all.js#xfbml=1';\n        var head = document.getElementsByTagName('head')[0];\n        head.appendChild(po);\n    }());\n    <\/script><\/p>\n<p><\/a><\/p>\n<p>Fonte: www.gov.br<\/p>\n","protected":false},"excerpt":{"rendered":"<p>O Minist\u00e9rio da Sa\u00fade prorrogou o prazo para inscri\u00e7\u00f5es da\u00a0Chamada p\u00fablica para mapeamento de experi\u00eancias exitosas em prote\u00e7\u00e3o social voltadas \u00e0s pessoas com tuberculose. Agora, interessados t\u00eam at\u00e9 o dia 12 de dezembro para enviar iniciativas que fortale\u00e7am a articula\u00e7\u00e3o entre sa\u00fade e assist\u00eancia social, promovam direitos e enfrentem o estigma da doen\u00e7a. A iniciativa [&hellip;]<\/p>\n","protected":false},"author":3,"featured_media":6247,"comment_status":"open","ping_status":"open","sticky":false,"template":"","format":"standard","meta":{"advanced_seo_description":"","jetpack_seo_html_title":"","jetpack_seo_noindex":false,"fifu_image_url":"https:\/\/www.gov.br\/aids\/logo.png","fifu_image_alt":"","_jetpack_memberships_contains_paid_content":false,"footnotes":"","jetpack_publicize_message":"","jetpack_publicize_feature_enabled":true,"jetpack_social_post_already_shared":true,"jetpack_social_options":{"image_generator_settings":{"template":"highway","default_image_id":0,"font":"","enabled":false},"version":2}},"categories":[108],"tags":[],"class_list":{"0":"post-6246","1":"post","2":"type-post","3":"status-publish","4":"format-standard","5":"has-post-thumbnail","7":"category-saude"},"jetpack_publicize_connections":[],"jetpack_featured_media_url":"https:\/\/i0.wp.com\/www.gov.br\/aids\/logo.png?fit=%2C&ssl=1","jetpack_sharing_enabled":true,"jetpack-related-posts":[],"_links":{"self":[{"href":"https:\/\/friburgonoticias.com.br\/temp\/wp-json\/wp\/v2\/posts\/6246","targetHints":{"allow":["GET"]}}],"collection":[{"href":"https:\/\/friburgonoticias.com.br\/temp\/wp-json\/wp\/v2\/posts"}],"about":[{"href":"https:\/\/friburgonoticias.com.br\/temp\/wp-json\/wp\/v2\/types\/post"}],"author":[{"embeddable":true,"href":"https:\/\/friburgonoticias.com.br\/temp\/wp-json\/wp\/v2\/users\/3"}],"replies":[{"embeddable":true,"href":"https:\/\/friburgonoticias.com.br\/temp\/wp-json\/wp\/v2\/comments?post=6246"}],"version-history":[{"count":0,"href":"https:\/\/friburgonoticias.com.br\/temp\/wp-json\/wp\/v2\/posts\/6246\/revisions"}],"wp:featuredmedia":[{"embeddable":true,"href":"https:\/\/friburgonoticias.com.br\/temp\/wp-json\/wp\/v2\/media\/6247"}],"wp:attachment":[{"href":"https:\/\/friburgonoticias.com.br\/temp\/wp-json\/wp\/v2\/media?parent=6246"}],"wp:term":[{"taxonomy":"category","embeddable":true,"href":"https:\/\/friburgonoticias.com.br\/temp\/wp-json\/wp\/v2\/categories?post=6246"},{"taxonomy":"post_tag","embeddable":true,"href":"https:\/\/friburgonoticias.com.br\/temp\/wp-json\/wp\/v2\/tags?post=6246"}],"curies":[{"name":"wp","href":"https:\/\/api.w.org\/{rel}","templated":true}]}}