{"id":6258,"date":"2025-12-08T20:05:55","date_gmt":"2025-12-08T20:05:55","guid":{"rendered":"https:\/\/friburgonoticias.com.br\/temp\/2025\/12\/08\/comissao-debate-direitos-do-nascituro-e-implicacoes-do-tema-com-o-crime-organizado-noticias\/"},"modified":"2025-12-08T20:05:55","modified_gmt":"2025-12-08T20:05:55","slug":"comissao-debate-direitos-do-nascituro-e-implicacoes-do-tema-com-o-crime-organizado-noticias","status":"publish","type":"post","link":"https:\/\/friburgonoticias.com.br\/temp\/2025\/12\/08\/comissao-debate-direitos-do-nascituro-e-implicacoes-do-tema-com-o-crime-organizado-noticias\/","title":{"rendered":"Comiss\u00e3o debate direitos do nascituro e implica\u00e7\u00f5es do tema com o crime organizado &#8211; Not\u00edcias"},"content":{"rendered":"<p><\/p>\n<div>\n<p class=\"g-artigo__data-hora\">\n                      08\/12\/2025 &#8211; 16:58 \u00a0\n                    <\/p>\n<div id=\"image-container-1230768\" class=\"image-container\" style=\"float: none; margin: 45px 0px; width: 100%;\" data-midia=\"1230768\">\n        <em>Kayo Magalh\u00e3es \/ C\u00e2mara dos Deputados<\/em><\/p>\n<p>        Deputado Capit\u00e3o Alden, que pediu a audi\u00eancia\n        <\/p><\/div>\n<p data-start=\"58\" data-end=\"297\">A Comiss\u00e3o de Seguran\u00e7a P\u00fablica e Combate ao Crime Organizado realiza, nesta ter\u00e7a-feira (9), audi\u00eancia p\u00fablica para discutir os direitos do nascituro na ordem civil. O debate ser\u00e1 realizado \u00e0s 16h30, no plen\u00e1rio 6.<\/p>\n<p data-start=\"299\" data-end=\"542\">A audi\u00eancia atende a pedido do deputado Capit\u00e3o Alden (PL-BA). Segundo o parlamentar, o tema exige an\u00e1lise sob a \u00f3tica da seguran\u00e7a p\u00fablica, da prote\u00e7\u00e3o penal e do cumprimento de tratados internacionais de direitos humanos ratificados pelo Brasil.<\/p>\n<p data-start=\"544\" data-end=\"879\">O parlamentar afirma que o nascituro, a partir da 22\u00aa semana de gesta\u00e7\u00e3o, deve ser reconhecido como sujeito de direitos civis, com presun\u00e7\u00e3o absoluta de viabilidade fetal. Ele destaca que esse entendimento se apoia no princ\u00edpio constitucional da inviolabilidade da vida e nas garantias previstas no Pacto de S\u00e3o Jos\u00e9 da Costa Rica.<\/p>\n<p data-start=\"881\" data-end=\"1158\">Capit\u00e3o Alden aponta ainda implica\u00e7\u00f5es pr\u00e1ticas relacionadas ao crime organizado. Segundo ele, a prote\u00e7\u00e3o integral do nascituro contribui para evitar situa\u00e7\u00f5es de explora\u00e7\u00e3o de gestantes e pr\u00e1ticas clandestinas que movimentam recursos il\u00edcitos e representam risco \u00e0 sa\u00fade p\u00fablica.<\/p>\n<p data-start=\"1160\" data-end=\"1398\">O deputado cita dados do Minist\u00e9rio da Justi\u00e7a e Seguran\u00e7a P\u00fablica que indicam a atua\u00e7\u00e3o de redes criminosas envolvidas na elimina\u00e7\u00e3o de nascituros, o que refor\u00e7a, em sua avalia\u00e7\u00e3o, a necessidade de pol\u00edticas de controle mais eficazes.<\/p>\n<p data-start=\"1160\" data-end=\"1398\"><strong>Demografia<\/strong><br \/>Na justificativa, Capit\u00e3o Alden menciona tamb\u00e9m o cen\u00e1rio demogr\u00e1fico brasileiro, marcado pela baixa taxa de fecundidade \u2014 de 1,6 filho por mulher, segundo o IBGE. Para ele, o contexto torna urgente a ado\u00e7\u00e3o de medidas de prote\u00e7\u00e3o \u00e0 vida intrauterina, apoio \u00e0 maternidade e est\u00edmulo \u00e0 ado\u00e7\u00e3o.<\/p>\n<p data-start=\"1698\" data-end=\"2027\">\u201cA realiza\u00e7\u00e3o desta audi\u00eancia p\u00fablica permitir\u00e1 que juristas, m\u00e9dicos, autoridades e representantes da sociedade civil discutam, de forma t\u00e9cnica e fundamentada, os direitos do nascituro, a presun\u00e7\u00e3o absoluta de viabilidade fetal a partir da 22\u00aa semana e a articula\u00e7\u00e3o entre o Direito Civil, Penal e a seguran\u00e7a p\u00fablica\u201d, afirma.<\/p>\n<p>        \u00a0<\/p>\n<p style=\"font-size: 0.8rem; font-weight: 700;\">Da Reda\u00e7\u00e3o &#8211; RS<\/p>\n<\/p><\/div>\n<p><\/a><\/p>\n<p>Fonte: www.camara.leg.br<\/p>\n","protected":false},"excerpt":{"rendered":"<p>08\/12\/2025 &#8211; 16:58 \u00a0 Kayo Magalh\u00e3es \/ C\u00e2mara dos Deputados Deputado Capit\u00e3o Alden, que pediu a audi\u00eancia A Comiss\u00e3o de Seguran\u00e7a P\u00fablica e Combate ao Crime Organizado realiza, nesta ter\u00e7a-feira (9), audi\u00eancia p\u00fablica para discutir os direitos do nascituro na ordem civil. O debate ser\u00e1 realizado \u00e0s 16h30, no plen\u00e1rio 6. A audi\u00eancia atende a [&hellip;]<\/p>\n","protected":false},"author":3,"featured_media":6259,"comment_status":"open","ping_status":"open","sticky":false,"template":"","format":"standard","meta":{"advanced_seo_description":"","jetpack_seo_html_title":"","jetpack_seo_noindex":false,"fifu_image_url":"https:\/\/www.camara.leg.br\/midias\/image\/2025\/12\/img20251119165108548-768x473.jpg","fifu_image_alt":"","_jetpack_memberships_contains_paid_content":false,"footnotes":"","jetpack_publicize_message":"","jetpack_publicize_feature_enabled":true,"jetpack_social_post_already_shared":true,"jetpack_social_options":{"image_generator_settings":{"template":"highway","default_image_id":0,"font":"","enabled":false},"version":2}},"categories":[106,1],"tags":[],"class_list":{"0":"post-6258","1":"post","2":"type-post","3":"status-publish","4":"format-standard","5":"has-post-thumbnail","7":"category-politica","8":"category-uncategorized"},"jetpack_publicize_connections":[],"jetpack_featured_media_url":"https:\/\/i0.wp.com\/www.camara.leg.br\/midias\/image\/2025\/12\/img20251119165108548-768x473.jpg?fit=%2C&ssl=1","jetpack_sharing_enabled":true,"jetpack-related-posts":[],"_links":{"self":[{"href":"https:\/\/friburgonoticias.com.br\/temp\/wp-json\/wp\/v2\/posts\/6258","targetHints":{"allow":["GET"]}}],"collection":[{"href":"https:\/\/friburgonoticias.com.br\/temp\/wp-json\/wp\/v2\/posts"}],"about":[{"href":"https:\/\/friburgonoticias.com.br\/temp\/wp-json\/wp\/v2\/types\/post"}],"author":[{"embeddable":true,"href":"https:\/\/friburgonoticias.com.br\/temp\/wp-json\/wp\/v2\/users\/3"}],"replies":[{"embeddable":true,"href":"https:\/\/friburgonoticias.com.br\/temp\/wp-json\/wp\/v2\/comments?post=6258"}],"version-history":[{"count":0,"href":"https:\/\/friburgonoticias.com.br\/temp\/wp-json\/wp\/v2\/posts\/6258\/revisions"}],"wp:featuredmedia":[{"embeddable":true,"href":"https:\/\/friburgonoticias.com.br\/temp\/wp-json\/wp\/v2\/media\/6259"}],"wp:attachment":[{"href":"https:\/\/friburgonoticias.com.br\/temp\/wp-json\/wp\/v2\/media?parent=6258"}],"wp:term":[{"taxonomy":"category","embeddable":true,"href":"https:\/\/friburgonoticias.com.br\/temp\/wp-json\/wp\/v2\/categories?post=6258"},{"taxonomy":"post_tag","embeddable":true,"href":"https:\/\/friburgonoticias.com.br\/temp\/wp-json\/wp\/v2\/tags?post=6258"}],"curies":[{"name":"wp","href":"https:\/\/api.w.org\/{rel}","templated":true}]}}