{"id":6264,"date":"2025-12-08T20:45:26","date_gmt":"2025-12-08T20:45:26","guid":{"rendered":"https:\/\/friburgonoticias.com.br\/temp\/2025\/12\/08\/com-dois-do-uniao-brasil-quatro-deputados-faltam-a-sessao-da-alerj-que-decidiu-pela-soltura-de-bacellar\/"},"modified":"2025-12-08T20:45:26","modified_gmt":"2025-12-08T20:45:26","slug":"com-dois-do-uniao-brasil-quatro-deputados-faltam-a-sessao-da-alerj-que-decidiu-pela-soltura-de-bacellar","status":"publish","type":"post","link":"https:\/\/friburgonoticias.com.br\/temp\/2025\/12\/08\/com-dois-do-uniao-brasil-quatro-deputados-faltam-a-sessao-da-alerj-que-decidiu-pela-soltura-de-bacellar\/","title":{"rendered":"Com dois do Uni\u00e3o Brasil, quatro deputados faltam \u00e0 sess\u00e3o da Alerj que decidiu pela soltura de Bacellar"},"content":{"rendered":"<p><\/p>\n<div itemprop=\"articleBody\">\nNa decis\u00e3o desta segunda-feira (8), que <a href=\"https:\/\/temporealrj.com\/em-sessao-tumultuada-deputados-aprovam-a-soltura-de-rodrigo-bacellar\/\">aprovou a soltura de Rodrigo Bacellar, presidente da Assembleia Legislativa do Rio (Alerj)<\/a>, quatro dos 69 deputados da Casa faltaram e n\u00e3o participaram da vota\u00e7\u00e3o. Entre eles, est\u00e3o dois do mesmo partido do chefe do Legislativo, o Uni\u00e3o Brasil: Felipe Soares e Vinicius Cozzolino.<\/p>\n<p>Ao final, foram 42 votos favor\u00e1veis \u00e0 revoga\u00e7\u00e3o, 21 contr\u00e1rios e duas absten\u00e7\u00f5es. Os outros ausentes foram Claudio Caiado, do PSD do prefeito Eduardo Paes, e Dion\u00edsio Lins (PP), que apresentou atestado m\u00e9dico que o afasta de todas as atividades profissionais por 15 dias, devido a problemas de sa\u00fade.<\/p>\n<p>Mas Cozzolino, ausente durante toda a sess\u00e3o, marcou presen\u00e7a logo ap\u00f3s o encerramento da vota\u00e7\u00e3o do projeto.<\/p>\n<h2 class=\"wp-block-heading\"><strong>Bacellar foi preso por suspeita de interferir na opera\u00e7\u00e3o que prendeu TH Joias<\/strong><\/h2>\n<p>O<a href=\"https:\/\/temporealrj.com\/presidente-da-assembleia-rodrigo-bacellar-e-preso-pela-pf-por-vazamento-de-informacoes-na-prisao-de-th-joias\/\"> presidente da Alerj permanece detido em uma cela na Superintend\u00eancia da Pol\u00edcia Federal<\/a>. O deputado foi preso durante a Opera\u00e7\u00e3o Unha e Carne, na quarta-feira (3), suspeito de ter vazado informa\u00e7\u00f5es sigilosas de outra opera\u00e7\u00e3o que resultou na pris\u00e3o do ent\u00e3o deputado estadual TH Joias.<\/p>\n<p>Mais cedo, a Comiss\u00e3o de Constitui\u00e7\u00e3o e Justi\u00e7a (CCJ) da Alerj havia decidido, por maioria, <a href=\"https:\/\/temporealrj.com\/comissao-da-alerj-decide-apresentar-projeto-pela-soltura-de-bacellar-deputados-votarao-nesta-tarde\/\">enviar ao plen\u00e1rio o projeto que revogou a pris\u00e3o de Bacellar<\/a>. Os votos favor\u00e1veis vieram de Rodrigo Amorim (Uni\u00e3o), Alexandre Knoploch (PL), Chico Machado (SDD) e Fred Pacheco (PMN). J\u00e1 os votos contr\u00e1rios foram de Carlos Minc (PSB), Elika Takimoto (PT) e Luiz Paulo (PSD).\n<\/div>\n<p><\/a><\/p>\n<p>Fonte: temporealrj.com<\/p>\n","protected":false},"excerpt":{"rendered":"<p>Na decis\u00e3o desta segunda-feira (8), que aprovou a soltura de Rodrigo Bacellar, presidente da Assembleia Legislativa do Rio (Alerj), quatro dos 69 deputados da Casa faltaram e n\u00e3o participaram da vota\u00e7\u00e3o. Entre eles, est\u00e3o dois do mesmo partido do chefe do Legislativo, o Uni\u00e3o Brasil: Felipe Soares e Vinicius Cozzolino. Ao final, foram 42 votos [&hellip;]<\/p>\n","protected":false},"author":3,"featured_media":6265,"comment_status":"open","ping_status":"open","sticky":false,"template":"","format":"standard","meta":{"advanced_seo_description":"","jetpack_seo_html_title":"","jetpack_seo_noindex":false,"fifu_image_url":"https:\/\/temporealrj.com\/wp-content\/uploads\/2025\/12\/Foto-Wordpress-2-e1765225476394.jpg","fifu_image_alt":"","_jetpack_memberships_contains_paid_content":false,"footnotes":"","jetpack_publicize_message":"","jetpack_publicize_feature_enabled":true,"jetpack_social_post_already_shared":true,"jetpack_social_options":{"image_generator_settings":{"template":"highway","default_image_id":0,"font":"","enabled":false},"version":2}},"categories":[106,1],"tags":[],"class_list":{"0":"post-6264","1":"post","2":"type-post","3":"status-publish","4":"format-standard","5":"has-post-thumbnail","7":"category-politica","8":"category-uncategorized"},"jetpack_publicize_connections":[],"jetpack_featured_media_url":"https:\/\/i0.wp.com\/temporealrj.com\/wp-content\/uploads\/2025\/12\/Foto-Wordpress-2-e1765225476394.jpg?fit=%2C&ssl=1","jetpack_sharing_enabled":true,"jetpack-related-posts":[],"_links":{"self":[{"href":"https:\/\/friburgonoticias.com.br\/temp\/wp-json\/wp\/v2\/posts\/6264","targetHints":{"allow":["GET"]}}],"collection":[{"href":"https:\/\/friburgonoticias.com.br\/temp\/wp-json\/wp\/v2\/posts"}],"about":[{"href":"https:\/\/friburgonoticias.com.br\/temp\/wp-json\/wp\/v2\/types\/post"}],"author":[{"embeddable":true,"href":"https:\/\/friburgonoticias.com.br\/temp\/wp-json\/wp\/v2\/users\/3"}],"replies":[{"embeddable":true,"href":"https:\/\/friburgonoticias.com.br\/temp\/wp-json\/wp\/v2\/comments?post=6264"}],"version-history":[{"count":0,"href":"https:\/\/friburgonoticias.com.br\/temp\/wp-json\/wp\/v2\/posts\/6264\/revisions"}],"wp:featuredmedia":[{"embeddable":true,"href":"https:\/\/friburgonoticias.com.br\/temp\/wp-json\/wp\/v2\/media\/6265"}],"wp:attachment":[{"href":"https:\/\/friburgonoticias.com.br\/temp\/wp-json\/wp\/v2\/media?parent=6264"}],"wp:term":[{"taxonomy":"category","embeddable":true,"href":"https:\/\/friburgonoticias.com.br\/temp\/wp-json\/wp\/v2\/categories?post=6264"},{"taxonomy":"post_tag","embeddable":true,"href":"https:\/\/friburgonoticias.com.br\/temp\/wp-json\/wp\/v2\/tags?post=6264"}],"curies":[{"name":"wp","href":"https:\/\/api.w.org\/{rel}","templated":true}]}}