{"id":6266,"date":"2025-12-08T20:58:08","date_gmt":"2025-12-08T20:58:08","guid":{"rendered":"https:\/\/friburgonoticias.com.br\/temp\/2025\/12\/08\/deputado-e-acusado-de-agredir-bombeiro-ao-ser-resgatado-de-elevador-com-defeito-na-alerj\/"},"modified":"2025-12-08T20:58:08","modified_gmt":"2025-12-08T20:58:08","slug":"deputado-e-acusado-de-agredir-bombeiro-ao-ser-resgatado-de-elevador-com-defeito-na-alerj","status":"publish","type":"post","link":"https:\/\/friburgonoticias.com.br\/temp\/2025\/12\/08\/deputado-e-acusado-de-agredir-bombeiro-ao-ser-resgatado-de-elevador-com-defeito-na-alerj\/","title":{"rendered":"Deputado \u00e9 acusado de agredir bombeiro ao ser resgatado de elevador com defeito na Alerj"},"content":{"rendered":"<p><\/p>\n<div itemprop=\"articleBody\">\nUm epis\u00f3dio envolvendo o deputado Renan Jordy (PL) provocou tumulto no final da tarde desta segunda-feira (08) na Assembleia Legislativa (Alerj), ap\u00f3s relatos de que o parlamentar teria dado um soco no peito de um bombeiro civil que o resgatava de um elevador engui\u00e7ado. O caso ocorreu logo depois da <a href=\"https:\/\/temporealrj.com\/em-sessao-tumultuada-deputados-aprovam-a-soltura-de-rodrigo-bacellar\/\">sess\u00e3o que decidiu pela soltura do presidente afastado da casa, Rodrigo Bacellar<\/a> (Uni\u00e3o).<\/p>\n<p>Segundo testemunhas, o elevador ficou parado por cerca de 15 minutos, com diversos deputados e assessores no interior da cabine. Entre eles estavam Sarah P\u00f4ncio (SDD), Lilian Behring (PCdoB) e o pr\u00f3prio Jordy.<\/p>\n<p>Quando o equipamento foi destravado pelo bombeiro da Defesa Civil da Alerj, chamado para abrir a porta manualmente, houve confus\u00e3o. Pessoas que presenciaram a cena relatam que o deputado saiu visivelmente alterado, sem camisa e muito suado, reclamando do tempo em que ficou preso.<\/p>\n<p>De acordo com os relatos, foi nesse momento que Jordy teria atingido o bombeiro com um soco no peito. A atitude gerou indigna\u00e7\u00e3o entre os que estavam presentes no local.<\/p>\n<h2 class=\"wp-block-heading\">Deputados do PSOL reagem em plen\u00e1rio e pedem provid\u00eancias<\/h2>\n<p>Ainda durante o plen\u00e1rio, os deputados Renata Souza e Fl\u00e1vio Serafini, do PSOL, comentaram o epis\u00f3dio e cobraram uma resposta oficial sobre o corrido. Renata anunciou que vai apresentar uma representa\u00e7\u00e3o para que o caso seja apurado.<\/p>\n<p>O incidente ocorreu cerca de 20 minutos depois da vota\u00e7\u00e3o que decidiu revogar a pris\u00e3o de Rodrigo Bacellar \u2014 uma sess\u00e3o que foi marcada por tens\u00e3o pol\u00edtica e forte presen\u00e7a de seguran\u00e7a.\n<\/p><\/div>\n<p><\/a><\/p>\n<p>Fonte: temporealrj.com<\/p>\n","protected":false},"excerpt":{"rendered":"<p>Um epis\u00f3dio envolvendo o deputado Renan Jordy (PL) provocou tumulto no final da tarde desta segunda-feira (08) na Assembleia Legislativa (Alerj), ap\u00f3s relatos de que o parlamentar teria dado um soco no peito de um bombeiro civil que o resgatava de um elevador engui\u00e7ado. O caso ocorreu logo depois da sess\u00e3o que decidiu pela soltura [&hellip;]<\/p>\n","protected":false},"author":3,"featured_media":6267,"comment_status":"open","ping_status":"open","sticky":false,"template":"","format":"standard","meta":{"advanced_seo_description":"","jetpack_seo_html_title":"","jetpack_seo_noindex":false,"fifu_image_url":"https:\/\/temporealrj.com\/wp-content\/uploads\/2025\/12\/dc85e2c8a82224368bddc68790addb56-e1765226794856.webp","fifu_image_alt":"","_jetpack_memberships_contains_paid_content":false,"footnotes":"","jetpack_publicize_message":"","jetpack_publicize_feature_enabled":true,"jetpack_social_post_already_shared":true,"jetpack_social_options":{"image_generator_settings":{"template":"highway","default_image_id":0,"font":"","enabled":false},"version":2}},"categories":[107],"tags":[],"class_list":{"0":"post-6266","1":"post","2":"type-post","3":"status-publish","4":"format-standard","5":"has-post-thumbnail","7":"category-economia"},"jetpack_publicize_connections":[],"jetpack_featured_media_url":"https:\/\/i0.wp.com\/temporealrj.com\/wp-content\/uploads\/2025\/12\/dc85e2c8a82224368bddc68790addb56-e1765226794856.webp?fit=%2C&ssl=1","jetpack_sharing_enabled":true,"jetpack-related-posts":[],"_links":{"self":[{"href":"https:\/\/friburgonoticias.com.br\/temp\/wp-json\/wp\/v2\/posts\/6266","targetHints":{"allow":["GET"]}}],"collection":[{"href":"https:\/\/friburgonoticias.com.br\/temp\/wp-json\/wp\/v2\/posts"}],"about":[{"href":"https:\/\/friburgonoticias.com.br\/temp\/wp-json\/wp\/v2\/types\/post"}],"author":[{"embeddable":true,"href":"https:\/\/friburgonoticias.com.br\/temp\/wp-json\/wp\/v2\/users\/3"}],"replies":[{"embeddable":true,"href":"https:\/\/friburgonoticias.com.br\/temp\/wp-json\/wp\/v2\/comments?post=6266"}],"version-history":[{"count":0,"href":"https:\/\/friburgonoticias.com.br\/temp\/wp-json\/wp\/v2\/posts\/6266\/revisions"}],"wp:featuredmedia":[{"embeddable":true,"href":"https:\/\/friburgonoticias.com.br\/temp\/wp-json\/wp\/v2\/media\/6267"}],"wp:attachment":[{"href":"https:\/\/friburgonoticias.com.br\/temp\/wp-json\/wp\/v2\/media?parent=6266"}],"wp:term":[{"taxonomy":"category","embeddable":true,"href":"https:\/\/friburgonoticias.com.br\/temp\/wp-json\/wp\/v2\/categories?post=6266"},{"taxonomy":"post_tag","embeddable":true,"href":"https:\/\/friburgonoticias.com.br\/temp\/wp-json\/wp\/v2\/tags?post=6266"}],"curies":[{"name":"wp","href":"https:\/\/api.w.org\/{rel}","templated":true}]}}