{"id":6268,"date":"2025-12-08T21:08:56","date_gmt":"2025-12-08T21:08:56","guid":{"rendered":"https:\/\/friburgonoticias.com.br\/temp\/2025\/12\/08\/unico-parlamentar-eleito-pelo-novo-no-rio-vereador-pedro-duarte-anuncia-nas-redes-sociais-que-esta-deixando-o-partido-2\/"},"modified":"2025-12-08T21:08:56","modified_gmt":"2025-12-08T21:08:56","slug":"unico-parlamentar-eleito-pelo-novo-no-rio-vereador-pedro-duarte-anuncia-nas-redes-sociais-que-esta-deixando-o-partido-2","status":"publish","type":"post","link":"https:\/\/friburgonoticias.com.br\/temp\/2025\/12\/08\/unico-parlamentar-eleito-pelo-novo-no-rio-vereador-pedro-duarte-anuncia-nas-redes-sociais-que-esta-deixando-o-partido-2\/","title":{"rendered":"\u00danico parlamentar eleito pelo Novo no Rio, vereador Pedro Duarte anuncia nas redes sociais que est\u00e1 deixando o partido"},"content":{"rendered":"<p><\/p>\n<div itemprop=\"articleBody\">\nO vereador Pedro Duarte anunciou nas redes sociais, na tarde desta segunda-feira (08), que est\u00e1 deixando o partido ap\u00f3s sete anos de filia\u00e7\u00e3o e dois mandatos. Pedro \u00e9 o \u00fanico parlamentar em atividade eleito pelo Novo no Rio. Recentemente, o partido recebeu a filia\u00e7\u00e3o do deputado federal Luiz Lima, egresso do PL.<\/p>\n<p>De acordo com o colunista Ancelmo G\u00f3es, do jornal \u201cO Globo\u201d, a sa\u00edda do vereador aconteceu em comum acordo. Ele acaba de se desfiliar e recebeu do partido uma carta de libera\u00e7\u00e3o. Com isso, afasta a possibilidade de perder o mandato. <\/p>\n<p>Pedro afirma que o Novo vive um processo de radicaliza\u00e7\u00e3o pol\u00edtica e denuncia patrulhamento ideol\u00f3gico sobre o seu mandato, com direito a ataques em redes sociais e em grupos de WhatsApp. Por ter votado contra o projeto que proibia a presen\u00e7a de adolescentes em eventos LGBTQIA+, por exemplo, <a href=\"https:\/\/temporealrj.com\/e-treta-voto-do-vereador-pedro-duarte-contra-o-projeto-que-proibia-adolescentes-em-eventos-lgbtqia-desagrada-conservadores-do-novo\/\">Pedro foi atacado<\/a> por Luiz Lima e pela advogada Carol Sponza, que foi a candidata do Novo \u00e0 Prefeitura do Rio.<\/p>\n<p>O vereador tamb\u00e9m criticou a falta de autonomia para organizar uma nominata competitiva para a elei\u00e7\u00e3o de 2026, na qual se apresenta como pr\u00e9-candidato a deputado estadual. <\/p>\n<h2 class=\"wp-block-heading\">Presidente do PSD disse, na semana passada, que Pedro Duarte est\u00e1 de malas prontas para o partido de Paes<\/h2>\n<p>Em discurso de agradecimento pelo pr\u00eamio L\u00edderes Regionais, do Lide Rio de Janeiro, o deputado federal e presidente estadual do PSD, Pedro Paulo, lan\u00e7ou uma galhofa ao ver Pedro Duarte na plateia, no Hotel Fairmont, na \u00faltima sexta-feira (05).<\/p>\n<p>O deputado disse que o xar\u00e1 estava de malas prontas para o PSD.<\/p>\n<p>N\u00e3o foi a primeira vez que a turma de Paes tratou como piada a possibilidade de filiar Duarte \u2014 que, durante um bom tempo, foi um dos principais nomes de oposi\u00e7\u00e3o na C\u00e2mara do Rio.<\/p>\n<p>Mas, agora, a brincadeirinha parece muito mais perto de se tornar realidade.\n<\/p><\/div>\n<p><\/a><\/p>\n<p>Fonte: temporealrj.com<\/p>\n","protected":false},"excerpt":{"rendered":"<p>O vereador Pedro Duarte anunciou nas redes sociais, na tarde desta segunda-feira (08), que est\u00e1 deixando o partido ap\u00f3s sete anos de filia\u00e7\u00e3o e dois mandatos. Pedro \u00e9 o \u00fanico parlamentar em atividade eleito pelo Novo no Rio. Recentemente, o partido recebeu a filia\u00e7\u00e3o do deputado federal Luiz Lima, egresso do PL. De acordo com [&hellip;]<\/p>\n","protected":false},"author":3,"featured_media":6269,"comment_status":"open","ping_status":"open","sticky":false,"template":"","format":"standard","meta":{"advanced_seo_description":"","jetpack_seo_html_title":"","jetpack_seo_noindex":false,"fifu_image_url":"https:\/\/temporealrj.com\/wp-content\/uploads\/2025\/09\/WhatsApp-Image-2025-09-02-at-10.12.39.jpeg","fifu_image_alt":"","_jetpack_memberships_contains_paid_content":false,"footnotes":"","jetpack_publicize_message":"","jetpack_publicize_feature_enabled":true,"jetpack_social_post_already_shared":true,"jetpack_social_options":{"image_generator_settings":{"template":"highway","default_image_id":0,"font":"","enabled":false},"version":2}},"categories":[107],"tags":[],"class_list":{"0":"post-6268","1":"post","2":"type-post","3":"status-publish","4":"format-standard","5":"has-post-thumbnail","7":"category-economia"},"jetpack_publicize_connections":[],"jetpack_featured_media_url":"https:\/\/i0.wp.com\/temporealrj.com\/wp-content\/uploads\/2025\/09\/WhatsApp-Image-2025-09-02-at-10.12.39.jpeg?fit=%2C&ssl=1","jetpack_sharing_enabled":true,"jetpack-related-posts":[],"_links":{"self":[{"href":"https:\/\/friburgonoticias.com.br\/temp\/wp-json\/wp\/v2\/posts\/6268","targetHints":{"allow":["GET"]}}],"collection":[{"href":"https:\/\/friburgonoticias.com.br\/temp\/wp-json\/wp\/v2\/posts"}],"about":[{"href":"https:\/\/friburgonoticias.com.br\/temp\/wp-json\/wp\/v2\/types\/post"}],"author":[{"embeddable":true,"href":"https:\/\/friburgonoticias.com.br\/temp\/wp-json\/wp\/v2\/users\/3"}],"replies":[{"embeddable":true,"href":"https:\/\/friburgonoticias.com.br\/temp\/wp-json\/wp\/v2\/comments?post=6268"}],"version-history":[{"count":0,"href":"https:\/\/friburgonoticias.com.br\/temp\/wp-json\/wp\/v2\/posts\/6268\/revisions"}],"wp:featuredmedia":[{"embeddable":true,"href":"https:\/\/friburgonoticias.com.br\/temp\/wp-json\/wp\/v2\/media\/6269"}],"wp:attachment":[{"href":"https:\/\/friburgonoticias.com.br\/temp\/wp-json\/wp\/v2\/media?parent=6268"}],"wp:term":[{"taxonomy":"category","embeddable":true,"href":"https:\/\/friburgonoticias.com.br\/temp\/wp-json\/wp\/v2\/categories?post=6268"},{"taxonomy":"post_tag","embeddable":true,"href":"https:\/\/friburgonoticias.com.br\/temp\/wp-json\/wp\/v2\/tags?post=6268"}],"curies":[{"name":"wp","href":"https:\/\/api.w.org\/{rel}","templated":true}]}}