{"id":6270,"date":"2025-12-08T22:43:05","date_gmt":"2025-12-08T22:43:05","guid":{"rendered":"https:\/\/friburgonoticias.com.br\/temp\/2025\/12\/08\/lei-cria-estrategia-no-sus-para-atender-mulheres-com-dependencia-de-alcool-noticias\/"},"modified":"2025-12-08T22:43:05","modified_gmt":"2025-12-08T22:43:05","slug":"lei-cria-estrategia-no-sus-para-atender-mulheres-com-dependencia-de-alcool-noticias","status":"publish","type":"post","link":"https:\/\/friburgonoticias.com.br\/temp\/2025\/12\/08\/lei-cria-estrategia-no-sus-para-atender-mulheres-com-dependencia-de-alcool-noticias\/","title":{"rendered":"Lei cria estrat\u00e9gia no SUS para atender mulheres com depend\u00eancia de \u00e1lcool &#8211; Not\u00edcias"},"content":{"rendered":"<p><\/p>\n<div>\n<div>\n<p class=\"g-artigo__data-hora\">\n                      08\/12\/2025 &#8211; 18:57 \u00a0\n                    <\/p>\n<div id=\"image-container-1230876\" class=\"image-container\" style=\"float: none; margin: 45px 0px; width: 100%;\" data-midia=\"1230876\">\n        <em>Kayo Magalh\u00e3es \/ C\u00e2mara dos Deputados<\/em><\/p>\n<p>        Deputado Alberto Neto \u00e9 autor do projeto que deu origem \u00e0 nova lei\n        <\/p><\/div>\n<p>        O presidente Luiz In\u00e1cio Lula da Silva sancionou, na sexta-feira (5), a <a class=\"linkLegislacao\" href=\"https:\/\/www2.camara.gov.br\/legin\/fed\/lei\/2025\/lei-15281-5-dezembro-2025-798429-norma-pl.html\">Lei 15.281\/25<\/a>, que cria no Sistema \u00danico de Sa\u00fade (SUS) uma estrat\u00e9gia de atendimento para mulheres que usam ou dependem de \u00e1lcool, com prioridade para gestantes e pu\u00e9rperas.<br \/>\n        A norma foi publicada no Di\u00e1rio Oficial da Uni\u00e3o nesta segunda-feira (8) e inclui essas diretrizes na <a class=\"linkLegislacao\" href=\"https:\/\/www2.camara.gov.br\/legin\/fed\/lei\/2006\/lei-11343-23-agosto-2006-545399-norma-pl.html\">Lei 11.343\/06<\/a>, que instituiu o Sistema Nacional de Pol\u00edticas P\u00fablicas sobre Drogas. O texto determina que o atendimento seja multiprofissional e interdisciplinar.<br \/>\n        A nova lei tem origem no Projeto de Lei 2880\/23, do deputado Capit\u00e3o Alberto Neto (PL-AM). Segundo o parlamentar, a medida deve melhorar o suporte oferecido \u00e0s mulheres, com cuidados mais adequados e espec\u00edficos.<\/p>\n<p style=\"font-size: 0.8rem; font-weight: 700;\">Da Reda\u00e7\u00e3o &#8211; GM<\/p>\n<\/p><\/div>\n<\/p><\/div>\n<p><\/a><\/p>\n<p>Fonte: www.camara.leg.br<\/p>\n","protected":false},"excerpt":{"rendered":"<p>08\/12\/2025 &#8211; 18:57 \u00a0 Kayo Magalh\u00e3es \/ C\u00e2mara dos Deputados Deputado Alberto Neto \u00e9 autor do projeto que deu origem \u00e0 nova lei O presidente Luiz In\u00e1cio Lula da Silva sancionou, na sexta-feira (5), a Lei 15.281\/25, que cria no Sistema \u00danico de Sa\u00fade (SUS) uma estrat\u00e9gia de atendimento para mulheres que usam ou dependem [&hellip;]<\/p>\n","protected":false},"author":3,"featured_media":6271,"comment_status":"open","ping_status":"open","sticky":false,"template":"","format":"standard","meta":{"advanced_seo_description":"","jetpack_seo_html_title":"","jetpack_seo_noindex":false,"fifu_image_url":"https:\/\/www.camara.leg.br\/midias\/image\/2025\/12\/img20251202201602355-768x473.jpg","fifu_image_alt":"","_jetpack_memberships_contains_paid_content":false,"footnotes":"","jetpack_publicize_message":"","jetpack_publicize_feature_enabled":true,"jetpack_social_post_already_shared":true,"jetpack_social_options":{"image_generator_settings":{"template":"highway","default_image_id":0,"font":"","enabled":false},"version":2}},"categories":[106,1],"tags":[],"class_list":{"0":"post-6270","1":"post","2":"type-post","3":"status-publish","4":"format-standard","5":"has-post-thumbnail","7":"category-politica","8":"category-uncategorized"},"jetpack_publicize_connections":[],"jetpack_featured_media_url":"https:\/\/i0.wp.com\/www.camara.leg.br\/midias\/image\/2025\/12\/img20251202201602355-768x473.jpg?fit=%2C&ssl=1","jetpack_sharing_enabled":true,"jetpack-related-posts":[],"_links":{"self":[{"href":"https:\/\/friburgonoticias.com.br\/temp\/wp-json\/wp\/v2\/posts\/6270","targetHints":{"allow":["GET"]}}],"collection":[{"href":"https:\/\/friburgonoticias.com.br\/temp\/wp-json\/wp\/v2\/posts"}],"about":[{"href":"https:\/\/friburgonoticias.com.br\/temp\/wp-json\/wp\/v2\/types\/post"}],"author":[{"embeddable":true,"href":"https:\/\/friburgonoticias.com.br\/temp\/wp-json\/wp\/v2\/users\/3"}],"replies":[{"embeddable":true,"href":"https:\/\/friburgonoticias.com.br\/temp\/wp-json\/wp\/v2\/comments?post=6270"}],"version-history":[{"count":0,"href":"https:\/\/friburgonoticias.com.br\/temp\/wp-json\/wp\/v2\/posts\/6270\/revisions"}],"wp:featuredmedia":[{"embeddable":true,"href":"https:\/\/friburgonoticias.com.br\/temp\/wp-json\/wp\/v2\/media\/6271"}],"wp:attachment":[{"href":"https:\/\/friburgonoticias.com.br\/temp\/wp-json\/wp\/v2\/media?parent=6270"}],"wp:term":[{"taxonomy":"category","embeddable":true,"href":"https:\/\/friburgonoticias.com.br\/temp\/wp-json\/wp\/v2\/categories?post=6270"},{"taxonomy":"post_tag","embeddable":true,"href":"https:\/\/friburgonoticias.com.br\/temp\/wp-json\/wp\/v2\/tags?post=6270"}],"curies":[{"name":"wp","href":"https:\/\/api.w.org\/{rel}","templated":true}]}}