{"id":6310,"date":"2025-12-09T20:24:11","date_gmt":"2025-12-09T20:24:11","guid":{"rendered":"https:\/\/friburgonoticias.com.br\/temp\/2025\/12\/09\/bacellar-sera-solto-mas-e-afastado-da-presidencia-da-alerj-e-tera-que-usar-tornozeleira-eletronica\/"},"modified":"2025-12-09T20:24:11","modified_gmt":"2025-12-09T20:24:11","slug":"bacellar-sera-solto-mas-e-afastado-da-presidencia-da-alerj-e-tera-que-usar-tornozeleira-eletronica","status":"publish","type":"post","link":"https:\/\/friburgonoticias.com.br\/temp\/2025\/12\/09\/bacellar-sera-solto-mas-e-afastado-da-presidencia-da-alerj-e-tera-que-usar-tornozeleira-eletronica\/","title":{"rendered":"Bacellar ser\u00e1 solto, mas \u00e9 afastado da presid\u00eancia da Alerj e ter\u00e1 que usar tornozeleira eletr\u00f4nica"},"content":{"rendered":"<p><\/p>\n<div itemprop=\"articleBody\">\nO ministro Alexandre de Moraes autorizou a soltura de Rodrigo Bacellar (Uni\u00e3o), que havia sido preso preventivamente por suspeita de vazar informa\u00e7\u00f5es de uma opera\u00e7\u00e3o da Pol\u00edcia Federal contra TH Joias, investigado por tr\u00e1fico internacional.<\/p>\n<p>A libera\u00e7\u00e3o, por\u00e9m, veio acompanhada de condi\u00e7\u00f5es: Bacellar n\u00e3o poder\u00e1 se comunicar com outros investigados do caso, dever\u00e1 entregar todos os passaportes em at\u00e9 24 horas, ter\u00e1 suspensos documentos de porte de armas e dever\u00e1 justificar eventuais aus\u00eancias em sess\u00f5es ou vota\u00e7\u00f5es da Alerj no mesmo prazo.<\/p>\n<p>O descumprimento de qualquer medida poder\u00e1 levar \u00e0 pris\u00e3o imediata e \u00e0 aplica\u00e7\u00e3o de multa di\u00e1ria de R$ 50 mil.<\/p>\n<p>A revoga\u00e7\u00e3o da pris\u00e3o do presidente da Assembleia Legislativa (Alerj) havia sido<a href=\"https:\/\/temporealrj.com\/em-sessao-tumultuada-deputados-aprovam-a-soltura-de-rodrigo-bacellar\/\"> aprovada pela maioria dos deputados<\/a>. Dos 65 parlamentares que votaram, foram 42 votos a favor, 21 contra e 2 absten\u00e7\u00f5es.<\/p>\n<p>Com isso, o deputado poder\u00e1 responder \u00e0s investiga\u00e7\u00f5es da PF em liberdade, mas permanece impedido de retornar ao cargo de presidente da Alerj.<\/p>\n<p><em>EM ATUALIZA\u00c7\u00c3O<\/em>\n<\/div>\n<p><\/a><\/p>\n<p>Fonte: temporealrj.com<\/p>\n","protected":false},"excerpt":{"rendered":"<p>O ministro Alexandre de Moraes autorizou a soltura de Rodrigo Bacellar (Uni\u00e3o), que havia sido preso preventivamente por suspeita de vazar informa\u00e7\u00f5es de uma opera\u00e7\u00e3o da Pol\u00edcia Federal contra TH Joias, investigado por tr\u00e1fico internacional. A libera\u00e7\u00e3o, por\u00e9m, veio acompanhada de condi\u00e7\u00f5es: Bacellar n\u00e3o poder\u00e1 se comunicar com outros investigados do caso, dever\u00e1 entregar todos [&hellip;]<\/p>\n","protected":false},"author":3,"featured_media":6311,"comment_status":"open","ping_status":"open","sticky":false,"template":"","format":"standard","meta":{"advanced_seo_description":"","jetpack_seo_html_title":"","jetpack_seo_noindex":false,"fifu_image_url":"https:\/\/temporealrj.com\/wp-content\/uploads\/2025\/12\/rodrigo_bacellar2-36729885-1024x682-1.jpeg","fifu_image_alt":"","_jetpack_memberships_contains_paid_content":false,"footnotes":"","jetpack_publicize_message":"","jetpack_publicize_feature_enabled":true,"jetpack_social_post_already_shared":true,"jetpack_social_options":{"image_generator_settings":{"template":"highway","default_image_id":0,"font":"","enabled":false},"version":2}},"categories":[107],"tags":[],"class_list":{"0":"post-6310","1":"post","2":"type-post","3":"status-publish","4":"format-standard","5":"has-post-thumbnail","7":"category-economia"},"jetpack_publicize_connections":[],"jetpack_featured_media_url":"https:\/\/i0.wp.com\/temporealrj.com\/wp-content\/uploads\/2025\/12\/rodrigo_bacellar2-36729885-1024x682-1.jpeg?fit=%2C&ssl=1","jetpack_sharing_enabled":true,"jetpack-related-posts":[],"_links":{"self":[{"href":"https:\/\/friburgonoticias.com.br\/temp\/wp-json\/wp\/v2\/posts\/6310","targetHints":{"allow":["GET"]}}],"collection":[{"href":"https:\/\/friburgonoticias.com.br\/temp\/wp-json\/wp\/v2\/posts"}],"about":[{"href":"https:\/\/friburgonoticias.com.br\/temp\/wp-json\/wp\/v2\/types\/post"}],"author":[{"embeddable":true,"href":"https:\/\/friburgonoticias.com.br\/temp\/wp-json\/wp\/v2\/users\/3"}],"replies":[{"embeddable":true,"href":"https:\/\/friburgonoticias.com.br\/temp\/wp-json\/wp\/v2\/comments?post=6310"}],"version-history":[{"count":0,"href":"https:\/\/friburgonoticias.com.br\/temp\/wp-json\/wp\/v2\/posts\/6310\/revisions"}],"wp:featuredmedia":[{"embeddable":true,"href":"https:\/\/friburgonoticias.com.br\/temp\/wp-json\/wp\/v2\/media\/6311"}],"wp:attachment":[{"href":"https:\/\/friburgonoticias.com.br\/temp\/wp-json\/wp\/v2\/media?parent=6310"}],"wp:term":[{"taxonomy":"category","embeddable":true,"href":"https:\/\/friburgonoticias.com.br\/temp\/wp-json\/wp\/v2\/categories?post=6310"},{"taxonomy":"post_tag","embeddable":true,"href":"https:\/\/friburgonoticias.com.br\/temp\/wp-json\/wp\/v2\/tags?post=6310"}],"curies":[{"name":"wp","href":"https:\/\/api.w.org\/{rel}","templated":true}]}}