{"id":6314,"date":"2025-12-09T20:58:06","date_gmt":"2025-12-09T20:58:06","guid":{"rendered":"https:\/\/friburgonoticias.com.br\/temp\/2025\/12\/09\/flavio-bolsonaro-afirma-que-nao-vai-abrir-mao-da-candidatura-a-presidencia-e-irreversivel\/"},"modified":"2025-12-09T20:58:06","modified_gmt":"2025-12-09T20:58:06","slug":"flavio-bolsonaro-afirma-que-nao-vai-abrir-mao-da-candidatura-a-presidencia-e-irreversivel","status":"publish","type":"post","link":"https:\/\/friburgonoticias.com.br\/temp\/2025\/12\/09\/flavio-bolsonaro-afirma-que-nao-vai-abrir-mao-da-candidatura-a-presidencia-e-irreversivel\/","title":{"rendered":"Fl\u00e1vio Bolsonaro afirma que n\u00e3o vai abrir m\u00e3o da candidatura \u00e0 Presid\u00eancia: &#8216;\u00c9 irrevers\u00edvel&#8217;"},"content":{"rendered":"<p><\/p>\n<div itemprop=\"articleBody\">\nNesta ter\u00e7a-feira (9), Fl\u00e1vio Bolsonaro (PL) voltou a falar sobre a sua <a href=\"https:\/\/temporealrj.com\/jair-bolsonaro-anuncia-que-flavio-sera-seu-candidato-a-presidencia-da-republica-em-2026\/\" target=\"_blank\" rel=\"noreferrer noopener\">pr\u00e9-candidatura \u00e0 Presid\u00eancia<\/a>. O senador do Rio de Janeiro afirmou que vai concorrer ao cargo nas elei\u00e7\u00f5es de 2026 e que a decis\u00e3o \u00e9 \u201cirrevers\u00edvel\u201d. No domingo, o parlamentar tinha afirmado que sua candidatura tinha um pre\u00e7o e deixou a entender que a moeda de troca seria a concess\u00e3o de anistia a Jair Bolsonaro pelo congresso.<\/p>\n<p>Ap\u00f3s visitar Jair Bolsonaro, que est\u00e1 preso na Superintend\u00eancia da Pol\u00edcia Federal, em Bras\u00edlia, Fl\u00e1vio falou com a imprensa do lado de fora do pr\u00e9dio e detalhou a conversa que teve com o pai.<\/p>\n<p>\u201cFalei pra ele do \u00e2nimo generalizado da nossa milit\u00e2ncia que estava de cabe\u00e7a baixa, estava angustiada, sem um norte pra seguir. Agora, como o presidente Bolsonaro deu esse norte, ent\u00e3o falei que essa candidatura \u00e9 irrevers\u00edvel. Palavras dele, n\u00e3o vamos voltar atr\u00e1s. Vamos seguir em frente\u201d, disse Fl\u00e1vio Bolsonaro.<\/p>\n<h2 class=\"wp-block-heading\">Fl\u00e1vio Bolsonaro foi confirmado como candidato \u00e0 Presid\u00eancia na sexta-feira (5)<a href=\"https:\/\/www.facebook.com\/sharer.php?u=https%3A%2F%2Ftemporealrj.com%2Fjair-bolsonaro-anuncia-que-flavio-sera-seu-candidato-a-presidencia-da-republica-em-2026%2F\"><br \/><\/a><a href=\"https:\/\/twitter.com\/intent\/tweet?text=Jair+Bolsonaro+anuncia+que+Fl%C3%A1vio+ser%C3%A1+seu+candidato+%C3%A0+Presid%C3%AAncia+da+Rep%C3%BAblica+em+2026&amp;url=https%3A%2F%2Ftemporealrj.com%2Fjair-bolsonaro-anuncia-que-flavio-sera-seu-candidato-a-presidencia-da-republica-em-2026%2F&amp;via=Tempo+Real\"\/><a href=\"https:\/\/temporealrj.com\/jair-bolsonaro-anuncia-que-flavio-sera-seu-candidato-a-presidencia-da-republica-em-2026\/#\"\/><a href=\"https:\/\/temporealrj.com\/flavio-bolsonaro-afirma-que-nao-vai-abrir-mao-da-candidatura-a-presidencia-e-irreversivel\/javascript:if(window.print)window.print()\"\/><a href=\"https:\/\/temporealrj.com\/jair-bolsonaro-anuncia-que-flavio-sera-seu-candidato-a-presidencia-da-republica-em-2026\/#\"\/><\/h2>\n<p>Na sexta-feira (5), o <a href=\"https:\/\/temporealrj.com\/stf-mantem-condenacao-de-jair-bolsonaro-por-tentativa-de-golpe-de-estado\/\" target=\"_blank\" rel=\"noreferrer noopener\">ex-presidente Jair Bolsonaro (PL)\u00a0<\/a>anunciou a aliados que seu filho mais velho, o\u00a0senador Fl\u00e1vio Bolsonaro (PL), ser\u00e1 seu candidato \u00e0 Presid\u00eancia da Rep\u00fablica nas elei\u00e7\u00f5es de 2026.<\/p>\n<p>Foi a a primeira vez que Bolsonaro se manifestou publicamente essa inten\u00e7\u00e3o. Segundo ele, Fl\u00e1vio deve ganhar for\u00e7a pol\u00edtica \u00e0 medida que se posicione como pr\u00e9-candidato ao Pal\u00e1cio do Planalto e intensifique suas agendas pelo pa\u00eds.\n<\/p><\/div>\n<p><script async src=\"\/\/platform.twitter.com\/widgets.js\" charset=\"utf-8\"><\/script><br \/>\n<br \/><\/a><\/p>\n<p>Fonte: temporealrj.com<\/p>\n","protected":false},"excerpt":{"rendered":"<p>Nesta ter\u00e7a-feira (9), Fl\u00e1vio Bolsonaro (PL) voltou a falar sobre a sua pr\u00e9-candidatura \u00e0 Presid\u00eancia. O senador do Rio de Janeiro afirmou que vai concorrer ao cargo nas elei\u00e7\u00f5es de 2026 e que a decis\u00e3o \u00e9 \u201cirrevers\u00edvel\u201d. No domingo, o parlamentar tinha afirmado que sua candidatura tinha um pre\u00e7o e deixou a entender que a [&hellip;]<\/p>\n","protected":false},"author":3,"featured_media":6315,"comment_status":"open","ping_status":"open","sticky":false,"template":"","format":"standard","meta":{"advanced_seo_description":"","jetpack_seo_html_title":"","jetpack_seo_noindex":false,"fifu_image_url":"https:\/\/temporealrj.com\/wp-content\/uploads\/2025\/02\/WhatsApp-Image-2025-02-26-at-21.34.59-e1740618215579.jpeg","fifu_image_alt":"","_jetpack_memberships_contains_paid_content":false,"footnotes":"","jetpack_publicize_message":"","jetpack_publicize_feature_enabled":true,"jetpack_social_post_already_shared":true,"jetpack_social_options":{"image_generator_settings":{"template":"highway","default_image_id":0,"font":"","enabled":false},"version":2}},"categories":[106,1],"tags":[],"class_list":{"0":"post-6314","1":"post","2":"type-post","3":"status-publish","4":"format-standard","5":"has-post-thumbnail","7":"category-politica","8":"category-uncategorized"},"jetpack_publicize_connections":[],"jetpack_featured_media_url":"https:\/\/i0.wp.com\/temporealrj.com\/wp-content\/uploads\/2025\/02\/WhatsApp-Image-2025-02-26-at-21.34.59-e1740618215579.jpeg?fit=%2C&ssl=1","jetpack_sharing_enabled":true,"jetpack-related-posts":[],"_links":{"self":[{"href":"https:\/\/friburgonoticias.com.br\/temp\/wp-json\/wp\/v2\/posts\/6314","targetHints":{"allow":["GET"]}}],"collection":[{"href":"https:\/\/friburgonoticias.com.br\/temp\/wp-json\/wp\/v2\/posts"}],"about":[{"href":"https:\/\/friburgonoticias.com.br\/temp\/wp-json\/wp\/v2\/types\/post"}],"author":[{"embeddable":true,"href":"https:\/\/friburgonoticias.com.br\/temp\/wp-json\/wp\/v2\/users\/3"}],"replies":[{"embeddable":true,"href":"https:\/\/friburgonoticias.com.br\/temp\/wp-json\/wp\/v2\/comments?post=6314"}],"version-history":[{"count":0,"href":"https:\/\/friburgonoticias.com.br\/temp\/wp-json\/wp\/v2\/posts\/6314\/revisions"}],"wp:featuredmedia":[{"embeddable":true,"href":"https:\/\/friburgonoticias.com.br\/temp\/wp-json\/wp\/v2\/media\/6315"}],"wp:attachment":[{"href":"https:\/\/friburgonoticias.com.br\/temp\/wp-json\/wp\/v2\/media?parent=6314"}],"wp:term":[{"taxonomy":"category","embeddable":true,"href":"https:\/\/friburgonoticias.com.br\/temp\/wp-json\/wp\/v2\/categories?post=6314"},{"taxonomy":"post_tag","embeddable":true,"href":"https:\/\/friburgonoticias.com.br\/temp\/wp-json\/wp\/v2\/tags?post=6314"}],"curies":[{"name":"wp","href":"https:\/\/api.w.org\/{rel}","templated":true}]}}