{"id":6318,"date":"2025-12-09T22:15:47","date_gmt":"2025-12-09T22:15:47","guid":{"rendered":"https:\/\/friburgonoticias.com.br\/temp\/2025\/12\/09\/advogada-citada-por-th-em-mensagem-a-bacellar-e-uma-das-indicadas-para-compor-o-tre\/"},"modified":"2025-12-09T22:15:47","modified_gmt":"2025-12-09T22:15:47","slug":"advogada-citada-por-th-em-mensagem-a-bacellar-e-uma-das-indicadas-para-compor-o-tre","status":"publish","type":"post","link":"https:\/\/friburgonoticias.com.br\/temp\/2025\/12\/09\/advogada-citada-por-th-em-mensagem-a-bacellar-e-uma-das-indicadas-para-compor-o-tre\/","title":{"rendered":"Advogada citada por TH em mensagem a Bacellar \u00e9 uma das indicadas para compor o TRE"},"content":{"rendered":"<p><\/p>\n<div itemprop=\"articleBody\">\nA leitura atenta da decis\u00e3o do ministro Alexandre de Moraes, do Supremo Tribunal Federal (STF), que levou \u00e0 cadeia o presidente da Assembleia Legislativa, Rodrigo Bacellar (Uni\u00e3o), continua provocando muitos coment\u00e1rios e especula\u00e7\u00f5es. <\/p>\n<p>E nem s\u00f3 nos meios politicos.<\/p>\n<p>Entre advogados e ju\u00edzes, a surpresa recaiu sobre uma mensagem que o ex-deputado TH Joias enviou a Bacellar, em setembro, no dia da <a href=\"https:\/\/temporealrj.com\/deputado-th-joias-e-preso-em-condominio-de-luxo-na-barra-da-tijuca\/\">opera\u00e7\u00e3o que resultou na sua pris\u00e3o<\/a> por tr\u00e1fico internacional de drogas, corrup\u00e7\u00e3o, lavagem de dinheiro e fornecimento de armas \u00e0 fac\u00e7\u00e3o criminosa Comando Vermelho.<\/p>\n<p>O ent\u00e3o deputado manda fotos dos policiais em sua resid\u00eancia na Barra da Tijuca (que ele teria deixado \u00e0s pressas, na v\u00e9spera da opera\u00e7\u00e3o), o n\u00famero de Samara Ohanne, e o aviso: \u201cminha advogada\u201d.<\/p>\n<h2 class=\"wp-block-heading\">A lista que inclui o nome da advogada citada por TH j\u00e1 est\u00e1 no TSE<\/h2>\n<p>Samara Ohanne foi indicada pelo Tribunal de Justi\u00e7a do Rio para o Tribunal Regional Eleitoral (TRE-RJ) na classe dos juristas. <\/p>\n<p>A lista j\u00e1 est\u00e1 com o Tribunal Superior Eleitoral (TSE).<\/p>\n<p>Se passar, vai para o presidente Lula (PT).<\/p>\n<figure class=\"wp-block-image size-full\"><img loading=\"lazy\" decoding=\"async\" width=\"835\" height=\"638\" src=\"https:\/\/temporealrj.com\/wp-content\/uploads\/2025\/12\/WhatsApp-Image-2025-12-03-at-17.18.16-1.jpeg\" alt=\"WhatsApp Image 2025 12 03 at 17.18.16 1\" class=\"wp-image-108856\" title=\"Advogada citada por TH em mensagem a Bacellar \u00e9 uma das indicadas para compor o TRE 62\" srcset=\"https:\/\/temporealrj.com\/wp-content\/uploads\/2025\/12\/WhatsApp-Image-2025-12-03-at-17.18.16-1.jpeg 835w, https:\/\/temporealrj.com\/wp-content\/uploads\/2025\/12\/WhatsApp-Image-2025-12-03-at-17.18.16-1-300x229.jpeg 300w, https:\/\/temporealrj.com\/wp-content\/uploads\/2025\/12\/WhatsApp-Image-2025-12-03-at-17.18.16-1-768x587.jpeg 768w\" sizes=\"auto, (max-width: 835px) 100vw, 835px\"\/><\/figure>\n<\/div>\n<p><\/a><\/p>\n<p>Fonte: temporealrj.com<\/p>\n","protected":false},"excerpt":{"rendered":"<p>A leitura atenta da decis\u00e3o do ministro Alexandre de Moraes, do Supremo Tribunal Federal (STF), que levou \u00e0 cadeia o presidente da Assembleia Legislativa, Rodrigo Bacellar (Uni\u00e3o), continua provocando muitos coment\u00e1rios e especula\u00e7\u00f5es. E nem s\u00f3 nos meios politicos. Entre advogados e ju\u00edzes, a surpresa recaiu sobre uma mensagem que o ex-deputado TH Joias enviou [&hellip;]<\/p>\n","protected":false},"author":3,"featured_media":6319,"comment_status":"open","ping_status":"open","sticky":false,"template":"","format":"standard","meta":{"advanced_seo_description":"","jetpack_seo_html_title":"","jetpack_seo_noindex":false,"fifu_image_url":"https:\/\/temporealrj.com\/wp-content\/uploads\/2025\/03\/geral_20_03_2025_ThiagoLontra-17-scaled-e1742506723946.jpg","fifu_image_alt":"","_jetpack_memberships_contains_paid_content":false,"footnotes":"","jetpack_publicize_message":"","jetpack_publicize_feature_enabled":true,"jetpack_social_post_already_shared":true,"jetpack_social_options":{"image_generator_settings":{"template":"highway","default_image_id":0,"font":"","enabled":false},"version":2}},"categories":[107],"tags":[],"class_list":{"0":"post-6318","1":"post","2":"type-post","3":"status-publish","4":"format-standard","5":"has-post-thumbnail","7":"category-economia"},"jetpack_publicize_connections":[],"jetpack_featured_media_url":"https:\/\/i0.wp.com\/temporealrj.com\/wp-content\/uploads\/2025\/03\/geral_20_03_2025_ThiagoLontra-17-scaled-e1742506723946.jpg?fit=%2C&ssl=1","jetpack_sharing_enabled":true,"jetpack-related-posts":[],"_links":{"self":[{"href":"https:\/\/friburgonoticias.com.br\/temp\/wp-json\/wp\/v2\/posts\/6318","targetHints":{"allow":["GET"]}}],"collection":[{"href":"https:\/\/friburgonoticias.com.br\/temp\/wp-json\/wp\/v2\/posts"}],"about":[{"href":"https:\/\/friburgonoticias.com.br\/temp\/wp-json\/wp\/v2\/types\/post"}],"author":[{"embeddable":true,"href":"https:\/\/friburgonoticias.com.br\/temp\/wp-json\/wp\/v2\/users\/3"}],"replies":[{"embeddable":true,"href":"https:\/\/friburgonoticias.com.br\/temp\/wp-json\/wp\/v2\/comments?post=6318"}],"version-history":[{"count":0,"href":"https:\/\/friburgonoticias.com.br\/temp\/wp-json\/wp\/v2\/posts\/6318\/revisions"}],"wp:featuredmedia":[{"embeddable":true,"href":"https:\/\/friburgonoticias.com.br\/temp\/wp-json\/wp\/v2\/media\/6319"}],"wp:attachment":[{"href":"https:\/\/friburgonoticias.com.br\/temp\/wp-json\/wp\/v2\/media?parent=6318"}],"wp:term":[{"taxonomy":"category","embeddable":true,"href":"https:\/\/friburgonoticias.com.br\/temp\/wp-json\/wp\/v2\/categories?post=6318"},{"taxonomy":"post_tag","embeddable":true,"href":"https:\/\/friburgonoticias.com.br\/temp\/wp-json\/wp\/v2\/tags?post=6318"}],"curies":[{"name":"wp","href":"https:\/\/api.w.org\/{rel}","templated":true}]}}