{"id":6320,"date":"2025-12-09T22:24:38","date_gmt":"2025-12-09T22:24:38","guid":{"rendered":"https:\/\/friburgonoticias.com.br\/temp\/2025\/12\/09\/transferencia-de-r-50-milhoes-da-camara-para-a-saude-do-rio-e-aprovada-em-primeira-votacao\/"},"modified":"2025-12-09T22:24:38","modified_gmt":"2025-12-09T22:24:38","slug":"transferencia-de-r-50-milhoes-da-camara-para-a-saude-do-rio-e-aprovada-em-primeira-votacao","status":"publish","type":"post","link":"https:\/\/friburgonoticias.com.br\/temp\/2025\/12\/09\/transferencia-de-r-50-milhoes-da-camara-para-a-saude-do-rio-e-aprovada-em-primeira-votacao\/","title":{"rendered":"Transfer\u00eancia de R$ 50 milh\u00f5es da C\u00e2mara para a Sa\u00fade do Rio \u00e9 aprovada em primeira vota\u00e7\u00e3o"},"content":{"rendered":"<p><\/p>\n<div itemprop=\"articleBody\">\nA <a href=\"https:\/\/www.camara.rio\/\" target=\"_blank\" rel=\"noopener\">C\u00e2mara do Rio<\/a> aprovou, em primeira discuss\u00e3o nesta ter\u00e7a-feira (9), a<a href=\"https:\/\/temporealrj.com\/agora-e-oficial-doacao-de-r-50-milhoes-da-camara-do-rio-para-o-super-centro-de-saude-de-campo-grande-e-sancionada-por-paes\/\"> transfer\u00eancia de R$ 50 milh\u00f5es da Casa Legislativa para o Tesouro Municipal<\/a>. O projeto de decreto legislativo, de autoria da Mesa Diretora e coautoria de quase todos os parlamentares, ainda precisar\u00e1 passar por uma \u00faltima vota\u00e7\u00e3o.<\/p>\n<p>Segundo a proposta, o valor ser\u00e1 destinado exclusivamente \u00e0 \u00e1rea da sa\u00fade. Na justificativa, os parlamentares destacam que cabe \u00e0<a href=\"https:\/\/prefeitura.rio\/\" target=\"_blank\" rel=\"noopener\"> Prefeitura do Rio<\/a>, por meio da Secretaria de Fazenda, aplicar os recursos nesse setor no munic\u00edpio.<\/p>\n<\/div>\n<p><\/a><\/p>\n<p>Fonte: temporealrj.com<\/p>\n","protected":false},"excerpt":{"rendered":"<p>A C\u00e2mara do Rio aprovou, em primeira discuss\u00e3o nesta ter\u00e7a-feira (9), a transfer\u00eancia de R$ 50 milh\u00f5es da Casa Legislativa para o Tesouro Municipal. O projeto de decreto legislativo, de autoria da Mesa Diretora e coautoria de quase todos os parlamentares, ainda precisar\u00e1 passar por uma \u00faltima vota\u00e7\u00e3o. Segundo a proposta, o valor ser\u00e1 destinado [&hellip;]<\/p>\n","protected":false},"author":3,"featured_media":6321,"comment_status":"open","ping_status":"open","sticky":false,"template":"","format":"standard","meta":{"advanced_seo_description":"","jetpack_seo_html_title":"","jetpack_seo_noindex":false,"fifu_image_url":"https:\/\/temporealrj.com\/wp-content\/uploads\/2025\/12\/54319692709_5f1eb137b5_o-scaled-e1765309517933.jpg","fifu_image_alt":"","_jetpack_memberships_contains_paid_content":false,"footnotes":"","jetpack_publicize_message":"","jetpack_publicize_feature_enabled":true,"jetpack_social_post_already_shared":true,"jetpack_social_options":{"image_generator_settings":{"template":"highway","default_image_id":0,"font":"","enabled":false},"version":2}},"categories":[107],"tags":[],"class_list":{"0":"post-6320","1":"post","2":"type-post","3":"status-publish","4":"format-standard","5":"has-post-thumbnail","7":"category-economia"},"jetpack_publicize_connections":[],"jetpack_featured_media_url":"https:\/\/i0.wp.com\/temporealrj.com\/wp-content\/uploads\/2025\/12\/54319692709_5f1eb137b5_o-scaled-e1765309517933.jpg?fit=%2C&ssl=1","jetpack_sharing_enabled":true,"jetpack-related-posts":[],"_links":{"self":[{"href":"https:\/\/friburgonoticias.com.br\/temp\/wp-json\/wp\/v2\/posts\/6320","targetHints":{"allow":["GET"]}}],"collection":[{"href":"https:\/\/friburgonoticias.com.br\/temp\/wp-json\/wp\/v2\/posts"}],"about":[{"href":"https:\/\/friburgonoticias.com.br\/temp\/wp-json\/wp\/v2\/types\/post"}],"author":[{"embeddable":true,"href":"https:\/\/friburgonoticias.com.br\/temp\/wp-json\/wp\/v2\/users\/3"}],"replies":[{"embeddable":true,"href":"https:\/\/friburgonoticias.com.br\/temp\/wp-json\/wp\/v2\/comments?post=6320"}],"version-history":[{"count":0,"href":"https:\/\/friburgonoticias.com.br\/temp\/wp-json\/wp\/v2\/posts\/6320\/revisions"}],"wp:featuredmedia":[{"embeddable":true,"href":"https:\/\/friburgonoticias.com.br\/temp\/wp-json\/wp\/v2\/media\/6321"}],"wp:attachment":[{"href":"https:\/\/friburgonoticias.com.br\/temp\/wp-json\/wp\/v2\/media?parent=6320"}],"wp:term":[{"taxonomy":"category","embeddable":true,"href":"https:\/\/friburgonoticias.com.br\/temp\/wp-json\/wp\/v2\/categories?post=6320"},{"taxonomy":"post_tag","embeddable":true,"href":"https:\/\/friburgonoticias.com.br\/temp\/wp-json\/wp\/v2\/tags?post=6320"}],"curies":[{"name":"wp","href":"https:\/\/api.w.org\/{rel}","templated":true}]}}