{"id":6322,"date":"2025-12-10T01:49:24","date_gmt":"2025-12-10T01:49:24","guid":{"rendered":"https:\/\/friburgonoticias.com.br\/temp\/2025\/12\/10\/ocupacao-da-cadeira-da-presidencia-foi-um-desrespeito-a-camara-e-ao-legislativo-afirma-motta-noticias\/"},"modified":"2025-12-10T01:49:24","modified_gmt":"2025-12-10T01:49:24","slug":"ocupacao-da-cadeira-da-presidencia-foi-um-desrespeito-a-camara-e-ao-legislativo-afirma-motta-noticias","status":"publish","type":"post","link":"https:\/\/friburgonoticias.com.br\/temp\/2025\/12\/10\/ocupacao-da-cadeira-da-presidencia-foi-um-desrespeito-a-camara-e-ao-legislativo-afirma-motta-noticias\/","title":{"rendered":"\u201cOcupa\u00e7\u00e3o da cadeira da Presid\u00eancia foi um desrespeito \u00e0 C\u00e2mara e ao Legislativo\u201d, afirma Motta &#8211; Not\u00edcias"},"content":{"rendered":"<p><\/p>\n<div>\n<p class=\"g-artigo__data-hora\">\n                      09\/12\/2025 &#8211; 21:57 \u00a0\n                    <\/p>\n<div id=\"image-container-1231443\" class=\"image-container\" style=\"float: none; margin: 45px 0px; width: 100%;\" data-midia=\"1231443\">\n        <em>Bruno Spada\/C\u00e2mara dos Deputados<\/em><\/p>\n<p>        Motta: &#8220;Para o extremista, s\u00f3 existe um lado: o seu&#8221;\n        <\/p><\/div>\n<p>        O presidente da C\u00e2mara, Hugo Motta (Republicanos-PB), disse que a ocupa\u00e7\u00e3o da cadeira da Presid\u00eancia da Casa no Plen\u00e1rio pelo deputado Glauber Braga (Psol-RJ) foi um desrespeito \u00e0 institui\u00e7\u00e3o e ao Legislativo. &#8220;A cadeira da Presid\u00eancia n\u00e3o pertence a mim. Ela pertence \u00e0 Rep\u00fablica. Pertence \u00e0 democracia. Pertence ao povo brasileiro. E nenhum parlamentar est\u00e1 autorizado a transform\u00e1-la em instrumento de intimida\u00e7\u00e3o, espet\u00e1culo ou desordem. Deputado pode muito, mas n\u00e3o pode tudo. Na democracia, ele pode tudo dentro da lei e dentro do Regimento. Fora disso, n\u00e3o \u00e9 liberdade: \u00e9 abuso&#8221;, disse.<br \/>\n        Glauber Braga ocupou a cadeira durante a sess\u00e3o de debates e se recusou a sair, for\u00e7ando a interrup\u00e7\u00e3o das atividades do Plen\u00e1rio.<br \/>\n        Segundo Motta, h\u00e1 um equ\u00edvoco grave na postura de quem acredita que democracia s\u00f3 existe quando o resultado lhe agrada. &#8220;Quem se diz defensor da democracia, mas agride o funcionamento das institui\u00e7\u00f5es, vive da mesma l\u00f3gica dos extremistas que tanto critica. O extremismo n\u00e3o tem lado porque, para o extremista, s\u00f3 existe um lado: o seu&#8221;, disse.<br \/>\n        <strong>Desrespeito<\/strong><br \/>&#8220;Hoje, infelizmente, vimos um epis\u00f3dio que nunca deveria ocorrer no Parlamento brasileiro. Quando o deputado Glauber Braga ocupa a cadeira da Presid\u00eancia da C\u00e2mara para impedir o andamento dos trabalhos, ele n\u00e3o desrespeita o presidente em exerc\u00edcio. Ele desrespeita a pr\u00f3pria C\u00e2mara dos Deputados. Ele desrespeita o Poder Legislativo. E o faz, inclusive, de forma reincidente, ap\u00f3s j\u00e1 ter ocupado uma comiss\u00e3o por mais de uma semana em um ato extremo que n\u00e3o encontra amparo no regimento, nem na liturgia do cargo&#8221;, disse Hugo Motta, durante a sess\u00e3o deliberativa.<br \/>\n        Ele afirmou que o presidente \u00e9 respons\u00e1vel por garantir o rito, a ordem e o respeito \u00e0 institui\u00e7\u00e3o e n\u00e3o permitir\u00e1 que &#8220;regras sejam rasgadas ou que a C\u00e2mara seja aviltada&#8221;.<br \/>\n        &#8220;Quem s\u00f3 enxerga o pr\u00f3prio lado nega o outro, nega o debate, nega o pluralismo e acaba negando a pr\u00f3pria democracia. A C\u00e2mara n\u00e3o se curvar\u00e1 a esse tipo de conduta. Nem hoje nem nunca. A minha obriga\u00e7\u00e3o, como presidente desta Casa, \u00e9 proteger o Parlamento&#8221;, disse.<br \/>\n        <strong>Protocolos de seguran\u00e7a<\/strong><br \/>Glauber Braga foi retirado da cadeira por policiais legislativos. Motta afirmou que seguiu rigorosamente os protocolos de seguran\u00e7a e o Regimento Interno. &#8220;O Ato da Mesa n\u00ba 145, em seu artigo 7\u00ba, \u00e9 claro: o ingresso, a circula\u00e7\u00e3o e a perman\u00eancia nos edif\u00edcios e locais sob responsabilidade da C\u00e2mara dos Deputados estar\u00e3o sujeitos \u00e0 interrup\u00e7\u00e3o ou \u00e0 suspens\u00e3o por quest\u00e3o de seguran\u00e7a&#8221;, disse. Ele disse que determinou tamb\u00e9m a apura\u00e7\u00e3o de todo e qualquer excesso cometido contra a cobertura da imprensa.<br \/>\n        &#8220;A minha obriga\u00e7\u00e3o \u00e9 proteger a democracia do grito que cala, do gesto autorit\u00e1rio disfar\u00e7ado de protesto, da intimida\u00e7\u00e3o travestida de ato pol\u00edtico. E \u00e9 isso que continuarei a fazer: garantir que diverg\u00eancias se expressem com voz, n\u00e3o com vandalismo institucional; com argumento, n\u00e3o com agress\u00e3o simb\u00f3lica; com voto, n\u00e3o com invas\u00e3o da Mesa&#8221;, disse Motta.<br \/>\n        Segundo ele, quem tentou humilhar o Legislativo, humilhou a si mesmo. &#8220;Quem tentou fechar portas ao di\u00e1logo escancarou a pr\u00f3pria intoler\u00e2ncia. E quem tentou afrontar a C\u00e2mara encontrou uma institui\u00e7\u00e3o firme, serena e inegoci\u00e1vel. O extremismo testa a democracia todos os dias. E todos os dias a democracia precisa ser defendida. \u00c9 isso que estou fazendo. \u00c9 isso que continuarei a fazer. Porque nenhum deputado \u00e9 maior do que esta Casa. Mas esta Casa \u00e9 maior do que qualquer extremismo&#8221;, concluiu.<br \/>\n        <strong>Pedido de cassa\u00e7\u00e3o<\/strong><br \/>No in\u00edcio da tarde, depois da reuni\u00e3o de l\u00edderes, Motta anunciou as vota\u00e7\u00f5es desta semana, que incluem os <a href=\"https:\/\/www.camara.leg.br\/noticias\/1231107-MOTTA-ANUNCIA-QUE-O-PLENARIO-VAI-DECIDIR-SOBRE-OS-MANDATOS-DE-GLAUBER,-ZAMBELLI-E-RAMAGEM\">pedidos de cassa\u00e7\u00e3o de Glauber Braga e Carla Zambelli (PL-SP),<\/a> nesta quarta-feira (10). Braga \u00e9 acusado pelo partido Novo de ter faltado com o decoro parlamentar ao expulsar da C\u00e2mara, em abril do ano passado, com empurr\u00f5es e chutes, o integrante do Movimento Brasil Livre (MBL) Gabriel Costenaro. A cassa\u00e7\u00e3o do mandato dele <a href=\"https:\/\/www.camara.leg.br\/noticias\/1149141-conselho-de-etica-aprova-cassacao-do-mandato-do-deputado-glauber-braga\/\">foi aprovada pelo Conselho de \u00c9tica em abril<\/a>.<br \/>\n        Ao ocupar a cadeira do presidente, Braga disse que foi anunciada a vota\u00e7\u00e3o de pedidos de cassa\u00e7\u00e3o, mas que o \u00fanico atingido seria ele. &#8220;O \u00fanico mandato de fato atingido \u00e9 o mandato que me foi conferido pelo povo do estado do Rio de Janeiro. Zambelli j\u00e1 est\u00e1 ineleg\u00edvel pelo Supremo Tribunal Federal. Eduardo Bolsonaro, ao ser desligado pela Mesa, mant\u00e9m os seus direitos pol\u00edticos intactos&#8221;, afirmou.<br \/>\n        <strong>Debate<\/strong><br \/>A l\u00edder do Psol, deputada Tal\u00edria Petrone (RJ), afirmou que o presidente Hugo Motta agiu com dois pesos e duas medidas em rela\u00e7\u00e3o \u00e0 ocupa\u00e7\u00e3o da Mesa em agosto por deputados do PL e de outros partidos de oposi\u00e7\u00e3o. &#8220;O senhor mostrou que escolheu um lado, dos extremistas, dos golpistas&#8221;, criticou. Outros deputados governistas tamb\u00e9m criticaram o presidente.<br \/>\n        O deputado Alberto Fraga (PL-DF), vice-l\u00edder da oposi\u00e7\u00e3o, disse que a atua\u00e7\u00e3o da Pol\u00edcia Legislativa e do presidente nesta ter\u00e7a-feira foi feita na legalidade, para defender a honra da C\u00e2mara. &#8220;Criticaram aqueles que obstru\u00edram a sess\u00e3o sem ter sess\u00e3o. Eles n\u00e3o. Quebraram os aparelhos de som, agrediram. Vejo deputados encarando a Pol\u00edcia Legislativa, agredindo. Vi deputado partindo para cima da Pol\u00edcia Legislativa. Agrediram inclusive o secret\u00e1rio-geral da Mesa&#8221;, disse. Outros deputados da oposi\u00e7\u00e3o apoiaram a desocupa\u00e7\u00e3o da Mesa.<\/p>\n<p style=\"font-size: 0.8rem; font-weight: 700;\">Da Reda\u00e7\u00e3o\/WS<\/p>\n<\/p><\/div>\n<p><\/a><\/p>\n<p>Fonte: www.camara.leg.br<\/p>\n","protected":false},"excerpt":{"rendered":"<p>09\/12\/2025 &#8211; 21:57 \u00a0 Bruno Spada\/C\u00e2mara dos Deputados Motta: &#8220;Para o extremista, s\u00f3 existe um lado: o seu&#8221; O presidente da C\u00e2mara, Hugo Motta (Republicanos-PB), disse que a ocupa\u00e7\u00e3o da cadeira da Presid\u00eancia da Casa no Plen\u00e1rio pelo deputado Glauber Braga (Psol-RJ) foi um desrespeito \u00e0 institui\u00e7\u00e3o e ao Legislativo. &#8220;A cadeira da Presid\u00eancia n\u00e3o [&hellip;]<\/p>\n","protected":false},"author":3,"featured_media":6323,"comment_status":"open","ping_status":"open","sticky":false,"template":"","format":"standard","meta":{"advanced_seo_description":"","jetpack_seo_html_title":"","jetpack_seo_noindex":false,"fifu_image_url":"https:\/\/www.camara.leg.br\/midias\/image\/2025\/12\/img20251209191858746-768x473.jpg","fifu_image_alt":"","_jetpack_memberships_contains_paid_content":false,"footnotes":"","jetpack_publicize_message":"","jetpack_publicize_feature_enabled":true,"jetpack_social_post_already_shared":true,"jetpack_social_options":{"image_generator_settings":{"template":"highway","default_image_id":0,"font":"","enabled":false},"version":2}},"categories":[106,1],"tags":[],"class_list":{"0":"post-6322","1":"post","2":"type-post","3":"status-publish","4":"format-standard","5":"has-post-thumbnail","7":"category-politica","8":"category-uncategorized"},"jetpack_publicize_connections":[],"jetpack_featured_media_url":"https:\/\/i0.wp.com\/www.camara.leg.br\/midias\/image\/2025\/12\/img20251209191858746-768x473.jpg?fit=%2C&ssl=1","jetpack_sharing_enabled":true,"jetpack-related-posts":[],"_links":{"self":[{"href":"https:\/\/friburgonoticias.com.br\/temp\/wp-json\/wp\/v2\/posts\/6322","targetHints":{"allow":["GET"]}}],"collection":[{"href":"https:\/\/friburgonoticias.com.br\/temp\/wp-json\/wp\/v2\/posts"}],"about":[{"href":"https:\/\/friburgonoticias.com.br\/temp\/wp-json\/wp\/v2\/types\/post"}],"author":[{"embeddable":true,"href":"https:\/\/friburgonoticias.com.br\/temp\/wp-json\/wp\/v2\/users\/3"}],"replies":[{"embeddable":true,"href":"https:\/\/friburgonoticias.com.br\/temp\/wp-json\/wp\/v2\/comments?post=6322"}],"version-history":[{"count":0,"href":"https:\/\/friburgonoticias.com.br\/temp\/wp-json\/wp\/v2\/posts\/6322\/revisions"}],"wp:featuredmedia":[{"embeddable":true,"href":"https:\/\/friburgonoticias.com.br\/temp\/wp-json\/wp\/v2\/media\/6323"}],"wp:attachment":[{"href":"https:\/\/friburgonoticias.com.br\/temp\/wp-json\/wp\/v2\/media?parent=6322"}],"wp:term":[{"taxonomy":"category","embeddable":true,"href":"https:\/\/friburgonoticias.com.br\/temp\/wp-json\/wp\/v2\/categories?post=6322"},{"taxonomy":"post_tag","embeddable":true,"href":"https:\/\/friburgonoticias.com.br\/temp\/wp-json\/wp\/v2\/tags?post=6322"}],"curies":[{"name":"wp","href":"https:\/\/api.w.org\/{rel}","templated":true}]}}