{"id":6324,"date":"2025-12-10T07:08:44","date_gmt":"2025-12-10T07:08:44","guid":{"rendered":"https:\/\/friburgonoticias.com.br\/temp\/2025\/12\/10\/camara-aprova-projeto-que-reduz-penas-dos-condenados-pelo-8-de-janeiro-noticias\/"},"modified":"2025-12-10T07:08:44","modified_gmt":"2025-12-10T07:08:44","slug":"camara-aprova-projeto-que-reduz-penas-dos-condenados-pelo-8-de-janeiro-noticias","status":"publish","type":"post","link":"https:\/\/friburgonoticias.com.br\/temp\/2025\/12\/10\/camara-aprova-projeto-que-reduz-penas-dos-condenados-pelo-8-de-janeiro-noticias\/","title":{"rendered":"C\u00e2mara aprova projeto que reduz penas dos condenados pelo 8 de janeiro &#8211; Not\u00edcias"},"content":{"rendered":"<p><\/p>\n<div>\n<p class=\"g-artigo__data-hora\">\n                      10\/12\/2025 &#8211; 03:56 \u00a0\n                    <\/p>\n<div id=\"image-container-1231540\" class=\"image-container\" style=\"float: none; margin: 45px 0px; width: 100%;\" data-midia=\"1231540\">\n        <em>Bruno Spada\/C\u00e2mara dos Deputados<\/em><\/p>\n<p>        Deputado Paulinho da For\u00e7a, relator do projeto\n        <\/p><\/div>\n<p>        A C\u00e2mara dos Deputados aprovou projeto de lei que prev\u00ea a redu\u00e7\u00e3o de penas de pessoas condenadas pelos atos antidemocr\u00e1ticos de 8 de janeiro de 2023 e pela tentativa de golpe de Estado, como o ex-presidente Jair Bolsonaro. A proposta foi aprovada em Plen\u00e1rio por <a href=\"https:\/\/www.camara.leg.br\/presenca-comissoes\/votacao-portal?reuniao=80746&amp;itemVotacao=13428\">291 votos a 148<\/a>\u00a0e ser\u00e1 enviada ao Senado.<br \/>\n        O texto aprovado na madrugada desta quarta-feira (10) \u00e9 um <span id=\"4098\" class=\"termoGlossario\" title=\"Nome que se d\u00e1 ao texto que altera substancialmente o conte\u00fado original da proposta. O substitutivo \u00e9 apresentado pelo relator e tem prefer\u00eancia na vota\u00e7\u00e3o sobre o projeto original.\" contenteditable=\"false\" data-toggle=\"tooltip\" data-placement=\"top\">substitutivo<\/span> do relator, deputado Paulinho da For\u00e7a (Solidariedade-SP), ao Projeto de Lei 2162\/23, do deputado Marcelo Crivella (Republicanos-RJ) e outros.<br \/>\n        O substitutivo determina que os crimes de tentativa de acabar com o Estado Democr\u00e1tico de Direito e de golpe de Estado, quando praticados no mesmo contexto, implicar\u00e3o o uso da pena mais grave em vez da soma de ambas as penas.<br \/>\n        O texto original previa anistia a todos os envolvidos nos atos de 8 de janeiro e dos acusados dos quatro grupos relacionados \u00e0 tentativa de golpe de Estado julgados pelo Supremo Tribunal Federal (STF). Mas esse artigo foi retirado do projeto.<br \/>\n        <strong>Grupo principal<\/strong><br \/>Se virar lei, a nova forma de soma de penas deve beneficiar todos os condenados da tentativa de golpe de Estado, como aqueles do grupo principal:<\/p>\n<ul>\n<li>Jair Bolsonaro, ex-presidente da Rep\u00fablica;<\/li>\n<li>Almir Garnier, ex-comandante da Marinha;<\/li>\n<li>Paulo S\u00e9rgio Nogueira, ex-ministro da Defesa;<\/li>\n<li>Walter Braga Netto, ex-ministro da Casa Civil;<\/li>\n<li>Augusto Heleno, ex-chefe do Gabinete de Seguran\u00e7a Institucional (GSI);<\/li>\n<li>Anderson Torres, ex-ministro da Justi\u00e7a; e<\/li>\n<li>Alexandre Ramagem, deputado federal.<\/li>\n<\/ul>\n<p>        Esse grupo foi condenado a penas que variam de 16 anos a 24 anos em regime fechado pela 1\u00aa Turma do Supremo Tribunal Federal (STF), em car\u00e1ter definitivo, em 25 de novembro deste ano. Outras penas de <span id=\"4293\" class=\"termoGlossario\" title=\"Pena privativa de liberdade que se cumpre em regime aberto ou semiaberto, salvo transfer\u00eancia excepcional para o regime fechado. \u00c9 menos severa que a reclus\u00e3o e mais rigorosa que a pris\u00e3o simples.\" contenteditable=\"false\" data-toggle=\"tooltip\" data-placement=\"top\">deten\u00e7\u00e3o<\/span> devem ser cumpridas depois daquelas de <span id=\"4303\" class=\"termoGlossario\" title=\"A reclus\u00e3o \u00e9 a mais severa entre as penas privativas de liberdade. Destina-se a crimes dolosos (com inten\u00e7\u00e3o).\" contenteditable=\"false\" data-toggle=\"tooltip\" data-placement=\"top\">reclus\u00e3o<\/span>.<br \/>\n        Como a lei pode retroagir para beneficiar o r\u00e9u, a nova regra implicaria a revis\u00e3o do total para esses dois crimes, prevalecendo a pena maior (4 a 12 anos) por tentativa de golpe de Estado. Agravantes e atenuantes ainda ser\u00e3o aplic\u00e1veis sobre o c\u00e1lculo.<br \/>\n        Parlamentares da oposi\u00e7\u00e3o preveem, para o ex-presidente Jair Bolsonaro, que o total da redu\u00e7\u00e3o pode levar ao cumprimento de 2 anos e 4 meses em regime fechado em vez dos 7 anos e 8 meses pelo c\u00e1lculo atual da vara de execu\u00e7\u00e3o penal.<br \/>\n        A conta final, no entanto, cabe ao Supremo definir e pode depender de ser validado o uso de trabalho e estudo em regime domiciliar para diminui\u00e7\u00e3o dos dias de pris\u00e3o.<br \/>\n        <strong>Progress\u00e3o<\/strong><br \/>A diferen\u00e7a tamb\u00e9m \u00e9 influenciada pela mudan\u00e7a nas regras de progress\u00e3o de regime fechado para semiaberto feita pelo relator.<br \/>\n        Atualmente, exceto para condenados por <span id=\"4179\" class=\"termoGlossario\" title=\"A Lei 8.072\/90 define como hediondos os crimes de homic\u00eddio praticado por grupo de exterm\u00ednio; homic\u00eddio qualificado; latroc\u00ednio; genoc\u00eddio; extors\u00e3o qualificada por morte; extors\u00e3o mediante sequestro; estupro; dissemina\u00e7\u00e3o de epidemia que provoque morte; falsifica\u00e7\u00e3o, corrup\u00e7\u00e3o, adultera\u00e7\u00e3o ou altera\u00e7\u00e3o de produto destinado a fins terap\u00eauticos ou medicinais; e favorecimento da prostitui\u00e7\u00e3o ou de outra forma de explora\u00e7\u00e3o sexual de crian\u00e7a ou adolescente ou de vulner\u00e1vel. Esse tipo de crime deve ser cumprido inicialmente em regime fechado e \u00e9 insuscet\u00edvel de anistia, gra\u00e7a, indulto e fian\u00e7a.\" contenteditable=\"false\" data-toggle=\"tooltip\" data-placement=\"top\">crimes hediondos<\/span>, o r\u00e9u prim\u00e1rio obt\u00e9m progress\u00e3o de pena se cumprir 16% dela em regime fechado, mas o crime n\u00e3o pode ter sido cometido com viol\u00eancia \u00e0 pessoa ou grave amea\u00e7a.<br \/>\n        Como os crimes de tentativa de golpe e aboli\u00e7\u00e3o do Estado Democr\u00e1tico s\u00e3o tipificados com a caracter\u00edstica de \u201cviol\u00eancia ou grave amea\u00e7a\u201d, Paulinho da For\u00e7a muda o texto da Lei de Execu\u00e7\u00e3o Penal (<a class=\"linkLegislacao\" href=\"https:\/\/www2.camara.gov.br\/legin\/fed\/lei\/1980-1987\/lei-7210-11-julho-1984-356938-norma-pl.html\">Lei 7.210\/84<\/a>) para fazer valer os 16% de regime fechado para crimes com ou sem viol\u00eancia ou grave amea\u00e7a.<br \/>\n        Sem a mudan\u00e7a, a progress\u00e3o ocorreria apenas com o cumprimento de 25% da pena pelo r\u00e9u prim\u00e1rio. Para os reincidentes, o \u00edndice de cumprimento no regime fechado passa de 30% para 20%.<br \/>\n        Esses 25% valer\u00e3o apenas para o r\u00e9u prim\u00e1rio condenado por crimes contra a vida (t\u00edtulo I do C\u00f3digo Penal) e contra o patrim\u00f4nio (t\u00edtulo II do C\u00f3digo Penal) praticados com viol\u00eancia ou grave amea\u00e7a.<br \/>\n        J\u00e1 a reincid\u00eancia, na mesma situa\u00e7\u00e3o de crimes contra a vida ou o patrim\u00f4nio, continua implicando o cumprimento de 30% da pena para a progress\u00e3o.<br \/>\n        <strong>Outros crimes<\/strong><br \/>A refer\u00eancia, no C\u00f3digo Penal, a crimes praticados com \u201cgrave amea\u00e7a\u201d envolve v\u00e1rios n\u00e3o pertencentes aos t\u00edtulos I e II, como o de afastamento de licitante (reclus\u00e3o de 3 a 5 anos), constante do t\u00edtulo XI.<br \/>\n        J\u00e1 no t\u00edtulo VI est\u00e3o tipificados crimes contra a liberdade sexual para os quais h\u00e1 agravantes relacionados a essa grave amea\u00e7a, como favorecimento da prostitui\u00e7\u00e3o (reclus\u00e3o de 4 a 10 anos) e rufianismo (reclus\u00e3o de 2 a 8 anos), cujas progress\u00f5es seriam tamb\u00e9m afetadas pela reda\u00e7\u00e3o proposta, j\u00e1 que a refer\u00eancia \u00e0 viol\u00eancia contra a pessoa ou grave amea\u00e7a, para efeitos de progress\u00e3o de regime, \u00e9 substitu\u00edda pela refer\u00eancia apenas aos t\u00edtulos I (crimes contra a vida, como homic\u00eddio) e II (crimes contra o patrim\u00f4nio, como roubo).<br \/>\n        Assim, esses crimes citados contar\u00e3o com menor tempo para progress\u00e3o de regime, pois n\u00e3o s\u00e3o enquadrados como hediondos, com exig\u00eancia maior para alcan\u00e7ar o semiaberto, nem constam dos t\u00edtulos I ou II do C\u00f3digo Penal.<br \/>\n        <strong>Pris\u00e3o domiciliar<\/strong><br \/>O relator prop\u00f5e ainda que a realiza\u00e7\u00e3o de estudo ou trabalho para reduzir a pena, como permitido atualmente no regime fechado, possa valer no caso da pris\u00e3o em regime domiciliar.<br \/>\n        Sobre esse tema, principalmente o Superior Tribunal de Justi\u00e7a (STJ) produziu jurisprud\u00eancia permitindo essa pr\u00e1tica, contanto que comprovada e fiscaliz\u00e1vel.<br \/>\n        <strong>Multid\u00e3o<\/strong><br \/>Para os crimes de tentativa de aboli\u00e7\u00e3o do Estado Democr\u00e1tico de Direito e de tentativa de golpe de Estado, quando praticados em contexto de multid\u00e3o, como o caso dos participantes dos atos de 8 de janeiro de 2023 nas sedes dos tr\u00eas Poderes, em Bras\u00edlia, o texto reduz a pena de 1\/3 a 2\/3, desde que o agente n\u00e3o tenha financiado o ato ou exercido papel de lideran\u00e7a.<br \/>\n        \u00a0<br \/>\n        <iframe class=\"infografico-container\" style=\"width: 100%; height: 100%;\" src=\"https:\/\/www.camara.leg.br\/internet\/agencia\/infograficos-html5\/progressao-regime-previsto-projeto-lei-126223\/index.html\" frameborder=\"0\" data-mce-fragment=\"1\"><\/iframe><br \/>\n        \u00a0<br \/>\n        <strong>Destaques rejeitados<\/strong><br \/>O Plen\u00e1rio rejeitou todos os <span id=\"4027\" class=\"termoGlossario\" title=\"Pedido feito por deputado ou l\u00edder de partido para votar, de forma separada, emenda ou parte do texto. A vota\u00e7\u00e3o ocorre ap\u00f3s a aprova\u00e7\u00e3o do texto principal.\" contenteditable=\"false\" data-toggle=\"tooltip\" data-placement=\"top\">destaques<\/span> apresentados pelo PSB e pelas federa\u00e7\u00f5es Psol-Rede e PT-PCdoB-PV na tentativa de mudar trechos do texto.<br \/>\n        Confira os destaques votados e rejeitados:<\/p>\n<ul>\n<li>destaque do PSB pretendia excluir todas as mudan\u00e7as no sistema de progress\u00e3o de penas;<\/li>\n<li>destaque da Federa\u00e7\u00e3o Psol-Rede pretendia manter o cumprimento m\u00ednimo de 25% da pena de reclus\u00e3o pelo r\u00e9u prim\u00e1rio condenado por qualquer crime com o exerc\u00edcio de viol\u00eancia ou grave amea\u00e7a, como os relacionados \u00e0 tentativa de golpe de Estado;<\/li>\n<li>destaque da Federa\u00e7\u00e3o PT-PCdoB-PV tinha o mesmo objetivo com outra exclus\u00e3o semelhante de parte do texto;<\/li>\n<li>destaque da Federa\u00e7\u00e3o PT-PCdoB-PV pretendia excluir a possibilidade de diminui\u00e7\u00e3o de pena com estudo ou trabalho realizados em pris\u00e3o domiciliar;<\/li>\n<li>destaque da Federa\u00e7\u00e3o PT-PCdoB-PV pretendia retirar trecho que determina o uso apenas da maior pena dos crimes de tentativa de golpe de Estado e de aboli\u00e7\u00e3o do Estado Democr\u00e1tico de Direito;<\/li>\n<li>destaque da Federa\u00e7\u00e3o PT-PCdoB-PV pretendia excluir trecho que prev\u00ea redu\u00e7\u00e3o de 1\/3 a 2\/3 da pena por esses crimes se praticados no contexto de multid\u00e3o, como os atos de 8 de janeiro de 2023.<\/li>\n<\/ul>\n<p>        <a href=\"https:\/\/www.camara.leg.br\/noticias\/573454-SAIBA-MAIS-SOBRE-A-TRAMITACAO-DE-PROJETOS-DE-LEI\">Saiba mais sobre a tramita\u00e7\u00e3o de projetos de lei<\/a><\/p>\n<p style=\"font-size: 0.8rem; font-weight: 700;\">Reportagem \u2013 Eduardo Piovesan<br \/>Edi\u00e7\u00e3o \u2013 Pierre Triboli<\/p>\n<\/p><\/div>\n<p><\/a><\/p>\n<p>Fonte: www.camara.leg.br<\/p>\n","protected":false},"excerpt":{"rendered":"<p>10\/12\/2025 &#8211; 03:56 \u00a0 Bruno Spada\/C\u00e2mara dos Deputados Deputado Paulinho da For\u00e7a, relator do projeto A C\u00e2mara dos Deputados aprovou projeto de lei que prev\u00ea a redu\u00e7\u00e3o de penas de pessoas condenadas pelos atos antidemocr\u00e1ticos de 8 de janeiro de 2023 e pela tentativa de golpe de Estado, como o ex-presidente Jair Bolsonaro. A proposta [&hellip;]<\/p>\n","protected":false},"author":3,"featured_media":6325,"comment_status":"open","ping_status":"open","sticky":false,"template":"","format":"standard","meta":{"advanced_seo_description":"","jetpack_seo_html_title":"","jetpack_seo_noindex":false,"fifu_image_url":"https:\/\/www.camara.leg.br\/midias\/image\/2025\/12\/img20251209235949350-768x473.jpg","fifu_image_alt":"","_jetpack_memberships_contains_paid_content":false,"footnotes":"","jetpack_publicize_message":"","jetpack_publicize_feature_enabled":true,"jetpack_social_post_already_shared":true,"jetpack_social_options":{"image_generator_settings":{"template":"highway","default_image_id":0,"font":"","enabled":false},"version":2}},"categories":[107],"tags":[],"class_list":{"0":"post-6324","1":"post","2":"type-post","3":"status-publish","4":"format-standard","5":"has-post-thumbnail","7":"category-economia"},"jetpack_publicize_connections":[],"jetpack_featured_media_url":"https:\/\/i0.wp.com\/www.camara.leg.br\/midias\/image\/2025\/12\/img20251209235949350-768x473.jpg?fit=%2C&ssl=1","jetpack_sharing_enabled":true,"jetpack-related-posts":[],"_links":{"self":[{"href":"https:\/\/friburgonoticias.com.br\/temp\/wp-json\/wp\/v2\/posts\/6324","targetHints":{"allow":["GET"]}}],"collection":[{"href":"https:\/\/friburgonoticias.com.br\/temp\/wp-json\/wp\/v2\/posts"}],"about":[{"href":"https:\/\/friburgonoticias.com.br\/temp\/wp-json\/wp\/v2\/types\/post"}],"author":[{"embeddable":true,"href":"https:\/\/friburgonoticias.com.br\/temp\/wp-json\/wp\/v2\/users\/3"}],"replies":[{"embeddable":true,"href":"https:\/\/friburgonoticias.com.br\/temp\/wp-json\/wp\/v2\/comments?post=6324"}],"version-history":[{"count":0,"href":"https:\/\/friburgonoticias.com.br\/temp\/wp-json\/wp\/v2\/posts\/6324\/revisions"}],"wp:featuredmedia":[{"embeddable":true,"href":"https:\/\/friburgonoticias.com.br\/temp\/wp-json\/wp\/v2\/media\/6325"}],"wp:attachment":[{"href":"https:\/\/friburgonoticias.com.br\/temp\/wp-json\/wp\/v2\/media?parent=6324"}],"wp:term":[{"taxonomy":"category","embeddable":true,"href":"https:\/\/friburgonoticias.com.br\/temp\/wp-json\/wp\/v2\/categories?post=6324"},{"taxonomy":"post_tag","embeddable":true,"href":"https:\/\/friburgonoticias.com.br\/temp\/wp-json\/wp\/v2\/tags?post=6324"}],"curies":[{"name":"wp","href":"https:\/\/api.w.org\/{rel}","templated":true}]}}