{"id":6326,"date":"2025-12-10T07:19:23","date_gmt":"2025-12-10T07:19:23","guid":{"rendered":"https:\/\/friburgonoticias.com.br\/temp\/2025\/12\/10\/reducao-de-penas-dos-condenados-pelo-8-de-janeiro-representa-virada-de-pagina-para-o-brasil-diz-motta-noticias\/"},"modified":"2025-12-10T07:19:23","modified_gmt":"2025-12-10T07:19:23","slug":"reducao-de-penas-dos-condenados-pelo-8-de-janeiro-representa-virada-de-pagina-para-o-brasil-diz-motta-noticias","status":"publish","type":"post","link":"https:\/\/friburgonoticias.com.br\/temp\/2025\/12\/10\/reducao-de-penas-dos-condenados-pelo-8-de-janeiro-representa-virada-de-pagina-para-o-brasil-diz-motta-noticias\/","title":{"rendered":"Redu\u00e7\u00e3o de penas dos condenados pelo 8 de janeiro representa &#8220;virada de p\u00e1gina&#8221; para o Brasil, diz Motta &#8211; Not\u00edcias"},"content":{"rendered":"<p><\/p>\n<div>\n<div>\n<p class=\"g-artigo__data-hora\">\n                      10\/12\/2025 &#8211; 04:16 \u00a0\n                    <\/p>\n<div id=\"image-container-1231585\" class=\"image-container\" style=\"float: none; margin: 45px 0px; width: 100%;\" data-midia=\"1231585\">\n        <em>Bruno Spada\/C\u00e2mara dos Deputados<\/em><\/p>\n<p>        Hugo Motta, presidente da C\u00e2mara dos Deputados\n        <\/p><\/div>\n<p>        O presidente da C\u00e2mara dos Deputados, Hugo Motta (Republicanos-PB), afirmou que decidiu pautar o projeto de lei que reduz penas de pessoas condenadas pelos atos antidemocr\u00e1ticos de 8 de janeiro de 2023 e pela tentativa de golpe de Estado para &#8220;virar a p\u00e1gina&#8221; e entrar em 2026 com novos assuntos e projetos.<br \/>\n        &#8220;Quando desequilibramos para um polo ou para outro, \u00e0s vezes n\u00e3o estamos fazendo o que \u00e9 justo, mas querendo agradar a um dos lados. O que esta Casa fez hoje aqui n\u00e3o foi para agradar um dos lados, mas foi para dizer que \u00e9 sens\u00edvel a pessoas que receberam penas exageradas e n\u00e3o cumpriram papel central no que aconteceu no dia 8&#8221;, afirmou.<br \/>\n        A proposta (PL 2162\/23) foi aprovada na madrugada desta quarta-feira (10) ap\u00f3s cerca de cinco horas de debates e vota\u00e7\u00f5es.<br \/>\n        Segundo Motta, caso o texto seja aprovado pelo Senado e sancionado, dar\u00e1 ao Judici\u00e1rio e aos condenados no 8 de janeiro a possibilidade de reavaliar as penas dadas. &#8220;Possibilitando que os que tiveram menor import\u00e2ncia no acontecido possam voltar \u00e0s suas casas, ter as penas reduzidas e o Brasil possa, sem esquecer, virar essa p\u00e1gina triste da democracia&#8221;, declarou.<br \/>\n        Motta afirmou que o relator, deputado Paulinho da For\u00e7a (Solidariedade-SP), procurou fazer uma constru\u00e7\u00e3o pol\u00edtica para &#8220;descomprimir&#8221; as tens\u00f5es no cen\u00e1rio pol\u00edtico. &#8220;Uma polariza\u00e7\u00e3o t\u00f3xica, improdutiva, que suga nossas energias e que a sociedade l\u00e1 fora n\u00e3o aguenta mais ouvir&#8221;, disse o presidente.<\/p>\n<p style=\"font-size: 0.8rem; font-weight: 700;\">Reportagem \u2013 Tiago Miranda<br \/>Edi\u00e7\u00e3o \u2013 Pierre Triboli<\/p>\n<\/p><\/div>\n<\/p><\/div>\n<p><\/a><\/p>\n<p>Fonte: www.camara.leg.br<\/p>\n","protected":false},"excerpt":{"rendered":"<p>10\/12\/2025 &#8211; 04:16 \u00a0 Bruno Spada\/C\u00e2mara dos Deputados Hugo Motta, presidente da C\u00e2mara dos Deputados O presidente da C\u00e2mara dos Deputados, Hugo Motta (Republicanos-PB), afirmou que decidiu pautar o projeto de lei que reduz penas de pessoas condenadas pelos atos antidemocr\u00e1ticos de 8 de janeiro de 2023 e pela tentativa de golpe de Estado para [&hellip;]<\/p>\n","protected":false},"author":3,"featured_media":6327,"comment_status":"open","ping_status":"open","sticky":false,"template":"","format":"standard","meta":{"advanced_seo_description":"","jetpack_seo_html_title":"","jetpack_seo_noindex":false,"fifu_image_url":"https:\/\/www.camara.leg.br\/midias\/image\/2025\/12\/img20251209233611924-768x473.jpg","fifu_image_alt":"","_jetpack_memberships_contains_paid_content":false,"footnotes":"","jetpack_publicize_message":"","jetpack_publicize_feature_enabled":true,"jetpack_social_post_already_shared":true,"jetpack_social_options":{"image_generator_settings":{"template":"highway","default_image_id":0,"font":"","enabled":false},"version":2}},"categories":[106,1],"tags":[],"class_list":{"0":"post-6326","1":"post","2":"type-post","3":"status-publish","4":"format-standard","5":"has-post-thumbnail","7":"category-politica","8":"category-uncategorized"},"jetpack_publicize_connections":[],"jetpack_featured_media_url":"https:\/\/i0.wp.com\/www.camara.leg.br\/midias\/image\/2025\/12\/img20251209233611924-768x473.jpg?fit=%2C&ssl=1","jetpack_sharing_enabled":true,"jetpack-related-posts":[],"_links":{"self":[{"href":"https:\/\/friburgonoticias.com.br\/temp\/wp-json\/wp\/v2\/posts\/6326","targetHints":{"allow":["GET"]}}],"collection":[{"href":"https:\/\/friburgonoticias.com.br\/temp\/wp-json\/wp\/v2\/posts"}],"about":[{"href":"https:\/\/friburgonoticias.com.br\/temp\/wp-json\/wp\/v2\/types\/post"}],"author":[{"embeddable":true,"href":"https:\/\/friburgonoticias.com.br\/temp\/wp-json\/wp\/v2\/users\/3"}],"replies":[{"embeddable":true,"href":"https:\/\/friburgonoticias.com.br\/temp\/wp-json\/wp\/v2\/comments?post=6326"}],"version-history":[{"count":0,"href":"https:\/\/friburgonoticias.com.br\/temp\/wp-json\/wp\/v2\/posts\/6326\/revisions"}],"wp:featuredmedia":[{"embeddable":true,"href":"https:\/\/friburgonoticias.com.br\/temp\/wp-json\/wp\/v2\/media\/6327"}],"wp:attachment":[{"href":"https:\/\/friburgonoticias.com.br\/temp\/wp-json\/wp\/v2\/media?parent=6326"}],"wp:term":[{"taxonomy":"category","embeddable":true,"href":"https:\/\/friburgonoticias.com.br\/temp\/wp-json\/wp\/v2\/categories?post=6326"},{"taxonomy":"post_tag","embeddable":true,"href":"https:\/\/friburgonoticias.com.br\/temp\/wp-json\/wp\/v2\/tags?post=6326"}],"curies":[{"name":"wp","href":"https:\/\/api.w.org\/{rel}","templated":true}]}}