{"id":6332,"date":"2025-12-10T12:02:04","date_gmt":"2025-12-10T12:02:04","guid":{"rendered":"https:\/\/friburgonoticias.com.br\/temp\/2025\/12\/10\/conselho-de-etica-segue-com-oitiva-de-testemunhas-sobre-ocupacao-do-plenario-noticias\/"},"modified":"2025-12-10T12:02:04","modified_gmt":"2025-12-10T12:02:04","slug":"conselho-de-etica-segue-com-oitiva-de-testemunhas-sobre-ocupacao-do-plenario-noticias","status":"publish","type":"post","link":"https:\/\/friburgonoticias.com.br\/temp\/2025\/12\/10\/conselho-de-etica-segue-com-oitiva-de-testemunhas-sobre-ocupacao-do-plenario-noticias\/","title":{"rendered":"Conselho de \u00c9tica segue com oitiva de testemunhas sobre ocupa\u00e7\u00e3o do Plen\u00e1rio &#8211; Not\u00edcias"},"content":{"rendered":"<p><\/p>\n<div>\n<div>\n<p class=\"g-artigo__data-hora\">\n                      10\/12\/2025 &#8211; 08:50 \u00a0\n                    <\/p>\n<div id=\"image-container-1231615\" class=\"image-container\" style=\"float: none; margin: 45px 0px; width: 100%;\" data-midia=\"1231615\">\n        <em>Renato Ara\u00fajo\/C\u00e2mara dos Deputados<\/em><\/p>\n<p>        Conselho de \u00c9tica e Decoro Parlamentar durante reuni\u00e3o\n        <\/p><\/div>\n<p>        O Conselho de \u00c9tica e Decoro Parlamentar da C\u00e2mara dos Deputados re\u00fane-se nesta quarta-feira (10), \u00e0s 12 horas, no plen\u00e1rio 16, para seguir com a oitiva de deputados acusados de adotar conduta incompat\u00edvel com o decoro parlamentar durante a ocupa\u00e7\u00e3o do Plen\u00e1rio, no in\u00edcio de agosto, e testemunhas do caso.<br \/>\n        Ser\u00e3o ouvidos os deputados Marcos Pollon (PL-MS), Marcel Van Hattem (Novo-RS) e Z\u00e9 Trov\u00e3o (PL-SC) e pessoas indicadas por eles e pelo relator, o deputado Moses Rodrigues (Uni\u00e3o-CE). As representa\u00e7\u00f5es (<a href=\"https:\/\/www.camara.leg.br\/proposicoesWeb\/prop_mostrarintegra?codteor=3004835&amp;filename=REP%2024\/2025\">REP 24\/25<\/a>, <a href=\"https:\/\/www.camara.leg.br\/proposicoesWeb\/prop_mostrarintegra?codteor=3004837&amp;filename=REP%2025\/2025\">REP 25\/25<\/a> e <a href=\"https:\/\/www.camara.leg.br\/proposicoesWeb\/prop_mostrarintegra?codteor=3004840&amp;filename=REP%2027\/2025\">REP 27\/25)<\/a> contra os parlamentares foram reunidas e s\u00e3o analisadas em conjunto.<\/p>\n<p>        Ap\u00f3s as oitivas, em reuni\u00e3o agendada inicialmente para as 16 horas, est\u00e1 prevista a discuss\u00e3o e vota\u00e7\u00e3o do parecer preliminar referente a representa\u00e7\u00e3o movida pelo partido Novo contra o deputado Lindbergh Farias (PT-RJ) (<a href=\"https:\/\/www.camara.leg.br\/proposicoesWeb\/prop_mostrarintegra?codteor=2975403&amp;filename=REP%209\/2025\">REP 9\/25<\/a>).<\/p>\n<p data-start=\"365\" data-end=\"640\">O relator, Fernando Rodolfo (PL-PE), apresentou parecer preliminar pela admissibilidade da representa\u00e7\u00e3o. O Novo acusa Lindbergh de divulgar, em redes sociais, imputa\u00e7\u00f5es falsas ao deputado Marcel van Hattem (Novo-RS).<\/p>\n<p data-start=\"642\" data-end=\"788\">A an\u00e1lise do parecer \u00e9 etapa inicial do processo no colegiado e pode levar \u00e0 abertura de investiga\u00e7\u00e3o sobre poss\u00edvel quebra de decoro parlamentar.<\/p>\n<p style=\"font-size: 0.8rem; font-weight: 700;\">Da Reda\u00e7\u00e3o \u2013 RL<\/p>\n<\/p><\/div>\n<\/p><\/div>\n<p><\/a><\/p>\n<p>Fonte: www.camara.leg.br<\/p>\n","protected":false},"excerpt":{"rendered":"<p>10\/12\/2025 &#8211; 08:50 \u00a0 Renato Ara\u00fajo\/C\u00e2mara dos Deputados Conselho de \u00c9tica e Decoro Parlamentar durante reuni\u00e3o O Conselho de \u00c9tica e Decoro Parlamentar da C\u00e2mara dos Deputados re\u00fane-se nesta quarta-feira (10), \u00e0s 12 horas, no plen\u00e1rio 16, para seguir com a oitiva de deputados acusados de adotar conduta incompat\u00edvel com o decoro parlamentar durante a [&hellip;]<\/p>\n","protected":false},"author":3,"featured_media":6333,"comment_status":"open","ping_status":"open","sticky":false,"template":"","format":"standard","meta":{"advanced_seo_description":"","jetpack_seo_html_title":"","jetpack_seo_noindex":false,"fifu_image_url":"https:\/\/www.camara.leg.br\/midias\/image\/2025\/12\/img20251209103903829-768x473.jpg","fifu_image_alt":"","_jetpack_memberships_contains_paid_content":false,"footnotes":"","jetpack_publicize_message":"","jetpack_publicize_feature_enabled":true,"jetpack_social_post_already_shared":true,"jetpack_social_options":{"image_generator_settings":{"template":"highway","default_image_id":0,"font":"","enabled":false},"version":2}},"categories":[107],"tags":[],"class_list":{"0":"post-6332","1":"post","2":"type-post","3":"status-publish","4":"format-standard","5":"has-post-thumbnail","7":"category-economia"},"jetpack_publicize_connections":[],"jetpack_featured_media_url":"https:\/\/i0.wp.com\/www.camara.leg.br\/midias\/image\/2025\/12\/img20251209103903829-768x473.jpg?fit=%2C&ssl=1","jetpack_sharing_enabled":true,"jetpack-related-posts":[],"_links":{"self":[{"href":"https:\/\/friburgonoticias.com.br\/temp\/wp-json\/wp\/v2\/posts\/6332","targetHints":{"allow":["GET"]}}],"collection":[{"href":"https:\/\/friburgonoticias.com.br\/temp\/wp-json\/wp\/v2\/posts"}],"about":[{"href":"https:\/\/friburgonoticias.com.br\/temp\/wp-json\/wp\/v2\/types\/post"}],"author":[{"embeddable":true,"href":"https:\/\/friburgonoticias.com.br\/temp\/wp-json\/wp\/v2\/users\/3"}],"replies":[{"embeddable":true,"href":"https:\/\/friburgonoticias.com.br\/temp\/wp-json\/wp\/v2\/comments?post=6332"}],"version-history":[{"count":0,"href":"https:\/\/friburgonoticias.com.br\/temp\/wp-json\/wp\/v2\/posts\/6332\/revisions"}],"wp:featuredmedia":[{"embeddable":true,"href":"https:\/\/friburgonoticias.com.br\/temp\/wp-json\/wp\/v2\/media\/6333"}],"wp:attachment":[{"href":"https:\/\/friburgonoticias.com.br\/temp\/wp-json\/wp\/v2\/media?parent=6332"}],"wp:term":[{"taxonomy":"category","embeddable":true,"href":"https:\/\/friburgonoticias.com.br\/temp\/wp-json\/wp\/v2\/categories?post=6332"},{"taxonomy":"post_tag","embeddable":true,"href":"https:\/\/friburgonoticias.com.br\/temp\/wp-json\/wp\/v2\/tags?post=6332"}],"curies":[{"name":"wp","href":"https:\/\/api.w.org\/{rel}","templated":true}]}}